{"id":384316,"date":"2025-09-12T03:23:14","date_gmt":"2025-09-12T03:23:14","guid":{"rendered":"https:\/\/www.europesays.com\/fr\/384316\/"},"modified":"2025-09-12T03:23:14","modified_gmt":"2025-09-12T03:23:14","slug":"550-auteurs-sont-attendus-en-dedicace","status":"publish","type":"post","link":"https:\/\/www.europesays.com\/fr\/384316\/","title":{"rendered":"550 auteurs sont attendus en d\u00e9dicace"},"content":{"rendered":"<p>Ce jeudi matin, la place de la Carri\u00e8re \u00e0 Nancy est en effervescence. Rien de surprenant puisque l\u2019on amorce le deuxi\u00e8me week-end du mois de septembre. Et donc Le Livre sur la place. Depuis plusieurs jours, les libraires sont \u00e0 pied d\u2019\u0153uvre sur les stands. Les livres arrivent par camions entiers et sont soigneusement dispos\u00e9s sous le portrait de leurs auteurs.<\/p>\n<p>Des auteurs comblant toutes les g\u00e9n\u00e9rations. \u00ab\u00a0Nous accueillerons 52 auteurs de litt\u00e9rature et 40 auteurs jeunesse qui fonctionnent tr\u00e8s bien <a href=\"https:\/\/www.estrepublicain.fr\/culture-loisirs\/2023\/09\/01\/auteurs-programme-dedicaces-l-indispensable-guide-pratique-du-livre-sur-la-place-de-nancy\" target=\"_blank\" rel=\"noopener\">au Livre sur la Place.<\/a> Et ce, gr\u00e2ce \u00e0 des auteurs fran\u00e7ais de tr\u00e8s grande qualit\u00e9. C\u2019est \u00e0 la fois beau et intelligent\u00a0\u00bb, souligne Emma Navarro, directrice de L\u2019Autre Rive qui mobilise quarante personnes durant ce long week-end.<\/p>\n<p>Rencontres fortes<\/p>\n<p>Un peu plus loin dans cette bulle litt\u00e9raire qu\u2019est le chapiteau, le Hall du Livre met sur le&#8230;<\/p>\n","protected":false},"excerpt":{"rendered":"Ce jeudi matin, la place de la Carri\u00e8re \u00e0 Nancy est en effervescence. Rien de surprenant puisque l\u2019on&hellip;\n","protected":false},"author":2,"featured_media":384317,"comment_status":"","ping_status":"","sticky":false,"template":"","format":"standard","meta":{"footnotes":""},"categories":[9635],"tags":[1111,11,1687,3602,1707,1704,1706,1705,1777,674,1011,27,775,22382,2410,3457,1702,1703,12,25],"class_list":{"0":"post-384316","1":"post","2":"type-post","3":"status-publish","4":"format-standard","5":"has-post-thumbnail","7":"category-nancy","8":"tag-actu","9":"tag-actualites","10":"tag-culture-loisirs","11":"tag-edition-bar-le-duc","12":"tag-edition-luneville","13":"tag-edition-nancy-et-agglomeration","14":"tag-edition-pont-a-mousson","15":"tag-edition-toul","16":"tag-eu","17":"tag-europe","18":"tag-fr","19":"tag-france","20":"tag-grand-est","21":"tag-le-livre-sur-la-place","22":"tag-livres-bd","23":"tag-meurthe-et-moselle","24":"tag-nancy","25":"tag-nancy-ville-54b","26":"tag-news","27":"tag-republique-francaise"},"share_on_mastodon":{"url":"https:\/\/pubeurope.com\/@fr\/115189186749110161","error":""},"_links":{"self":[{"href":"https:\/\/www.europesays.com\/fr\/wp-json\/wp\/v2\/posts\/384316","targetHints":{"allow":["GET"]}}],"collection":[{"href":"https:\/\/www.europesays.com\/fr\/wp-json\/wp\/v2\/posts"}],"about":[{"href":"https:\/\/www.europesays.com\/fr\/wp-json\/wp\/v2\/types\/post"}],"author":[{"embeddable":true,"href":"https:\/\/www.europesays.com\/fr\/wp-json\/wp\/v2\/users\/2"}],"replies":[{"embeddable":true,"href":"https:\/\/www.europesays.com\/fr\/wp-json\/wp\/v2\/comments?post=384316"}],"version-history":[{"count":0,"href":"https:\/\/www.europesays.com\/fr\/wp-json\/wp\/v2\/posts\/384316\/revisions"}],"wp:featuredmedia":[{"embeddable":true,"href":"https:\/\/www.europesays.com\/fr\/wp-json\/wp\/v2\/media\/384317"}],"wp:attachment":[{"href":"https:\/\/www.europesays.com\/fr\/wp-json\/wp\/v2\/media?parent=384316"}],"wp:term":[{"taxonomy":"category","embeddable":true,"href":"https:\/\/www.europesays.com\/fr\/wp-json\/wp\/v2\/categories?post=384316"},{"taxonomy":"post_tag","embeddable":true,"href":"https:\/\/www.europesays.com\/fr\/wp-json\/wp\/v2\/tags?post=384316"}],"curies":[{"name":"wp","href":"https:\/\/api.w.org\/{rel}","templated":true}]}}