{"id":384322,"date":"2025-09-12T03:27:38","date_gmt":"2025-09-12T03:27:38","guid":{"rendered":"https:\/\/www.europesays.com\/fr\/384322\/"},"modified":"2025-09-12T03:27:38","modified_gmt":"2025-09-12T03:27:38","slug":"bloquons-tout-a-montpellier-un-raz-de-maree-de-ras-le-bol","status":"publish","type":"post","link":"https:\/\/www.europesays.com\/fr\/384322\/","title":{"rendered":"\u00ab\u00a0Bloquons Tout\u00a0\u00bb \u00e0 Montpellier : un raz-de-mar\u00e9e de ras-le-bol"},"content":{"rendered":"<p>            Par<br \/>\n        <strong><br \/>\n            <a href=\"https:\/\/actu.fr\/auteur\/g-martin\" title=\"Consulter tous les articles de Gil Martin\" rel=\"nofollow noopener\" target=\"_blank\">Gil Martin<\/a><br \/>\n        <\/strong><\/p>\n<p>        Publi\u00e9 le<\/p>\n<p>            10 sept. 2025 \u00e0 17h50<br \/>\n        ; mis \u00e0 jour le 10 sept. 2025 \u00e0 18h31    <\/p>\n<p>Les ann\u00e9es se suivent et ne se ressemblent pas, dit-on\u2026 Pourtant, sous le r\u00e8gne d\u2019Emmanuel Macron, elles ont comme un petit air de famille. Apr\u00e8s les mobilisations massives dite de la \u00ab crise \u00bb des <strong>Gilets jaunes<\/strong>, celles spectaculaires contre la <strong>r\u00e9forme des retraites<\/strong>, il semble que le pays encha\u00eene sur <strong>une troisi\u00e8me vague<\/strong> de grandes manifestations.<\/p>\n<p class=\" wall-content\">\n<p>Une forte mobilisation\u00a0<\/p>\n<p class=\" wall-content\"><a href=\"https:\/\/actu.fr\/occitanie\/montpellier_34172\/montpellier-bloquons-tout-premier-pas-vers-la-greve-generale_63138373.html\" rel=\"nofollow noopener\" target=\"_blank\">Le mouvement citoyen \u00ab\u00a0Bloquons Tout\u00a0\u00bb a fortement rassembl\u00e9 \u00e0 Montpellier<\/a> ce mercredi 10 septembre 2025 -6 000 manifestants selon les autorit\u00e9s, plus de 8 000 voire jusqu\u2019\u00e0 10 000 selon les journalistes- et visiblement, il devrait y avoir encore beaucoup de monde dans les rues <strong>jeudi\u00a018 septembre prochain<\/strong> pour la manifestation nationale des syndicats (CGT, FO et CFDT). Surtout si les manifestants \u00ab\u00a0libres\u00a0\u00bb de ce 10 septembre rejoignent les salari\u00e9s la semaine prochaine.<\/p>\n<p>    <img   decoding=\"async\" loading=\"lazy\" src=\"https:\/\/www.europesays.com\/fr\/wp-content\/uploads\/2025\/09\/10-sept-1-sur-1-2-960x640.jpg\" alt=\"La com\u00e9die, point central du mouvement \u00e0 Montpellier\" width=\"960\" height=\"640\"\/><br \/>\n    La com\u00e9die, point central du mouvement \u00e0 Montpellier (\u00a9M\u00e9tropolitain)\u00ab\u00a0Continuer apr\u00e8s le 10 septembre\u00a0\u00bb<\/p>\n<p class=\" wall-content\">C\u2019est du moins l\u2019un des messages parmi les plus entendus dans les rues de Montpellier ce mercredi, et ce qu\u2019esp\u00e8rent Pascal et Sandrine, l\u2019un \u00e9ducateur et l\u2019autre assistante sociale, venus ensemble exprimer <strong>leur ras-le-bol\u2026 et leurs espoirs<\/strong> : \u00ab Il ne faut pas que ce mouvement populaire retombe comme un soufflet\u2026 C\u2019est pourquoi nous souhaitons retrouver le plus de personnes possible dans la rue le 18 septembre. Plus nous serons nombreux, plus il sera possible d\u2019obtenir une autre politique dans ce pays \u00bb.<\/p>\n<p>    <img   decoding=\"async\" loading=\"lazy\" src=\"https:\/\/www.europesays.com\/fr\/wp-content\/uploads\/2025\/09\/tempimagekwnaac-960x640.jpg\" alt=\"Des messages injurieux en faveur du pr\u00e9sident de la R\u00e9publique affluent dans les rues de Montpellier\" width=\"960\" height=\"640\"\/><br \/>\n    Des messages injurieux en faveur du pr\u00e9sident de la R\u00e9publique affluent dans les rues de Montpellier (\u00a9JP \/ M\u00e9tropolitain)Vid\u00e9os : en ce moment sur Actu<\/p>\n<blockquote class=\"ac-article-quote wall-content\">\n<p>\u00ab\u00a0On entend que les Fran\u00e7ais ne travaillent pas assez, qu\u2019il faut faire des efforts, qu\u2019on est capricieux et fain\u00e9ants. Je suis d\u00e9gout\u00e9. Je veux que \u00e7a change. Maintenant\u00a0\u00bb<\/p>\n<p>    <strong>Anthony, 24 ans<\/strong>\n            <\/p><\/blockquote>\n<p class=\" wall-content\">Ils sont des dizaines \u00e0 exhorter les manifestants \u00e0 revenir battre le pav\u00e9 la semaine prochaine. Certains, qui d\u00e9fendent leur \u00ab\u00a0ind\u00e9pendance\u00a0\u00bb, rechignent, assurant qu\u2019ils ne veulent pas se m\u00ealer aux syndicats pas peur d\u2019une \u00ab\u00a0r\u00e9cup\u00e9ration\u00a0\u00bb\u2026 Mais la plupart approuvent l\u2019id\u00e9e.<\/p>\n<p>Votre r\u00e9gion, votre actu !<\/p>\n<p>Recevez chaque jour les infos qui comptent pour vous.<\/p>\n<p>\t<a href=\"https:\/\/actu.fr\/newsletter\" class=\"ac-btn ac-btn--corner ac-btn--medium ac-btn--blue800\" rel=\"nofollow noopener\" target=\"_blank\">S&rsquo;incrire<\/a><\/p>\n<p>    <img   decoding=\"async\" loading=\"lazy\" src=\"https:\/\/www.europesays.com\/fr\/wp-content\/uploads\/2025\/09\/10-sept-1-sur-1-12-960x640.jpg\" alt=\"Des cris de revendications retentissent dans la capitale h\u00e9raultaise\" width=\"960\" height=\"640\"\/><br \/>\n    Des cris de revendications retentissent dans la capitale h\u00e9raultaise (\u00a9AH\/M\u00e9tropolitain)<\/p>\n<p class=\" wall-content\">En revanche, <strong>il n\u2019y a pas d\u00e9bat<\/strong> sur les principales revendications dont les deux plus essentielles, \u00ab <strong>Macron d\u00e9mission<\/strong> \u00bb et \u00ab <strong>Non \u00e0 l\u2019aust\u00e9rit\u00e9<\/strong> \u00bb, claquent tout au long du cort\u00e8ge, d\u00e9clin\u00e9es en divers slogans et chansons.<\/p>\n<p>    <img   decoding=\"async\" loading=\"lazy\" src=\"https:\/\/www.europesays.com\/fr\/wp-content\/uploads\/2025\/09\/photo-manif-peyrou-960x640.jpg\" alt=\"Vue du cort\u00e8ge depuis le Peyrou : 6000 personnes selon la police, au moins 8000 selon les journalistes\" width=\"960\" height=\"640\"\/><br \/>\n    Vue du cort\u00e8ge depuis le Peyrou : 6 000 personnes selon la police, au moins 8 000 selon les journalistes (\u00a9Gil Martin\/M\u00e9tropolitain)Contre l\u2019aust\u00e9rit\u00e9, pour le droit de vivre<\/p>\n<p class=\" wall-content\">Ce mouvement Bloquons tout, auquel <strong>a adh\u00e9r\u00e9 toute une jeunesse antifascite, <\/strong>n\u2019est pas sans rappeler celui des Gilets jaunes : pas de responsables ou de leaders identifi\u00e9s, mots d\u2019ordre diffus\u00e9s sur les r\u00e9seaux sociaux, AG organis\u00e9es dans les villes (dont le mardi soir \u00e0 Montpellier sur les marches du Corum). Prot\u00e9iforme, il a offert l\u2019opportunit\u00e9 \u00e0 des milliers de citoyens de descendre dans la rue exprimer leurs revendications mais surtout \u00a0leur col\u00e8re contre l<strong>a politique d\u2019aust\u00e9rit\u00e9 du gouvernement<\/strong>, un sentiment de m\u00e9pris attis\u00e9 par la nomination la vielle d\u2019un nouveau 1er ministre de droite.<\/p>\n<p>    <a href=\"https:\/\/www.google.com\/maps\/embed?pb=!1m18!1m12!1m3!1d2888.913022150453!2d3.877263475573283!3d43.6083525711042!2m3!1f0!2f0!3f0!3m2!1i1024!2i768!4f13.1!3m3!1m2!1s0x12b6afa72363e659%3A0xd0506fe7ed79447c!2zQ29tw6lkaWU!5e0!3m2!1sfr!2sfr!4v1757547109645!5m2!1sfr!2sfr\" title=\"Ouvrie le lien\" rel=\"nofollow noopener\" target=\"_blank\">Cliquez ici pour visualiser le contenu<\/a><\/p>\n<p>\u00ab\u00a0La culpabilisation, \u00e7a sufit !\u00a0\u00bb<\/p>\n<p class=\" wall-content\">Ce ne sont pas les seules : des revendications, il y en a des dizaines, \u00e0 l\u2019image de ce mouvement social multiple, \u00e9parpill\u00e9es dans tout le cort\u00e8ge, des droits LGTBQIA+ \u00e0 la lib\u00e9ration de la Palestine, des violences fa\u00eetes aux femmes au budget de la culture, du logement social \u00e0 la taxation des ultra-riches.. Mais ce que souhaitent la tr\u00e8s grande majorit\u00e9 des manifestants, c\u2019est d\u2019\u00eatre entendus, ne plus \u00eatre m\u00e9pris\u00e9s : \u00ab Les <strong>discours infantilisant et culpabilisant<\/strong> des riches, \u00e7a suffit \u00bb, tonne Antony, visant le pr\u00e9sident et ses ministres. Jeune salari\u00e9 du priv\u00e9 de 24 ans, il est \u00ab gav\u00e9 \u00bb : \u00ab Je bosse depuis mes 19 ans, je gagne aujourd\u2019hui moins qu\u2019avant ! En 5 ans, j\u2019ai perdu plus de 200 \u20ac de pouvoir d\u2019achat par mois\u2026 J\u2019entends que les Fran\u00e7ais ne travaillent pas assez, qu\u2019il faut faire des efforts, qu\u2019on est capricieux et fain\u00e9ants. Je suis d\u00e9gout\u00e9. Je veux que \u00e7a change. Maintenant \u00bb.<\/p>\n<p>    <img   decoding=\"async\" loading=\"lazy\" src=\"https:\/\/www.europesays.com\/fr\/wp-content\/uploads\/2025\/09\/tempimagenicwzs-960x640.jpg\" alt=\"Les propositions de budget de Fran\u00e7ois Bayrou vivement critiqu\u00e9es\" width=\"960\" height=\"640\"\/><br \/>\n    Les propositions de budget de Fran\u00e7ois Bayrou vivement critiqu\u00e9es (\u00a9JP \/ M\u00e9tropolitain)<\/p>\n<p class=\" wall-content\">Ce mercredi, ils ont essay\u00e9. Medhi n\u2019est pas s\u00fbr que cette <strong>aspiration \u00e0 mieux vivre<\/strong> sera prise en compte par nos gouvernants, mais il assure qu\u2019il ne l\u00e2chera pas l\u2019affaire : \u00ab On ne peut pas s\u2019arr\u00eater aujourd\u2019hui. Il faut continuer. Peut-\u00eatre qu\u2019\u00e0 Paris, ils pensent que ce mouvement est d\u00e9j\u00e0 pass\u00e9\u2026 J\u2019esp\u00e8re au contraire que ce n\u2019est que le d\u00e9but \u00bb.<\/p>\n<p>\u00c0 17h45, selon la pr\u00e9fecture, 500 manifestants \u00e9taient toujours rassembl\u00e9s dans le coeur de ville et une cinquantaine devant le commissariat central, exigeant la lib\u00e9ration des 22 d\u2019entre-eux interpell\u00e9s et plac\u00e9s en garde \u00e0 vue.<\/p>\n<p class=\" wall-content\">.<\/p>\n<p class=\" wall-content\">Personnalisez votre actualit\u00e9 en ajoutant vos villes et m\u00e9dias en favori avec <a href=\"https:\/\/moncompte.actu.fr\" title=\"D\u00e9couvez Mon Actu\" rel=\"nofollow noopener\" data-trk=\"{&quot;cta&quot;:{&quot;action&quot;:&quot;https:\\\/\\\/moncompte.actu.fr&quot;,&quot;category&quot;:&quot;mon compte&quot;,&quot;from&quot;:&quot;article footer&quot;,&quot;name&quot;:&quot;Mon actu&quot;,&quot;type&quot;:&quot;cta&quot;}}\" target=\"_blank\">Mon Actu<\/a>.<\/p>\n","protected":false},"excerpt":{"rendered":"Par Gil Martin Publi\u00e9 le 10 sept. 2025 \u00e0 17h50 ; mis \u00e0 jour le 10 sept. 2025&hellip;\n","protected":false},"author":2,"featured_media":384323,"comment_status":"","ping_status":"","sticky":false,"template":"","format":"standard","meta":{"footnotes":""},"categories":[9599],"tags":[1111,11,47212,1777,674,1011,27,2208,12,2680,25,104],"class_list":{"0":"post-384322","1":"post","2":"type-post","3":"status-publish","4":"format-standard","5":"has-post-thumbnail","7":"category-montpellier","8":"tag-actu","9":"tag-actualites","10":"tag-bloquons-tout","11":"tag-eu","12":"tag-europe","13":"tag-fr","14":"tag-france","15":"tag-montpellier","16":"tag-news","17":"tag-occitanie","18":"tag-republique-francaise","19":"tag-societe"},"share_on_mastodon":{"url":"https:\/\/pubeurope.com\/@fr\/115189202615518271","error":""},"_links":{"self":[{"href":"https:\/\/www.europesays.com\/fr\/wp-json\/wp\/v2\/posts\/384322","targetHints":{"allow":["GET"]}}],"collection":[{"href":"https:\/\/www.europesays.com\/fr\/wp-json\/wp\/v2\/posts"}],"about":[{"href":"https:\/\/www.europesays.com\/fr\/wp-json\/wp\/v2\/types\/post"}],"author":[{"embeddable":true,"href":"https:\/\/www.europesays.com\/fr\/wp-json\/wp\/v2\/users\/2"}],"replies":[{"embeddable":true,"href":"https:\/\/www.europesays.com\/fr\/wp-json\/wp\/v2\/comments?post=384322"}],"version-history":[{"count":0,"href":"https:\/\/www.europesays.com\/fr\/wp-json\/wp\/v2\/posts\/384322\/revisions"}],"wp:featuredmedia":[{"embeddable":true,"href":"https:\/\/www.europesays.com\/fr\/wp-json\/wp\/v2\/media\/384323"}],"wp:attachment":[{"href":"https:\/\/www.europesays.com\/fr\/wp-json\/wp\/v2\/media?parent=384322"}],"wp:term":[{"taxonomy":"category","embeddable":true,"href":"https:\/\/www.europesays.com\/fr\/wp-json\/wp\/v2\/categories?post=384322"},{"taxonomy":"post_tag","embeddable":true,"href":"https:\/\/www.europesays.com\/fr\/wp-json\/wp\/v2\/tags?post=384322"}],"curies":[{"name":"wp","href":"https:\/\/api.w.org\/{rel}","templated":true}]}}