{"id":384383,"date":"2025-09-12T04:02:18","date_gmt":"2025-09-12T04:02:18","guid":{"rendered":"https:\/\/www.europesays.com\/fr\/384383\/"},"modified":"2025-09-12T04:02:18","modified_gmt":"2025-09-12T04:02:18","slug":"leurope-ouvre-en-hausse-les-yeux-rives-sur-la-bce-boursorama","status":"publish","type":"post","link":"https:\/\/www.europesays.com\/fr\/384383\/","title":{"rendered":"L&#039;Europe ouvre en hausse, les yeux riv\u00e9s sur la BCE &#8211; Boursorama"},"content":{"rendered":"<ol>\n<li><a href=\"https:\/\/news.google.com\/rss\/articles\/CBMixwFBVV95cUxNazFOV29ZUGY4eHkxR3ZBWUVqUmRvNm1VbFFSQWlkeDNMOTMxWWNsUUNBUnJXc3hWdU1NbVg0THF1R0RDT083X1hNVGRMMjFHRU5jQmlsYTRvaEY0X1U5SXlPTkNwY1I5eEY4T2cydWU1djMtX0FOZ2NKMDUyWlJVaV9Cc2xtd20tTk9TaklZNE8xSkFLdk9mMmlwMVprYk9TTHRrQ2k4UWhRZ1pRV0pNQjNxZmY0X1NoRWJHcnY0bmU0ZjlLOEFR0gHMAUFVX3lxTFBZWnBGNnhaVTVBVDFRSzFhdzQwZDlwNlZzZThwR2tldVNxcjhfWVcyZTFVMkZ6bFpzN2g4S2luU2k1QUJsdlJTelJ0Uzhtc3ZJV2lzSHhvRDl5Q2lNOXQxYkFzOVBRVG5lR2NQd1Q1cjJ1WHNub0RqbWZjdXg4WFE2TG5NZGl2OWE0VjExaWNwOWt2ODF2VDl4Z3M2V0ExdDd2LUZxVlV0elU4LTVkeUIxZEZoTHptX2lSUktiM1JLdU5GNk94bHc4QjBETQ?oc=5\" target=\"_blank\" rel=\"noopener\">L&rsquo;Europe ouvre en hausse, les yeux riv\u00e9s sur la BCE<\/a>&nbsp;&nbsp;Boursorama<\/li>\n<li><a href=\"https:\/\/news.google.com\/rss\/articles\/CBMihwJBVV95cUxQby1TTm93UlJYYmJYZ24zaUp2aDNueWxKcEJ4M05oUDl3U2hxdDkwTFhLeDVzeDU1VGdrVXBEV0J3OEhZVFJsdVF1MGtjeWN3TmdaV1B6akRQbWZTQnpMTG9FUWFLYVczWUtCbFdyTWR6UXlweVpMNkFmbnV1c3RNbXZJR0J5aGNEZXhJZ3pval9uTnZiZkxJS2xWRVFaVmNSLUl0dEdmUWVkN0pBMXE3RkVzTHNKWUNHYnBTajd3TUVCWFJ0OTZ4MGdGbk1QMUlqUVU0RlY3bnZhQU9zZ2hlRHVVUTRTTGtlaXo1STlmT0RPWnVlLTZaZ0RJemVQNU1saWlVS05tcw?oc=5\" target=\"_blank\" rel=\"noopener\">Des \u00ab taxes Trump \u00bb au budget Macron, les incertitudes contraignent la Banque centrale europ\u00e9enne \u00e0 l\u2019attentisme<\/a>&nbsp;&nbsp;Le Monde.fr<\/li>\n<li><a href=\"https:\/\/news.google.com\/rss\/articles\/CBMi8gFBVV95cUxOQ0swVzRVNzdVYi12YmE5dkJaeHRnWEJQaHdENFNHWHpQN0llOGdwY2hSa3lqcUpvYXJSOTlKeXNWc2pYbVZFdzFGOUtONnJfZ0lpTDVDYTNCSmhYeXRRek1UUFFUeDR5MkQ3R090NGxMQ20xME43TWtyUWptU0tDM1N5Q1FTTWVHOFpmNkhoZzVUNG1JQklzN2x6cnkyTFg4VmJYNjR4UWIzNUo3S09CdVl0MzZDcy15RjZ4ejloTjVWY2s3c1BKZUJSOU9qUzBlWThoZmhYQUZ5X1FYYlY2U3dZZlh3WnphcXd1VHJoVkllQQ?oc=5\" target=\"_blank\" rel=\"noopener\">La BCE maintient son principal taux directeur inchang\u00e9 \u00e0 2% et rehausse ses pr\u00e9visions d\u2019inflation pour 2025 et 2026<\/a>&nbsp;&nbsp;Le Figaro<\/li>\n<li><a href=\"https:\/\/news.google.com\/rss\/articles\/CBMizAFBVV95cUxQWHFReXBaU1JGNjRsQlBOUU4zNFNsTDc3WEhCSHE2WFF1b2tNSWt4VE1pR3IxRjV4UnNyeXkxdHFnQzB2NldFVmxqSmhvUDNXTE9jaDRkSWFmR1hfSGNUSFBZemdRM25RdVJfRDdNUF9aYU53ZjNHd3oxaVhSN19sR1lOSmVsTmk3X2FGZ3FuT3BrbURucDkxVllvZXdzSnRHOXZCLUpWZThRdzBCTVMyX1pqNnhqaFlxdXZHNlVSTHR3NERzblpndUpVa0LSAdIBQVVfeXFMUHAtQUNTSElVLXIzMC1MTG9rU3BoZk9qMGNpbGFzVXR4Tk1vRWZyQ2R4NkQ0cW03SzZocElFMkVQTVhKR0N1ZWlWRUxLZzZGUy05STUybEVFU3dkNnY2MUVJbi1yZVBUeGd2aVFXOGp0ejV1R0szWHFfRU1wUElSSzhDWF9rWnhWYTRmaHMwN3RzRTMtY3RiWkcxSEE0d1FBajE1RDd1b0tJZ2hhbEsyMXpfWlladG44QTBGRWJfc01LdkJBYVl3TW5MdUxDb2VSTjFn?oc=5\" target=\"_blank\" rel=\"noopener\">Mi-s\u00e9ance Paris : quatri\u00e8me s\u00e9ance de hausse pour le CAC 40, nouveaux sommets pour Airbus&#8230;<\/a>&nbsp;&nbsp;Fortuneo<\/li>\n<li><a href=\"https:\/\/news.google.com\/rss\/articles\/CBMiwwFBVV95cUxQN3F4T0pJeWVkdFpNUzFDZXJVbWd2NmFCa2VsRnJVc0ExNzNGdTVNN3VnQzh4Wkw5Z0FjeDlxckR1MnFxd1lFRFVfQkstZVBVdWthM1dSOG41OC16TVFPUFM0dzh0Qm1nb1luSW5zN0RLWElXUDJ4ME94RTJfeVlkaWFkZFdaMXJVTzNScnFRRmdBQ2FtbnJBS0wxdm1WR3pjeW1ncEt5WXdfSEFjeXhyamw5alR2amE4OU9fc1prYkd2SHM?oc=5\" target=\"_blank\" rel=\"noopener\">BCE : la croissance revue \u00e0 la hausse, vigilance sur l\u2019inflation<\/a>&nbsp;&nbsp;La Tribune<\/li>\n<\/ol>\n","protected":false},"excerpt":{"rendered":"L&rsquo;Europe ouvre en hausse, les yeux riv\u00e9s sur la BCE&nbsp;&nbsp;Boursorama Des \u00ab taxes Trump \u00bb au budget Macron,&hellip;\n","protected":false},"author":2,"featured_media":384384,"comment_status":"","ping_status":"","sticky":false,"template":"","format":"standard","meta":{"footnotes":""},"categories":[1586],"tags":[400,11,398,408,405,1777,674,1011,27,403,402,399,404,12,25,401,406,407],"class_list":{"0":"post-384383","1":"post","2":"type-post","3":"status-publish","4":"format-standard","5":"has-post-thumbnail","7":"category-europe","8":"tag-action-cac-40","9":"tag-actualites","10":"tag-bourse-de-paris","11":"tag-boursorama","12":"tag-cotations","13":"tag-eu","14":"tag-europe","15":"tag-fr","16":"tag-france","17":"tag-indices-devises","18":"tag-investir","19":"tag-investissement","20":"tag-marche-boursier","21":"tag-news","22":"tag-republique-francaise","23":"tag-sicav","24":"tag-trackers","25":"tag-warrants"},"share_on_mastodon":{"url":"https:\/\/pubeurope.com\/@fr\/115189340125503659","error":""},"_links":{"self":[{"href":"https:\/\/www.europesays.com\/fr\/wp-json\/wp\/v2\/posts\/384383","targetHints":{"allow":["GET"]}}],"collection":[{"href":"https:\/\/www.europesays.com\/fr\/wp-json\/wp\/v2\/posts"}],"about":[{"href":"https:\/\/www.europesays.com\/fr\/wp-json\/wp\/v2\/types\/post"}],"author":[{"embeddable":true,"href":"https:\/\/www.europesays.com\/fr\/wp-json\/wp\/v2\/users\/2"}],"replies":[{"embeddable":true,"href":"https:\/\/www.europesays.com\/fr\/wp-json\/wp\/v2\/comments?post=384383"}],"version-history":[{"count":0,"href":"https:\/\/www.europesays.com\/fr\/wp-json\/wp\/v2\/posts\/384383\/revisions"}],"wp:featuredmedia":[{"embeddable":true,"href":"https:\/\/www.europesays.com\/fr\/wp-json\/wp\/v2\/media\/384384"}],"wp:attachment":[{"href":"https:\/\/www.europesays.com\/fr\/wp-json\/wp\/v2\/media?parent=384383"}],"wp:term":[{"taxonomy":"category","embeddable":true,"href":"https:\/\/www.europesays.com\/fr\/wp-json\/wp\/v2\/categories?post=384383"},{"taxonomy":"post_tag","embeddable":true,"href":"https:\/\/www.europesays.com\/fr\/wp-json\/wp\/v2\/tags?post=384383"}],"curies":[{"name":"wp","href":"https:\/\/api.w.org\/{rel}","templated":true}]}}