{"id":384387,"date":"2025-09-12T04:04:12","date_gmt":"2025-09-12T04:04:12","guid":{"rendered":"https:\/\/www.europesays.com\/fr\/384387\/"},"modified":"2025-09-12T04:04:12","modified_gmt":"2025-09-12T04:04:12","slug":"lex-president-bresilien-bolsonaro-condamne-pour-tentative-de-coup-detat-malgre-la-pression-de-trump","status":"publish","type":"post","link":"https:\/\/www.europesays.com\/fr\/384387\/","title":{"rendered":"L\u2019ex-pr\u00e9sident br\u00e9silien Bolsonaro condamn\u00e9 pour tentative de coup d\u2019\u00c9tat, malgr\u00e9 la pression de Trump"},"content":{"rendered":"<p>        <img decoding=\"async\" loading=\"lazy\" src=\"https:\/\/www.europesays.com\/fr\/wp-content\/uploads\/2025\/09\/39e8265_upload-1-bjmfeea1yfdv-afp-20190319-1eu0le-v5-highres-usbrazilpoliticstrumpbolsonaro.jpg\"  width=\"728\" height=\"409\" alt=\"L\u2019ex-pr\u00e9sident br\u00e9silien Jair Bolsonaro lors d\u2019une visite \u00e0 Washington avec Donald Trump, photographi\u00e9s ici en mai 2019.\"\/>  <\/p>\n<p>JIM WATSON \/ AFP<\/p>\n<p>L\u2019ex-pr\u00e9sident br\u00e9silien Jair Bolsonaro lors d\u2019une visite \u00e0 Washington avec Donald Trump, photographi\u00e9s ici en mai 2019.<\/p>\n<p class=\"asset asset-text\">INTERNATIONAL &#8211; Les \u00c9tats-Unis promettent d\u00e9j\u00e0 des repr\u00e9sailles. L\u2019ex-pr\u00e9sident br\u00e9silien d\u2019extr\u00eame droite <a href=\"https:\/\/www.huffingtonpost.fr\/international\/article\/au-bresil-le-parquet-reclame-la-condamnation-de-bolsonaro-pour-coup-d-etat-il-clame-son-innocence_252637.html\" target=\"_blank\" rel=\"noopener\">Jair Bolsonaro<\/a> a \u00e9t\u00e9 condamn\u00e9 \u00e0 27\u00a0ans de prison ce jeudi 11\u00a0septembre \u00e0 son proc\u00e8s pour tentative de coup d\u2019\u00c9tat. Apr\u00e8s sa d\u00e9faite en 2022, il \u00e9tait accus\u00e9 d\u2019avoir voulu emp\u00eacher le retour au pouvoir du pr\u00e9sident \u00e9lu<a href=\"https:\/\/www.huffingtonpost.fr\/international\/article\/lula-propose-a-macron-de-venir-discuter-de-l-accord-ue-mercosur-avec-les-agriculteurs-pour-les-rassurer_250980.html\" target=\"_blank\" rel=\"noopener\"> Luiz Inacio Lula da\u00a0Silva<\/a>.<\/p>\n<p class=\"asset asset-text\">Le <a href=\"https:\/\/www.huffingtonpost.fr\/international\/article\/a-chicago-les-sorties-de-trump-inquietent-il-menace-d-entrer-en-guerre-contre-une-ville-americaine_254510.html\" target=\"_blank\" rel=\"noopener\">pr\u00e9sident am\u00e9ricain Donald Trump<\/a>, qui avait tout fait ces derni\u00e8res semaines pour \u00e9viter cet \u00e9pilogue \u00e0 son alli\u00e9 d\u2019extr\u00eame droite, a qualifi\u00e9 la condamnation de Bolsonaro de \u00ab\u00a0tr\u00e8s surprenante\u00a0\u00bb. \u00a0\u00ab\u00a0\u00c7a ressemble vraiment \u00e0 ce qu\u2019ils ont essay\u00e9 de faire avec moi\u00a0\u00bb, a accus\u00e9 le pr\u00e9sident am\u00e9ricain lors d\u2019un \u00e9change avec la presse.<\/p>\n<p class=\"asset asset-text\">Par un score de 4 \u00e0 1 apr\u00e8s le vote du juge Cristiano Zanin, cinqui\u00e8me et dernier magistrat \u00e0 se prononcer, la Cour supr\u00eame a d\u00e9clar\u00e9 coupable l\u2019ex-pr\u00e9sident (2019-2022), \u00e2g\u00e9 de 70\u00a0ans, le condamnant pr\u00e9cis\u00e9ment \u00e0 27\u00a0ans et trois mois de prison.<\/p>\n<p class=\"asset asset-text\">Reconnu chef d\u2019une \u00ab\u00a0organisation criminelle\u00a0\u00bb ayant conspir\u00e9 pour assurer son \u00ab\u00a0maintien autoritaire au pouvoir\u00a0\u00bb, Jair Bolsonaro risquait jusqu\u2019\u00e0 43\u00a0ans de prison. C\u2019est la premi\u00e8re fois qu\u2019un ancien chef de l\u2019\u00c9tat devait r\u00e9pondre \u00e0 de telles accusations, dans un pays encore hant\u00e9 par le souvenir de la dictature militaire (1964-1985).<\/p>\n<p>                     Des recours de la d\u00e9fense    <\/p>\n<p class=\"asset asset-text\">In\u00e9ligible jusqu\u2019en 2030 et assign\u00e9 \u00e0 r\u00e9sidence \u00e0 Brasilia depuis d\u00e9but ao\u00fbt pour des soup\u00e7ons d\u2019entrave \u00e0 son proc\u00e8s, Jair\u00a0Bolsonaro\u00a0n\u2019\u00e9tait pas pr\u00e9sent aux audiences, pour motif de sant\u00e9 selon sa d\u00e9fense.<\/p>\n<p class=\"asset asset-text\">La d\u00e9fense de l\u2019ancien pr\u00e9sident a annonc\u00e9 qu\u2019elle allait d\u00e9poser des recours quelques heures apr\u00e8s la d\u00e9cision, inspir\u00e9e par le seul juge ayant vot\u00e9 pour l\u2019acquittement, Luiz Fux, qui avait \u00e9voqu\u00e9 un manque de preuves.<\/p>\n<p class=\"asset asset-text\">\u00ab\u00a0La d\u00e9fense consid\u00e8re que les peines prononc\u00e9es sont incroyablement excessives et disproportionn\u00e9es et, apr\u00e8s avoir analys\u00e9 les termes de l\u2019arr\u00eat, elle d\u00e9posera les recours appropri\u00e9s, y compris au niveau international\u00a0\u00bb, selon un communiqu\u00e9 publi\u00e9 sur le r\u00e9seau social X par Fabio Wajngarten, collaborateur de l\u2019ancien chef d\u2019\u00c9tat.<\/p>\n<p>                     Trump avait d\u00e9nonc\u00e9 une \u00ab\u00a0chasse aux sorci\u00e8res\u00a0\u00bb    <\/p>\n<p class=\"asset asset-text\">L\u2019affaire\u00a0Bolsonaro\u00a0est donc aussi \u00e0 l\u2019origine d\u2019une crise sans pr\u00e9c\u00e9dent entre la premi\u00e8re puissance d\u2019Am\u00e9rique latine et les \u00c9tats-Unis.<\/p>\n<p class=\"asset asset-text\">D\u00e9non\u00e7ant une \u00ab\u00a0chasse aux sorci\u00e8res\u00a0\u00bb contre son alli\u00e9 d\u2019extr\u00eame droite, le pr\u00e9sident am\u00e9ricain Donald Trump a impos\u00e9 une surtaxe punitive de 50\u00a0% sur une part importante des exportations br\u00e9siliennes.<\/p>\n<p class=\"asset asset-text\">Washington a \u00e9galement annul\u00e9 les visas de plusieurs juges de la Cour supr\u00eame br\u00e9silienne et inflig\u00e9 des sanctions financi\u00e8res \u00e0 l\u2019un d\u2019entre eux, Alexandre de Moraes, rapporteur du proc\u00e8s\u00a0Bolsonaro.<\/p>\n","protected":false},"excerpt":{"rendered":"JIM WATSON \/ AFP L\u2019ex-pr\u00e9sident br\u00e9silien Jair Bolsonaro lors d\u2019une visite \u00e0 Washington avec Donald Trump, photographi\u00e9s ici&hellip;\n","protected":false},"author":2,"featured_media":384388,"comment_status":"","ping_status":"","sticky":false,"template":"","format":"standard","meta":{"footnotes":""},"categories":[2],"tags":[11,2548,51720,75,1011,27,14,35977,12,25],"class_list":{"0":"post-384387","1":"post","2":"type-post","3":"status-publish","4":"format-standard","5":"has-post-thumbnail","7":"category-actualites","8":"tag-actualites","9":"tag-bresil","10":"tag-coup-d-etat","11":"tag-donald-trump","12":"tag-fr","13":"tag-france","14":"tag-international","15":"tag-jair-bolsonaro","16":"tag-news","17":"tag-republique-francaise"},"share_on_mastodon":{"url":"https:\/\/pubeurope.com\/@fr\/115189348204037451","error":""},"_links":{"self":[{"href":"https:\/\/www.europesays.com\/fr\/wp-json\/wp\/v2\/posts\/384387","targetHints":{"allow":["GET"]}}],"collection":[{"href":"https:\/\/www.europesays.com\/fr\/wp-json\/wp\/v2\/posts"}],"about":[{"href":"https:\/\/www.europesays.com\/fr\/wp-json\/wp\/v2\/types\/post"}],"author":[{"embeddable":true,"href":"https:\/\/www.europesays.com\/fr\/wp-json\/wp\/v2\/users\/2"}],"replies":[{"embeddable":true,"href":"https:\/\/www.europesays.com\/fr\/wp-json\/wp\/v2\/comments?post=384387"}],"version-history":[{"count":0,"href":"https:\/\/www.europesays.com\/fr\/wp-json\/wp\/v2\/posts\/384387\/revisions"}],"wp:featuredmedia":[{"embeddable":true,"href":"https:\/\/www.europesays.com\/fr\/wp-json\/wp\/v2\/media\/384388"}],"wp:attachment":[{"href":"https:\/\/www.europesays.com\/fr\/wp-json\/wp\/v2\/media?parent=384387"}],"wp:term":[{"taxonomy":"category","embeddable":true,"href":"https:\/\/www.europesays.com\/fr\/wp-json\/wp\/v2\/categories?post=384387"},{"taxonomy":"post_tag","embeddable":true,"href":"https:\/\/www.europesays.com\/fr\/wp-json\/wp\/v2\/tags?post=384387"}],"curies":[{"name":"wp","href":"https:\/\/api.w.org\/{rel}","templated":true}]}}