{"id":384389,"date":"2025-09-12T04:05:16","date_gmt":"2025-09-12T04:05:16","guid":{"rendered":"https:\/\/www.europesays.com\/fr\/384389\/"},"modified":"2025-09-12T04:05:16","modified_gmt":"2025-09-12T04:05:16","slug":"le-salaire-de-benjamin-pavard-avec-lom","status":"publish","type":"post","link":"https:\/\/www.europesays.com\/fr\/384389\/","title":{"rendered":"Le salaire de Benjamin Pavard avec l\u2019OM"},"content":{"rendered":"<p><img fetchpriority=\"high\" decoding=\"async\" width=\"620\" height=\"413\" src=\"https:\/\/www.europesays.com\/fr\/wp-content\/uploads\/2025\/09\/Benjamin-Pavard-620x413.jpg\" alt=\"Salaire. Combien gagne Benjamin Pavard avec l\u2019Olympique de Marseille ?\" class=\"wp-image-377193\"  \/>Benjamin Pavard a rejoint l\u2019Olympique de Marseille. Qui aurait la charge de son salaire.<\/p>\n<p>Un nouveau champion du monde pour l\u2019<a href=\"https:\/\/sportune.20minutes.fr\/olympique-de-marseille-om\" target=\"_blank\" rel=\"noopener\">Olympique de Marseille<\/a>. C\u2019est le jolie coup r\u00e9ussi en toute fin de mercato avec Benjamin Pavard, pr\u00eat\u00e9 pour la saison par l\u2019<a href=\"https:\/\/sportune.20minutes.fr\/fc-inter-milan\" target=\"_blank\" rel=\"noopener\">Inter Milan<\/a>. L\u2019op\u00e9ration est payante, estim\u00e9e \u00e0 hauteur de 2,5 millions d\u2019euros et assortie d\u2019une option d\u2019achat qui ne serait pas obligatoire est \u00e9voqu\u00e9e \u00e0 15 millions d\u2019euros.<\/p>\n<p>L\u2019<a href=\"https:\/\/sportune.20minutes.fr\/fc-inter-milan\" target=\"_blank\" rel=\"noopener\">Inter Milan<\/a> souhaitait all\u00e9ger sa masse salariale, raison pour laquelle le club lombard a consenti au d\u00e9part de son joueur. Des sources diff\u00e8rent \u00e0 ce sujet, mais selon le sp\u00e9cialiste italien du mercato, Fabrizio Romano, l\u2019<a href=\"https:\/\/sportune.20minutes.fr\/olympique-de-marseille-om\" target=\"_blank\" rel=\"noopener\">Olympique de Marseille<\/a> doit avoir \u00e0 sa charge l\u2019int\u00e9gralit\u00e9 des \u00e9moluments du joueur.<\/p>\n<p>L\u2019un, sinon le joueur le mieux pay\u00e9 de l\u2019OM<\/p>\n<p>Auquel cas, ce sont pr\u00e8s de 545 000 euros mensuels bruts estim\u00e9s que le club phoc\u00e9en doit verser \u00e0 son d\u00e9fenseur. Cela ferait de Benjamin Pavard l\u2019un, voire peut-\u00eatre le joueur le mieux pay\u00e9 du vestiaire de Roberto De Zerbi. L\u2019op\u00e9ration a pu devenir possible \u00e0 la faveur du d\u00e9part d\u2019Adrien Rabiot, pour un autre gros salaire du collectif marseillais. <\/p>\n<blockquote class=\"twitter-tweet\">\n<p lang=\"en\" dir=\"ltr\">\ud83d\udea8\u26aa\ufe0f\ud83d\udd35 Olympique Marseille send official bid for Benjamin Pavard.<\/p>\n<p>Loan until June 2026 with option to buy and salary covered. Negotiations ongoing.<\/p>\n<p>Decision up to Inter. <a href=\"https:\/\/t.co\/yyhsbNYuZx\">pic.twitter.com\/yyhsbNYuZx<\/a><\/p>\n<p>\u2014 Fabrizio Romano (@FabrizioRomano) <a href=\"https:\/\/twitter.com\/FabrizioRomano\/status\/1962503228668493936?ref_src=twsrc%5Etfw\" target=\"_blank\" rel=\"noopener\">September 1, 2025<\/a><\/p>\n<\/blockquote>\n<p>Le salaire de Benjamin Pavard avec l\u2019OM<\/p>\n<p><strong>Annuel :<\/strong> 6 540 000 \u20ac<br \/><strong>Mensuel :<\/strong> 545 000 \u20ac<br \/><strong>Hebdomadaire :<\/strong> 125 769 \u20ac<br \/><strong>Quotidien :<\/strong> 17 918 \u20ac<br \/><strong>Fin de contrat :<\/strong> 2026<\/p>\n<p>\t<script async src=\"https:\/\/platform.twitter.com\/widgets.js\" charset=\"utf-8\"><\/script><\/p>\n","protected":false},"excerpt":{"rendered":"Benjamin Pavard a rejoint l\u2019Olympique de Marseille. Qui aurait la charge de son salaire. Un nouveau champion du&hellip;\n","protected":false},"author":2,"featured_media":384390,"comment_status":"","ping_status":"","sticky":false,"template":"","format":"standard","meta":{"footnotes":""},"categories":[2],"tags":[11,4786,1011,27,12,149,25,11254,969],"class_list":{"0":"post-384389","1":"post","2":"type-post","3":"status-publish","4":"format-standard","5":"has-post-thumbnail","7":"category-actualites","8":"tag-actualites","9":"tag-benjamin-pavard","10":"tag-fr","11":"tag-france","12":"tag-news","13":"tag-om","14":"tag-republique-francaise","15":"tag-salaires","16":"tag-transfert"},"share_on_mastodon":{"url":"https:\/\/pubeurope.com\/@fr\/115189352094627961","error":""},"_links":{"self":[{"href":"https:\/\/www.europesays.com\/fr\/wp-json\/wp\/v2\/posts\/384389","targetHints":{"allow":["GET"]}}],"collection":[{"href":"https:\/\/www.europesays.com\/fr\/wp-json\/wp\/v2\/posts"}],"about":[{"href":"https:\/\/www.europesays.com\/fr\/wp-json\/wp\/v2\/types\/post"}],"author":[{"embeddable":true,"href":"https:\/\/www.europesays.com\/fr\/wp-json\/wp\/v2\/users\/2"}],"replies":[{"embeddable":true,"href":"https:\/\/www.europesays.com\/fr\/wp-json\/wp\/v2\/comments?post=384389"}],"version-history":[{"count":0,"href":"https:\/\/www.europesays.com\/fr\/wp-json\/wp\/v2\/posts\/384389\/revisions"}],"wp:featuredmedia":[{"embeddable":true,"href":"https:\/\/www.europesays.com\/fr\/wp-json\/wp\/v2\/media\/384390"}],"wp:attachment":[{"href":"https:\/\/www.europesays.com\/fr\/wp-json\/wp\/v2\/media?parent=384389"}],"wp:term":[{"taxonomy":"category","embeddable":true,"href":"https:\/\/www.europesays.com\/fr\/wp-json\/wp\/v2\/categories?post=384389"},{"taxonomy":"post_tag","embeddable":true,"href":"https:\/\/www.europesays.com\/fr\/wp-json\/wp\/v2\/tags?post=384389"}],"curies":[{"name":"wp","href":"https:\/\/api.w.org\/{rel}","templated":true}]}}