{"id":384411,"date":"2025-09-12T04:20:13","date_gmt":"2025-09-12T04:20:13","guid":{"rendered":"https:\/\/www.europesays.com\/fr\/384411\/"},"modified":"2025-09-12T04:20:13","modified_gmt":"2025-09-12T04:20:13","slug":"gorillaz-annonce-the-mountain-son-9e-album-studio-inspire-des-contrees-indiennes","status":"publish","type":"post","link":"https:\/\/www.europesays.com\/fr\/384411\/","title":{"rendered":"Gorillaz annonce \u00ab\u00a0The Mountain\u00a0\u00bb, son 9e album studio inspir\u00e9 des contr\u00e9es indiennes"},"content":{"rendered":"<p>Le groupe virtuel de Damon Albarn et Jamie Hewlett sortira un nouveau disque, enregistr\u00e9 aux quatre coins du monde en mars prochain. Les chansons r\u00e9unissent une pl\u00e9iade d&rsquo;invit\u00e9s prestigieux dont les Sparks ou Johnny Marr des Smiths.<\/p>\n<p>Vingt-sept ans apr\u00e8s ses d\u00e9buts, <a href=\"https:\/\/www.bfmtv.com\/people\/musique\/gorillaz-annonce-un-nouvel-album-cracker-island-pour-fevrier-2023_AN-202209010423.html\" title=\"Gorillaz annonce un nouvel album &quot;Cracker Island&quot; pour f\u00e9vrier 2023\" class=\"internal_link\" rel=\"nofollow noopener\" target=\"_blank\">Gorillaz<\/a> poursuit son aventure musicale. Le groupe de rock virtuel, cr\u00e9\u00e9 par Damon Albarn et l&rsquo;artiste visuel Jamie Hewlett, sortira The Mountain, son neuvi\u00e8me album studio, le 20 mars 2026. Le single The Happy Dictator, en collaboration avec le duo californien Sparks, est sorti ce jeudi 11 septembre.<\/p>\n<p>Le disque s&rsquo;annonce \u00e9clectique. Les quinze titres ont \u00e9t\u00e9 enregistr\u00e9s \u00e0 travers le monde: en Grande-Bretagne &#8211; nationalit\u00e9 des cr\u00e9ateurs &#8211; mais aussi en Inde, au Turkm\u00e9nistan, en Syrie et aux Etats-Unis. Les titres sont ainsi chant\u00e9s en cinq langues: arabe, anglais, hindi, espagnol et yoruba.<\/p>\n<p>D&rsquo;apr\u00e8s le communiqu\u00e9 de presse de Gorillaz, l&rsquo;album serait le reflet du voyage des quatre membres &#8211; fictifs &#8211; du groupe. Murdoc Niccals, Russel Hobbs, 2D et Noodle seraient arriv\u00e9s en Inde aux rythmes d&rsquo;une musique mystique, loin de la pop internationale qui a fait leur c\u00e9l\u00e9brit\u00e9. Une \u00e9volution qui se retrouve sur la pochette d&rsquo;album, sign\u00e9e Jamie Hewlett.<\/p>\n<p>Des hommages<\/p>\n<p>Ce 9e opus, \u00e9dit\u00e9 pour la premi\u00e8re fois sous leur label KONG, regroupe des collaborations prestigieuses. Outre les fr\u00e8res Mael de Sparks, figurent aussi le rappeur Black Thought, l&rsquo;ancien bassiste des Clash Paul Simonon, Johnny Marr (The Smiths), ou encore la virtuose du sitar Anoushka Shankar. L&rsquo;album rend \u00e9galement hommage \u00e0 des collaborateurs disparus comme Bobby Womack, Dave Jolicoeur (De La Soul), Mark E. Smith (The Fall) ou encore Tony Allen, l\u00e9gende de l&rsquo;afrobeat.<\/p>\n<p><img decoding=\"async\" loading=\"lazy\" width=\"2048\" height=\"2048\" src=\"https:\/\/www.europesays.com\/fr\/wp-content\/uploads\/2025\/09\/Gorillaz-2136221.jpg\"  alt=\"La pochette de leur 9e album, &quot;The Mountain&quot;.\" title=\"La pochette de leur 9e album, &quot;The Mountain&quot;.\"\/>La pochette de leur 9e album, \u00ab\u00a0The Mountain\u00a0\u00bb. \u00a9 Gorillaz<\/p>\n<p>L&rsquo;annonce s&rsquo;accompagne d&rsquo;une s\u00e9rie de concerts pr\u00e9vus en 2026. The Mountain Tour d\u00e9butera le 21 mars \u00e0 Manchester et sillonnera les ar\u00e8nes du Royaume-Uni et d&rsquo;Irlande, jusqu&rsquo;\u00e0 un concert exceptionnel au Tottenham Hotspur Stadium de Londres le 20 juin 2026, avec les Sparks et Trueno \u00e0 l&rsquo;affiche.<\/p>\n","protected":false},"excerpt":{"rendered":"Le groupe virtuel de Damon Albarn et Jamie Hewlett sortira un nouveau disque, enregistr\u00e9 aux quatre coins du&hellip;\n","protected":false},"author":2,"featured_media":384412,"comment_status":"","ping_status":"","sticky":false,"template":"","format":"standard","meta":{"footnotes":""},"categories":[1355],"tags":[58,59,1011,27,1361,873],"class_list":{"0":"post-384411","1":"post","2":"type-post","3":"status-publish","4":"format-standard","5":"has-post-thumbnail","7":"category-musique","8":"tag-divertissement","9":"tag-entertainment","10":"tag-fr","11":"tag-france","12":"tag-music","13":"tag-musique"},"share_on_mastodon":{"url":"https:\/\/pubeurope.com\/@fr\/115189411500433362","error":""},"_links":{"self":[{"href":"https:\/\/www.europesays.com\/fr\/wp-json\/wp\/v2\/posts\/384411","targetHints":{"allow":["GET"]}}],"collection":[{"href":"https:\/\/www.europesays.com\/fr\/wp-json\/wp\/v2\/posts"}],"about":[{"href":"https:\/\/www.europesays.com\/fr\/wp-json\/wp\/v2\/types\/post"}],"author":[{"embeddable":true,"href":"https:\/\/www.europesays.com\/fr\/wp-json\/wp\/v2\/users\/2"}],"replies":[{"embeddable":true,"href":"https:\/\/www.europesays.com\/fr\/wp-json\/wp\/v2\/comments?post=384411"}],"version-history":[{"count":0,"href":"https:\/\/www.europesays.com\/fr\/wp-json\/wp\/v2\/posts\/384411\/revisions"}],"wp:featuredmedia":[{"embeddable":true,"href":"https:\/\/www.europesays.com\/fr\/wp-json\/wp\/v2\/media\/384412"}],"wp:attachment":[{"href":"https:\/\/www.europesays.com\/fr\/wp-json\/wp\/v2\/media?parent=384411"}],"wp:term":[{"taxonomy":"category","embeddable":true,"href":"https:\/\/www.europesays.com\/fr\/wp-json\/wp\/v2\/categories?post=384411"},{"taxonomy":"post_tag","embeddable":true,"href":"https:\/\/www.europesays.com\/fr\/wp-json\/wp\/v2\/tags?post=384411"}],"curies":[{"name":"wp","href":"https:\/\/api.w.org\/{rel}","templated":true}]}}