{"id":384413,"date":"2025-09-12T04:21:38","date_gmt":"2025-09-12T04:21:38","guid":{"rendered":"https:\/\/www.europesays.com\/fr\/384413\/"},"modified":"2025-09-12T04:21:38","modified_gmt":"2025-09-12T04:21:38","slug":"nouvelles-images-des-magiciens-voleurs-pour-la-suite-que-personne-na-demandee","status":"publish","type":"post","link":"https:\/\/www.europesays.com\/fr\/384413\/","title":{"rendered":"nouvelles images des magiciens-voleurs pour la suite que personne n&rsquo;a demand\u00e9e"},"content":{"rendered":"<p><strong>M\u00eame si personne ne le demandait, <a href=\"https:\/\/www.ecranlarge.com\/films\/863888-insaisissables\" data-type=\"films\" data-id=\"679122\" rel=\"nofollow noopener\" target=\"_blank\">Insaisissables<\/a> sera de retour avec un troisi\u00e8me film qui s\u2019est d\u00e9voil\u00e9 en images.<\/strong><\/p>\n<p>En 2013, il y a eu <strong>Insaisissables<\/strong>, r\u00e9alis\u00e9 par <a href=\"https:\/\/www.ecranlarge.com\/personnalite\/658332-louis-leterrier\" data-type=\"people\" data-id=\"303510\" rel=\"nofollow noopener\" target=\"_blank\">Louis Leterrier<\/a>, et tout le monde aurait pu en rester l\u00e0. Mais avec 350 millions de dollars au box-office mondial pour un budget de 75 millions, l\u2019id\u00e9e d\u2019une suite a vite chatouill\u00e9 Lionsgate. La bande d\u2019Houdini-braqueurs est donc revenue en 2016, dans <strong><a href=\"https:\/\/www.ecranlarge.com\/films\/930890-insaisissables-2\" data-type=\"films\" data-id=\"902866\" rel=\"nofollow noopener\" target=\"_blank\">insaisissables 2<\/a><\/strong> (<strong>Now you see me 2\u00a0<\/strong>en VO) avec cette fois <a href=\"https:\/\/www.ecranlarge.com\/personnalite\/702567-jon-chu\" data-type=\"people\" data-id=\"350019\" rel=\"nofollow noopener\" target=\"_blank\">Jon Chu<\/a> \u00e0 la r\u00e9alisation, et cette fois-ci, tout le monde aurait d\u00fb en rester l\u00e0.<\/p>\n<p>                    <img decoding=\"async\" alt=\"\" class=\"wp-image-518375\" style=\"object-fit:cover;width:25px;height:25px\" src=\"https:\/\/www.ecranlarge.com\/content\/uploads\/2023\/09\/arrow-right-circle.svg\"\/><\/p>\n<p>Mais rebelote : 330 millions de dollars au box-office pour un budget de 90 millions. <strong>Les chiffres ont parl\u00e9, et Insaisissables 3 a \u00e9t\u00e9 lanc\u00e9<\/strong>. En VO, le titre du film est <strong>Now You See Me : Now You Don\u2019t<\/strong>, et on miserait bien sur un You Can\u2019t See Me, My Time is Now ou un truc dans le genre pour le quatri\u00e8me. Pour ne vraiment rien arranger, c\u2019est <a href=\"https:\/\/www.ecranlarge.com\/personnalite\/722163-ruben-fleischer\" data-type=\"people\" data-id=\"366459\" rel=\"nofollow noopener\" target=\"_blank\">Ruben Fleischer<\/a>, le responsable de <strong>Venom <\/strong>et <strong>Uncharted<\/strong>, qui s\u2019est occup\u00e9 de la r\u00e9alisation. Il a ainsi retrouv\u00e9 <a href=\"https:\/\/www.ecranlarge.com\/personnalite\/657026-woody-harrelson\" data-type=\"people\" data-id=\"14430\" rel=\"nofollow noopener\" target=\"_blank\">Woody Harrelson<\/a> et <a href=\"https:\/\/www.ecranlarge.com\/personnalite\/669076-jesse-eisenberg\" data-type=\"people\" data-id=\"2536\" rel=\"nofollow noopener\" target=\"_blank\">Jesse Eisenberg<\/a> apr\u00e8s <strong>Bienvenue \u00e0 Zombieland\u00a0<\/strong>et sa suite, et <strong>30 minutes max<\/strong> dans le cas d\u2019Eisenberg.<\/p>\n<p>Quelques mois apr\u00e8s la bande-annonce,<strong> la promotion d\u2019Insaisissables 3 continue avec une salve d\u2019images<\/strong> publi\u00e9es par Entertainment Weekly. <\/p>\n<p>Tu m\u2019vois, tu m\u2019vois plus<\/p>\n<p>Jesse Eisenberg\u00a0(Danny), Woody Harrelson (Merritt), <a href=\"https:\/\/www.ecranlarge.com\/personnalite\/736591-dave-franco\" data-type=\"people\" data-id=\"378486\" rel=\"nofollow noopener\" target=\"_blank\">Dave Franco<\/a> (Jack) et <a href=\"https:\/\/www.ecranlarge.com\/personnalite\/657305-isla-fisher\" data-type=\"people\" data-id=\"309020\" rel=\"nofollow noopener\" target=\"_blank\">Isla Fisher<\/a> (Henley), alias Les Quatre Cavaliers de l\u2019Apocalypse, sont de retour dans <strong>Insaisissables 3<\/strong>, toujours chaperonn\u00e9s par <a href=\"https:\/\/www.ecranlarge.com\/personnalite\/653917-morgan-freeman\" data-type=\"people\" data-id=\"2058\" rel=\"nofollow noopener\" target=\"_blank\">Morgan Freeman<\/a> (Thaddeus Bradley). Apr\u00e8s le Cr\u00e9dit Agricole et la cybers\u00e9curit\u00e9, les Robins des bois illusionnistes se concentreront sur \u00ab\u00a0leur tour le plus spectaculaire\u00a0\u00bb, d\u2019apr\u00e8s le pitch. <\/p>\n<p>Ils devront <strong>d\u00e9rober le Diamant-Coeur, le joyau le plus pr\u00e9cieux du monde et de l\u2019univers\u2026 qui se trouve entre les mains d\u2019une redoutable organisation criminelle mondiale<\/strong>, parce que la sobri\u00e9t\u00e9 et l\u2019originalit\u00e9 n\u2019ont jamais \u00e9t\u00e9 de rigueur dans cette franchise. Veronika Vanderberg, le personnage jou\u00e9 par l\u2019actrice <a href=\"https:\/\/www.ecranlarge.com\/personnalite\/658373-rosamund-pike\" data-type=\"people\" data-id=\"309969\" rel=\"nofollow noopener\" target=\"_blank\">Rosamund Pike<\/a> semble ainsi se placer du c\u00f4t\u00e9 des antagonistes.<\/p>\n<p>Pour \u00e7a, les v\u00e9t\u00e9rans seront accompagn\u00e9s d\u2019<strong>une nouvelle g\u00e9n\u00e9ration de voleurs<\/strong> : <a href=\"https:\/\/www.ecranlarge.com\/personnalite\/1014950-ariana-greenblatt\" rel=\"nofollow noopener\" target=\"_blank\">Ariana Greenblatt<\/a>\u00a0(<strong>Borderlands<\/strong>,\u00a0<strong>65\u00a0: La Terre d\u2019avant<\/strong>),\u00a0<a href=\"https:\/\/www.ecranlarge.com\/personnalite\/1495608-dominic-sessa\" rel=\"nofollow noopener\" target=\"_blank\">Dominic Sessa<\/a>\u00a0(<strong>Winter Break<\/strong>) et\u00a0<a href=\"https:\/\/www.ecranlarge.com\/personnalite\/984173-justice-smith\" rel=\"nofollow noopener\" target=\"_blank\">Justice Smith<\/a>\u00a0(<strong>Pok\u00e9mon : D\u00e9tective Pikachu<\/strong>,\u00a0<strong>Jurassic World 2<\/strong>). Entertainment Weekly a ainsi d\u00e9voil\u00e9 une image de la nouvelle bande au complet. <\/p>\n<p><a href=\"https:\/\/www.ecranlarge.com\/content\/uploads\/2025\/09\/now-you-see-me-511-082725-6cc0289980d846b0b0ff88aa081c0df4.webp\" rel=\"nofollow noopener\" target=\"_blank\"><img loading=\"lazy\" decoding=\"async\" alt=\"Insaisissables 3, Woody Harrelson, Jesse Eisenberg, Dominic Sessa, Dave Franco, Justice Smith et Isla Fisher\" class=\"wp-image-1336370\" src=\"https:\/\/www.europesays.com\/fr\/wp-content\/uploads\/2025\/09\/now-you-see-me-511-082725-6cc0289980d846b0b0ff88aa081c0df4-1260x840.webp.webp\" width=\"1260\" height=\"840\"  \/><\/a><a href=\"https:\/\/www.ecranlarge.com\/content\/uploads\/2025\/09\/now-you-see-me-513-082725-b68924.jpg\" rel=\"nofollow noopener\" target=\"_blank\"><\/p>\n<p><img loading=\"lazy\" decoding=\"async\" alt=\"Insaisissables 3, Ariana Greenblatt, Jesse Eisenberg et Dave Franco\" src=\"https:\/\/www.europesays.com\/fr\/wp-content\/uploads\/2025\/09\/now-you-see-me-513-082725-b68924-1260x840.jpg\" width=\"1260\" height=\"840\"  \/><\/p>\n<p><\/a><a href=\"https:\/\/www.ecranlarge.com\/content\/uploads\/2025\/09\/now-you-see-me-512-082725-16897daecf2c43958a7b24576c836ab5.webp\" rel=\"nofollow noopener\" target=\"_blank\"><img loading=\"lazy\" decoding=\"async\" alt=\"Insaisissables 3, Dominic Sessa, Morgan Freeman et Isla Fisher\" class=\"wp-image-1336368\" src=\"https:\/\/www.europesays.com\/fr\/wp-content\/uploads\/2025\/09\/now-you-see-me-512-082725-16897daecf2c43958a7b24576c836ab5-1260x840.webp.webp\" width=\"1260\" height=\"840\"  \/><\/a><a href=\"https:\/\/www.ecranlarge.com\/content\/uploads\/2025\/09\/now-you-see-me-514-082725-3b57e925bcc24b1fa5d5138b5bc7d481.webp\" rel=\"nofollow noopener\" target=\"_blank\"><img loading=\"lazy\" decoding=\"async\" alt=\"Insaisissables 3\" class=\"wp-image-1336369\" src=\"https:\/\/www.europesays.com\/fr\/wp-content\/uploads\/2025\/09\/now-you-see-me-514-082725-3b57e925bcc24b1fa5d5138b5bc7d481-1260x840.webp.webp\" width=\"1260\" height=\"840\"  \/><\/a>Un autre probl\u00e8me de taille pour les Cavaliers<\/p>\n<p>Selon la fiche IMdb, le casting devrait \u00e9galement rappeler Daniel Radcliffe (Walter Mabry) et Mark Ruffalo (Dylan Rhodes) qui apparaissaient dans les pr\u00e9c\u00e9dents volets, m\u00eame si on se demande quel r\u00f4le ils pourraient bien jouer dans cette nouvelle mascarade. <strong>R\u00e9ponse le 11 novembre 2025 dans les salles fran\u00e7aises.<\/strong><\/p>\n","protected":false},"excerpt":{"rendered":"M\u00eame si personne ne le demandait, Insaisissables sera de retour avec un troisi\u00e8me film qui s\u2019est d\u00e9voil\u00e9 en&hellip;\n","protected":false},"author":2,"featured_media":384414,"comment_status":"","ping_status":"","sticky":false,"template":"","format":"standard","meta":{"footnotes":""},"categories":[1354],"tags":[58,59,1346,1011,27,1360],"class_list":{"0":"post-384413","1":"post","2":"type-post","3":"status-publish","4":"format-standard","5":"has-post-thumbnail","7":"category-films","8":"tag-divertissement","9":"tag-entertainment","10":"tag-films","11":"tag-fr","12":"tag-france","13":"tag-movies"},"share_on_mastodon":{"url":"https:\/\/pubeurope.com\/@fr\/115189415128005192","error":""},"_links":{"self":[{"href":"https:\/\/www.europesays.com\/fr\/wp-json\/wp\/v2\/posts\/384413","targetHints":{"allow":["GET"]}}],"collection":[{"href":"https:\/\/www.europesays.com\/fr\/wp-json\/wp\/v2\/posts"}],"about":[{"href":"https:\/\/www.europesays.com\/fr\/wp-json\/wp\/v2\/types\/post"}],"author":[{"embeddable":true,"href":"https:\/\/www.europesays.com\/fr\/wp-json\/wp\/v2\/users\/2"}],"replies":[{"embeddable":true,"href":"https:\/\/www.europesays.com\/fr\/wp-json\/wp\/v2\/comments?post=384413"}],"version-history":[{"count":0,"href":"https:\/\/www.europesays.com\/fr\/wp-json\/wp\/v2\/posts\/384413\/revisions"}],"wp:featuredmedia":[{"embeddable":true,"href":"https:\/\/www.europesays.com\/fr\/wp-json\/wp\/v2\/media\/384414"}],"wp:attachment":[{"href":"https:\/\/www.europesays.com\/fr\/wp-json\/wp\/v2\/media?parent=384413"}],"wp:term":[{"taxonomy":"category","embeddable":true,"href":"https:\/\/www.europesays.com\/fr\/wp-json\/wp\/v2\/categories?post=384413"},{"taxonomy":"post_tag","embeddable":true,"href":"https:\/\/www.europesays.com\/fr\/wp-json\/wp\/v2\/tags?post=384413"}],"curies":[{"name":"wp","href":"https:\/\/api.w.org\/{rel}","templated":true}]}}