{"id":384419,"date":"2025-09-12T04:24:13","date_gmt":"2025-09-12T04:24:13","guid":{"rendered":"https:\/\/www.europesays.com\/fr\/384419\/"},"modified":"2025-09-12T04:24:13","modified_gmt":"2025-09-12T04:24:13","slug":"tatiana-silva-si-effrayant-de-perdre-ses-cheveux","status":"publish","type":"post","link":"https:\/\/www.europesays.com\/fr\/384419\/","title":{"rendered":"Tatiana Silva: \u00absi effrayant de perdre ses cheveux\u00bb"},"content":{"rendered":"<p><a href=\"https:\/\/www.20min.ch\/fr\/story\/carnet-rose-tatiana-silva-est-maman-pour-la-premiere-fois-103268436\" rel=\"nofollow noopener\" target=\"_blank\">Maman depuis le mois de janvier,<\/a> Tatiana Silva partage n&rsquo;h\u00e9site pas \u00e0 partager son nouveau quotidien avec ses fans. Ce 10 septembre 2025, elle s&rsquo;est empar\u00e9e de son compte Instagram pour \u00e9voquer le souci post-partum auquel elle est confront\u00e9e: elle perd ses cheveux. En t\u00e9moigne la touffe qu&rsquo;elle d\u00e9voile sur la photo publi\u00e9e.<\/p>\n<p>\u00abIl y a quelque chose de si effrayant \u00e0 perdre ses cheveux\u00bb, a commenc\u00e9\u00a0<a href=\"https:\/\/www.20min.ch\/fr\/story\/television-apres-5-mois-de-conge-mat-tatiana-silva-fait-son-retour-sur-tf1-103364005\" rel=\"nofollow noopener\" target=\"_blank\">la Miss M\u00e9t\u00e9o de TF1<\/a>. Et de poursuivre: \u00abJe me souviens, petite, ma m\u00e8re \u00e9tait si pr\u00e9occup\u00e9e par les siens. Sa peur transmise s\u2019est activ\u00e9e pour la premi\u00e8re fois durant mon adolescence, puis dans ma vingtaine, et aujourd\u2019hui en post partum.\u00bb<\/p>\n<p>La Belge de 40 ans a encore pr\u00e9cis\u00e9 que le temps avait chang\u00e9 son regard sur la vie et les exp\u00e9riences qu&rsquo;elle traverse. \u00abTout est cycle dans la vie. L\u2019apog\u00e9e laisse place au d\u00e9clin. Ainsi le renouveau na\u00eet. Tel un rite de passage. La femme devient m\u00e8re. La m\u00e8re fait \u00e9merger une nouvelle femme. Ainsi ma chevelure rena\u00eetra\u00bb, a-t-elle conclu. Une mani\u00e8re po\u00e9tique de r\u00e9agir aux al\u00e9as de la vie.<\/p>\n","protected":false},"excerpt":{"rendered":"Maman depuis le mois de janvier, Tatiana Silva partage n&rsquo;h\u00e9site pas \u00e0 partager son nouveau quotidien avec ses&hellip;\n","protected":false},"author":2,"featured_media":384420,"comment_status":"","ping_status":"","sticky":false,"template":"","format":"standard","meta":{"footnotes":""},"categories":[8],"tags":[58,59,1011,27],"class_list":{"0":"post-384419","1":"post","2":"type-post","3":"status-publish","4":"format-standard","5":"has-post-thumbnail","7":"category-divertissement","8":"tag-divertissement","9":"tag-entertainment","10":"tag-fr","11":"tag-france"},"share_on_mastodon":{"url":"https:\/\/pubeurope.com\/@fr\/115189426852806264","error":""},"_links":{"self":[{"href":"https:\/\/www.europesays.com\/fr\/wp-json\/wp\/v2\/posts\/384419","targetHints":{"allow":["GET"]}}],"collection":[{"href":"https:\/\/www.europesays.com\/fr\/wp-json\/wp\/v2\/posts"}],"about":[{"href":"https:\/\/www.europesays.com\/fr\/wp-json\/wp\/v2\/types\/post"}],"author":[{"embeddable":true,"href":"https:\/\/www.europesays.com\/fr\/wp-json\/wp\/v2\/users\/2"}],"replies":[{"embeddable":true,"href":"https:\/\/www.europesays.com\/fr\/wp-json\/wp\/v2\/comments?post=384419"}],"version-history":[{"count":0,"href":"https:\/\/www.europesays.com\/fr\/wp-json\/wp\/v2\/posts\/384419\/revisions"}],"wp:featuredmedia":[{"embeddable":true,"href":"https:\/\/www.europesays.com\/fr\/wp-json\/wp\/v2\/media\/384420"}],"wp:attachment":[{"href":"https:\/\/www.europesays.com\/fr\/wp-json\/wp\/v2\/media?parent=384419"}],"wp:term":[{"taxonomy":"category","embeddable":true,"href":"https:\/\/www.europesays.com\/fr\/wp-json\/wp\/v2\/categories?post=384419"},{"taxonomy":"post_tag","embeddable":true,"href":"https:\/\/www.europesays.com\/fr\/wp-json\/wp\/v2\/tags?post=384419"}],"curies":[{"name":"wp","href":"https:\/\/api.w.org\/{rel}","templated":true}]}}