{"id":384423,"date":"2025-09-12T04:26:17","date_gmt":"2025-09-12T04:26:17","guid":{"rendered":"https:\/\/www.europesays.com\/fr\/384423\/"},"modified":"2025-09-12T04:26:17","modified_gmt":"2025-09-12T04:26:17","slug":"un-raid-anti-immigration-attise-les-tensions-entre-la-coree-du-sud-et-lamerique-de-trump","status":"publish","type":"post","link":"https:\/\/www.europesays.com\/fr\/384423\/","title":{"rendered":"Un raid anti-immigration attise les tensions entre la Cor\u00e9e du Sud et l\u2019Am\u00e9rique de Trump"},"content":{"rendered":"<p><strong>R\u00c9CIT &#8211; <\/strong>L\u2019arrestation de 300 employ\u00e9s de Hyundai sape la confiance de S\u00e9oul en l\u2019alli\u00e9 am\u00e9ricain dans un contexte g\u00e9opolitique incertain face \u00e0 la Chine et la Cor\u00e9e du Nord.<\/p>\n<p class=\"fig-paragraph\">Des cha\u00eenes de m\u00e9tal en guise de menottes. Les ouvriers sud-cor\u00e9ens de l\u2019usine Hyundai en G\u00e9orgie ont exp\u00e9riment\u00e9 les m\u00e9thodes abruptes des\u00a0<a href=\"http:\/\/www.lefigaro.fr\/international\/l-ice-la-nouvelle-police-de-l-immigration-faconnee-par-donald-trump-20250902\" data-fig-type=\"Article\" data-gtm-custom-categorie=\"navigation\" data-gtm-custom-action=\"crossclick\" data-gtm-custom-label=\"Contextuel\" data-gtm-event=\"customEventSPE\" data-fig-domain=\"LEFIGARO\" rel=\"nofollow noopener\" target=\"_blank\">commandos anti-immigration de l\u2019administration de\u00a0Donald Trump<\/a>. Jeudi 4 septembre, pr\u00e8s de 500 agents ont encercl\u00e9 le site en construction du constructeur automobile pr\u00e8s de Savannah, menant \u00e0 l\u2019arrestation de 450 employ\u00e9s accus\u00e9s de travailler ill\u00e9galement aux\u00a0<a href=\"http:\/\/www.lefigaro.fr\/flash-actu\/etats-unis-face-a-trump-une-centaine-d-organisations-de-presse-dont-l-afp-demande-a-ne-pas-restreindre-les-visas-de-journalistes-20250911\" data-fig-type=\"NewsFlash\" data-gtm-custom-categorie=\"navigation\" data-gtm-custom-action=\"crossclick\" data-gtm-custom-label=\"Contextuel\" data-gtm-event=\"customEventSPE\" data-fig-domain=\"LEFIGARO\" rel=\"nofollow noopener\" target=\"_blank\">\u00c9tats-Unis<\/a>, lors du raid le plus important men\u00e9 par les services de contr\u00f4le de l\u2019immigration et des douanes (ICE) depuis le retour aux affaires du pr\u00e9sident am\u00e9ricain. Parmi eux, plus de 300 Sud-Cor\u00e9ens, dont certains ont \u00e9t\u00e9 encha\u00een\u00e9s sans m\u00e9nagement devant les cam\u00e9ras de t\u00e9l\u00e9vision avant d\u2019\u00eatre incarc\u00e9r\u00e9s au centre de d\u00e9tention de l\u2019ICE \u00e0 Folkston.<\/p>\n<p class=\"fig-paragraph\">Ils sont en cours de rapatriement via un vol charter affr\u00e9t\u00e9 d\u2019urgence et devaient atterrir en Cor\u00e9e du Sud ce vendredi, a indiqu\u00e9 le pr\u00e9sident Lee Jae Myung, en premi\u00e8re ligne sur cet \u00e9pineux dossier.<\/p>\n<p>Une affaire d\u00e9licate<\/p>\n<p class=\"fig-paragraph\">De l\u2019autre c\u00f4t\u00e9 du Pacifique, ces images s\u00e8ment\u2026<\/p>\n<p class=\"fig-premium-paywall__infos\">\n        Cet article est r\u00e9serv\u00e9 aux abonn\u00e9s.        Il vous reste 91% \u00e0 d\u00e9couvrir.\n    <\/p>\n<p>                <img  data- alt=\"Le Figaro\" class=\"fig-img--complete fig-img\"\/><\/p>\n<p class=\"fig-premium-paywall__title\">Vous avez envie de lire la suite ?<\/p>\n<p class=\"fig-premium-paywall__subtitle\">D\u00e9bloquez tous les articles imm\u00e9diatement.<\/p>\n<p class=\"fig-premium-paywall__connect\">\n                D\u00e9j\u00e0 abonn\u00e9\u00a0?                <a class=\"fig-premium-paywall__connect-link\" href=\"https:\/\/connect.lefigaro.fr\/login?client=horizon_web&amp;type=main&amp;redirect_uri=https%3A%2F%2Fwww.lefigaro.fr%2Finternational%2Fun-raid-anti-immigration-attise-les-tensions-entre-la-coree-du-sud-et-l-amerique-de-trump-20250911\" data-js-gtm=\"{&quot;customCategorie&quot;: &quot;conversion&quot;, &quot;customAction&quot;: &quot;before_Landing_Connexion_paywall_auto&quot;, &quot;customLabel&quot;: &quot;bGVmaWdhcm8uZnJfXzFmMDhkNmVkLWMzNTktNjY1YS04MmEzLTgzZjM3OGNhNjFhZV9fQXJ0aWNsZQ==_Un raid anti-immigration attise les tensions entre la Cor\u00e9e du Sud et l\u2019Am\u00e9rique de Trump_44&quot;, &quot;customIDSPE&quot;: &quot;bGVmaWdhcm8uZnJfXzFmMDhkNmVkLWMzNTktNjY1YS04MmEzLTgzZjM3OGNhNjFhZV9fQXJ0aWNsZQ==&quot;, &quot;event&quot;: &quot;customEventSPE&quot;}\" rel=\"nofollow noopener\" target=\"_blank\"><br \/>\n                    Connectez-vous<br \/>\n                <\/a>\n            <\/p>\n","protected":false},"excerpt":{"rendered":"R\u00c9CIT &#8211; L\u2019arrestation de 300 employ\u00e9s de Hyundai sape la confiance de S\u00e9oul en l\u2019alli\u00e9 am\u00e9ricain dans un&hellip;\n","protected":false},"author":2,"featured_media":384424,"comment_status":"","ping_status":"","sticky":false,"template":"","format":"standard","meta":{"footnotes":""},"categories":[6],"tags":[35,5640,75,33,34,1011,27,1061],"class_list":{"0":"post-384423","1":"post","2":"type-post","3":"status-publish","4":"format-standard","5":"has-post-thumbnail","7":"category-economie","8":"tag-business","9":"tag-coree-du-sud","10":"tag-donald-trump","11":"tag-economie","12":"tag-economy","13":"tag-fr","14":"tag-france","15":"tag-immigration"},"share_on_mastodon":{"url":"https:\/\/pubeurope.com\/@fr\/115189434518260045","error":""},"_links":{"self":[{"href":"https:\/\/www.europesays.com\/fr\/wp-json\/wp\/v2\/posts\/384423","targetHints":{"allow":["GET"]}}],"collection":[{"href":"https:\/\/www.europesays.com\/fr\/wp-json\/wp\/v2\/posts"}],"about":[{"href":"https:\/\/www.europesays.com\/fr\/wp-json\/wp\/v2\/types\/post"}],"author":[{"embeddable":true,"href":"https:\/\/www.europesays.com\/fr\/wp-json\/wp\/v2\/users\/2"}],"replies":[{"embeddable":true,"href":"https:\/\/www.europesays.com\/fr\/wp-json\/wp\/v2\/comments?post=384423"}],"version-history":[{"count":0,"href":"https:\/\/www.europesays.com\/fr\/wp-json\/wp\/v2\/posts\/384423\/revisions"}],"wp:featuredmedia":[{"embeddable":true,"href":"https:\/\/www.europesays.com\/fr\/wp-json\/wp\/v2\/media\/384424"}],"wp:attachment":[{"href":"https:\/\/www.europesays.com\/fr\/wp-json\/wp\/v2\/media?parent=384423"}],"wp:term":[{"taxonomy":"category","embeddable":true,"href":"https:\/\/www.europesays.com\/fr\/wp-json\/wp\/v2\/categories?post=384423"},{"taxonomy":"post_tag","embeddable":true,"href":"https:\/\/www.europesays.com\/fr\/wp-json\/wp\/v2\/tags?post=384423"}],"curies":[{"name":"wp","href":"https:\/\/api.w.org\/{rel}","templated":true}]}}