{"id":384425,"date":"2025-09-12T04:27:10","date_gmt":"2025-09-12T04:27:10","guid":{"rendered":"https:\/\/www.europesays.com\/fr\/384425\/"},"modified":"2025-09-12T04:27:10","modified_gmt":"2025-09-12T04:27:10","slug":"les-images-de-jd-vance-escortant-le-cercueil-de-charlie-kirk-linfluenceur-conservateur-assassine","status":"publish","type":"post","link":"https:\/\/www.europesays.com\/fr\/384425\/","title":{"rendered":"Les images de JD Vance escortant le cercueil de Charlie Kirk, l\u2019influenceur conservateur assassin\u00e9"},"content":{"rendered":"<p>Le vice-pr\u00e9sident am\u00e9ricain a accompagn\u00e9 la d\u00e9pouille du militant conservateur assassin\u00e9 depuis Salt Lake City jusqu\u2019\u00e0 Phoenix, o\u00f9 ce dernier vivait avec sa famille.<\/p>\n<p class=\"fig-paragraph\">Un dernier voyage aux c\u00f4t\u00e9s de son\u00a0<a href=\"https:\/\/x.com\/JDVance\/status\/1965985360606888182\" target=\"_blank\" rel=\"sponsored noopener nofollow\" data-gtm-custom-categorie=\"navigation\" data-gtm-custom-action=\"crossclick\" data-gtm-custom-label=\"Contextuel\" data-gtm-event=\"customEventSPE\">\u00abv\u00e9ritable ami\u00bb<\/a> .\u00a0<a href=\"http:\/\/www.lefigaro.fr\/international\/mort-de-charlie-kirk-jd-vance-se-rend-dans-l-utah-au-chevet-de-la-famille-de-l-influenceur-conservateur-20250911\" target=\"_blank\" data-fig-type=\"NewsFlash\" rel=\"noopener nofollow\" data-gtm-custom-categorie=\"navigation\" data-gtm-custom-action=\"crossclick\" data-gtm-custom-label=\"Contextuel\" data-gtm-event=\"customEventSPE\" data-fig-domain=\"LEFIGARO\">JD Vance<\/a>\u00a0est arriv\u00e9 ce jeudi \u00e0 l\u2019a\u00e9roport international Sky Harbor de Phoenix pour accompagner le cercueil de\u00a0<a href=\"http:\/\/www.lefigaro.fr\/international\/habitue-des-joutes-verbales-et-pro-trump-qui-est-charlie-kirk-l-influenceur-tue-lors-d-un-rassemblement-20250910\" target=\"_blank\" data-fig-type=\"NewsFlash\" rel=\"noopener nofollow\" data-gtm-custom-categorie=\"navigation\" data-gtm-custom-action=\"crossclick\" data-gtm-custom-label=\"Contextuel\" data-gtm-event=\"customEventSPE\" data-fig-domain=\"LEFIGARO\">Charlie Kirk<\/a>, le militant conservateur assassin\u00e9 la veille \u00e0 l\u2019\u00e2ge de 31 ans lors d\u2019un \u00e9v\u00e9nement \u00e0 l\u2019Universit\u00e9 de la vall\u00e9e de l\u2019Utah.<\/p>\n<p class=\"fig-paragraph\">Un peu plus t\u00f4t dans la journ\u00e9e, le vice-pr\u00e9sident des \u00c9tats-Unis \u00e9tait arriv\u00e9 \u00e0 Salt Lake City pour r\u00e9cup\u00e9rer la d\u00e9pouille. Posant une main sur le cercueil, il a accompagn\u00e9 le personnel en uniforme qui transportait le corps de l\u2019activiste vers son avion personnel, Air Force Two. En t\u00e9moigne une vid\u00e9o publi\u00e9e par Tyler Bowyer, directeur des op\u00e9rations de Turning Point USA, l\u2019organisation \u00e9tudiante conservatrice fond\u00e9e par Charlie Kirk devenue le plus grand mouvement de jeunesse \u00abMake America Great Again\u00bb (MAGA).<\/p>\n<p>                                    <a class=\"fig-a11y-skip a11y-hidden\" href=\"#fig-a11y-skip-main-inarticle\"><br \/>\n        Passer la publicit\u00e9<br \/>\n    <\/a><\/p>\n<p>Voyage \u00e0 bord d\u2019Air Force Two<\/p>\n<p class=\"fig-paragraph\">Le cercueil a ensuite \u00e9t\u00e9 transport\u00e9 par Air Force Two jusqu\u2019\u00e0 Phoenix, en Arizona, o\u00f9 Charlie Kirk r\u00e9sidait avec sa famille. JD Vance et son \u00e9pouse Usha Vance ont \u00e9galement escort\u00e9 l\u2019\u00e9pouse et les deux enfants de Kirk jusqu\u2019\u00e0 leur \u00c9tat natal. Selon\u00a0<a href=\"https:\/\/www.cnn.com\/us\/live-news\/charlie-kirk-shot-utah-death-09-11-25\" target=\"_blank\" rel=\"sponsored noopener nofollow\" data-gtm-custom-categorie=\"navigation\" data-gtm-custom-action=\"crossclick\" data-gtm-custom-label=\"Contextuel\" data-gtm-event=\"customEventSPE\">une source cit\u00e9e par CNN<\/a>, JD Vance et son \u00e9pouse Usha ont accompagn\u00e9 la veuve et les deux enfants de Kirk hors de l\u2019avion, avant de remonter \u00e0 bord d\u2019Air Force Two. La famille de Charlie Kirk pr\u00e9voit d\u2019emmener son cercueil dans un lieu priv\u00e9.<\/p>\n<p>    Le cercueil de l\u2019activiste conservateur abattu Charlie Kirk est sorti d\u2019Air Force Two, \u00e0 l\u2019a\u00e9roport de Phoenix, le 11 septembre 2025.<br \/>\n                Thomas Machowicz \/ REUTERS<\/p>\n","protected":false},"excerpt":{"rendered":"Le vice-pr\u00e9sident am\u00e9ricain a accompagn\u00e9 la d\u00e9pouille du militant conservateur assassin\u00e9 depuis Salt Lake City jusqu\u2019\u00e0 Phoenix, o\u00f9&hellip;\n","protected":false},"author":2,"featured_media":384426,"comment_status":"","ping_status":"","sticky":false,"template":"","format":"standard","meta":{"footnotes":""},"categories":[5],"tags":[11,6744,73,1011,27,14,79,12,28],"class_list":{"0":"post-384425","1":"post","2":"type-post","3":"status-publish","4":"format-standard","5":"has-post-thumbnail","7":"category-international","8":"tag-actualites","9":"tag-assassinat","10":"tag-etats-unis","11":"tag-fr","12":"tag-france","13":"tag-international","14":"tag-j-d-vance","15":"tag-news","16":"tag-world"},"share_on_mastodon":{"url":"https:\/\/pubeurope.com\/@fr\/115189438518389791","error":""},"_links":{"self":[{"href":"https:\/\/www.europesays.com\/fr\/wp-json\/wp\/v2\/posts\/384425","targetHints":{"allow":["GET"]}}],"collection":[{"href":"https:\/\/www.europesays.com\/fr\/wp-json\/wp\/v2\/posts"}],"about":[{"href":"https:\/\/www.europesays.com\/fr\/wp-json\/wp\/v2\/types\/post"}],"author":[{"embeddable":true,"href":"https:\/\/www.europesays.com\/fr\/wp-json\/wp\/v2\/users\/2"}],"replies":[{"embeddable":true,"href":"https:\/\/www.europesays.com\/fr\/wp-json\/wp\/v2\/comments?post=384425"}],"version-history":[{"count":0,"href":"https:\/\/www.europesays.com\/fr\/wp-json\/wp\/v2\/posts\/384425\/revisions"}],"wp:featuredmedia":[{"embeddable":true,"href":"https:\/\/www.europesays.com\/fr\/wp-json\/wp\/v2\/media\/384426"}],"wp:attachment":[{"href":"https:\/\/www.europesays.com\/fr\/wp-json\/wp\/v2\/media?parent=384425"}],"wp:term":[{"taxonomy":"category","embeddable":true,"href":"https:\/\/www.europesays.com\/fr\/wp-json\/wp\/v2\/categories?post=384425"},{"taxonomy":"post_tag","embeddable":true,"href":"https:\/\/www.europesays.com\/fr\/wp-json\/wp\/v2\/tags?post=384425"}],"curies":[{"name":"wp","href":"https:\/\/api.w.org\/{rel}","templated":true}]}}