{"id":384427,"date":"2025-09-12T04:28:17","date_gmt":"2025-09-12T04:28:17","guid":{"rendered":"https:\/\/www.europesays.com\/fr\/384427\/"},"modified":"2025-09-12T04:28:17","modified_gmt":"2025-09-12T04:28:17","slug":"en-raison-de-fortes-rafales-annoncees-cette-ville-de-vendee-decale-son-forum-des-associations","status":"publish","type":"post","link":"https:\/\/www.europesays.com\/fr\/384427\/","title":{"rendered":"En raison de fortes rafales annonc\u00e9es, cette ville de Vend\u00e9e d\u00e9cale son forum des associations"},"content":{"rendered":"<p>            Par<br \/>\n        <strong><br \/>\n            <a href=\"https:\/\/actu.fr\/auteur\/journaliste-lpy\" title=\"Consulter tous les articles de R\u00e9daction La Roche-sur-Yon\" rel=\"nofollow noopener\" target=\"_blank\">R\u00e9daction La Roche-sur-Yon<\/a><br \/>\n        <\/strong><\/p>\n<p>        Publi\u00e9 le<\/p>\n<p>            11 sept. 2025 \u00e0 18h07        <\/p>\n<p>A <a href=\"https:\/\/actu.fr\/le-journal-du-pays-yonnais\/\" rel=\"nofollow noopener\" target=\"_blank\">La Roche-sur-Yon<\/a>, le forum des associations et du b\u00e9n\u00e9volat, ainsi que l\u2019\u00e9v\u00e9nement Faites du sport, initialement pr\u00e9vus <a href=\"https:\/\/actu.fr\/pays-de-la-loire\/la-roche-sur-yon_85191\/le-forum-des-associations-a-lieu-ce-samedi-13-septembre-a-la-roche-sur-yon_63137082.html\" rel=\"nofollow noopener\" target=\"_blank\">samedi 13\u00a0septembre<\/a>, sont report\u00e9s au samedi 20\u00a0septembre.<\/p>\n<p class=\" wall-content\"><b>Des rafales allant jusqu\u2019\u00e0 45\u00a0km\/h<\/b> sont attendues dans la journ\u00e9e de samedi. Selon<b> M\u00e9t\u00e9o France<\/b>, le vent pourrait se renforcer, dimanche 14 septembre, avec des pointes \u00e0 50 km\/h dans l\u2019apr\u00e8s-midi et dans la nuit.<\/p>\n<p class=\" wall-content\">\u00ab Cette d\u00e9cision, prise pour garantir la s\u00e9curit\u00e9 des participants, b\u00e9n\u00e9voles et visiteurs face aux fortes rafales de vent annonc\u00e9es, permet de maintenir la qualit\u00e9 de cette journ\u00e9e \u00bb, pr\u00e9cise la Ville dans un communiqu\u00e9 de presse.<\/p>\n<p>Le Jour-J<\/p>\n<p class=\" wall-content\">Samedi 20\u00a0septembre, le rendez-vous est fix\u00e9 de 10 h \u00e0 18 h, sur plusieurs lieux embl\u00e9matiques du centre-ville :<b> place de la Vend\u00e9e, rue Clemenceau, jardin Jos\u00e9phine-de-Beauharnais, place Napol\u00e9on, place du Pr\u00e9sident Jacques-Chirac<\/b>.<\/p>\n<p class=\" wall-content\">L\u2019acc\u00e8s \u00e0 cet \u00e9v\u00e9nement est <b>libre et gratuit<\/b>. Les visiteurs auront l\u2019occasion de rencontrer les membres des diff\u00e9rentes associations pr\u00e9sentes, qui \u0153uvrent dans des domaines vari\u00e9s tels que le sport, la culture, la solidarit\u00e9, la sant\u00e9 et le d\u00e9veloppement durable.<\/p>\n<p class=\" wall-content\">Un espace d\u00e9di\u00e9, intitul\u00e9 Mission b\u00e9n\u00e9volat, sera \u00e9galement mis en place pour accompagner le recrutement de futurs b\u00e9n\u00e9voles.<\/p>\n<p class=\" wall-content\">Personnalisez votre actualit\u00e9 en ajoutant vos villes et m\u00e9dias en favori avec <a href=\"https:\/\/moncompte.actu.fr\" title=\"D\u00e9couvez Mon Actu\" rel=\"nofollow noopener\" data-trk=\"{&quot;cta&quot;:{&quot;action&quot;:&quot;https:\\\/\\\/moncompte.actu.fr&quot;,&quot;category&quot;:&quot;mon compte&quot;,&quot;from&quot;:&quot;article footer&quot;,&quot;name&quot;:&quot;Mon actu&quot;,&quot;type&quot;:&quot;cta&quot;}}\" target=\"_blank\">Mon Actu<\/a>.<\/p>\n","protected":false},"excerpt":{"rendered":"Par R\u00e9daction La Roche-sur-Yon Publi\u00e9 le 11 sept. 2025 \u00e0 18h07 A La Roche-sur-Yon, le forum des associations&hellip;\n","protected":false},"author":2,"featured_media":384428,"comment_status":"","ping_status":"","sticky":false,"template":"","format":"standard","meta":{"footnotes":""},"categories":[4],"tags":[11,118,1011,27,2357,12,25],"class_list":{"0":"post-384427","1":"post","2":"type-post","3":"status-publish","4":"format-standard","5":"has-post-thumbnail","7":"category-france","8":"tag-actualites","9":"tag-faits-divers","10":"tag-fr","11":"tag-france","12":"tag-meteo-france","13":"tag-news","14":"tag-republique-francaise"},"share_on_mastodon":{"url":"https:\/\/pubeurope.com\/@fr\/115189442484476757","error":""},"_links":{"self":[{"href":"https:\/\/www.europesays.com\/fr\/wp-json\/wp\/v2\/posts\/384427","targetHints":{"allow":["GET"]}}],"collection":[{"href":"https:\/\/www.europesays.com\/fr\/wp-json\/wp\/v2\/posts"}],"about":[{"href":"https:\/\/www.europesays.com\/fr\/wp-json\/wp\/v2\/types\/post"}],"author":[{"embeddable":true,"href":"https:\/\/www.europesays.com\/fr\/wp-json\/wp\/v2\/users\/2"}],"replies":[{"embeddable":true,"href":"https:\/\/www.europesays.com\/fr\/wp-json\/wp\/v2\/comments?post=384427"}],"version-history":[{"count":0,"href":"https:\/\/www.europesays.com\/fr\/wp-json\/wp\/v2\/posts\/384427\/revisions"}],"wp:featuredmedia":[{"embeddable":true,"href":"https:\/\/www.europesays.com\/fr\/wp-json\/wp\/v2\/media\/384428"}],"wp:attachment":[{"href":"https:\/\/www.europesays.com\/fr\/wp-json\/wp\/v2\/media?parent=384427"}],"wp:term":[{"taxonomy":"category","embeddable":true,"href":"https:\/\/www.europesays.com\/fr\/wp-json\/wp\/v2\/categories?post=384427"},{"taxonomy":"post_tag","embeddable":true,"href":"https:\/\/www.europesays.com\/fr\/wp-json\/wp\/v2\/tags?post=384427"}],"curies":[{"name":"wp","href":"https:\/\/api.w.org\/{rel}","templated":true}]}}