{"id":384431,"date":"2025-09-12T04:30:15","date_gmt":"2025-09-12T04:30:15","guid":{"rendered":"https:\/\/www.europesays.com\/fr\/384431\/"},"modified":"2025-09-12T04:30:15","modified_gmt":"2025-09-12T04:30:15","slug":"elle-a-le-droit-de-tuer-parce-quelle-ne-voit-pas-de-loeil-droit","status":"publish","type":"post","link":"https:\/\/www.europesays.com\/fr\/384431\/","title":{"rendered":"\u00ab Elle a le droit de tuer parce qu\u2019elle ne voit pas de l\u2019\u0153il droit ? \u00bb"},"content":{"rendered":"<p>Une proche de la d\u00e9funte s\u2019\u00e9trangle d\u2019indignation \u00e0 la barre du tribunal. \u00ab Elle ne sait pas pr\u00e9cis\u00e9ment ce qu\u2019on lui reproche ? C\u2019est un peu gros, non ? Elle a renvers\u00e9 ma s\u0153ur sur un passage pi\u00e9ton ! Alors, elle a le droit de tuer quelqu\u2019un parce qu\u2019elle ne voit pas de l\u2019\u0153il droit ? \u00bb<\/p>\n<p>L\u2019avocat de la d\u00e9fense vient de soulever une nullit\u00e9 de la citation en justice. La partie civile n\u2019a pas compris le raisonnement juridique. La procureure, si. Et elle s\u2019oppose avec force. \u00ab La pr\u00e9venue sait parfaitement ce qu\u2019elle a fait. Si le tribunal annule cette citation, le&#8230;<\/p>\n","protected":false},"excerpt":{"rendered":"Une proche de la d\u00e9funte s\u2019\u00e9trangle d\u2019indignation \u00e0 la barre du tribunal. \u00ab Elle ne sait pas pr\u00e9cis\u00e9ment&hellip;\n","protected":false},"author":2,"featured_media":384432,"comment_status":"","ping_status":"","sticky":false,"template":"","format":"standard","meta":{"footnotes":""},"categories":[9653],"tags":[1111,11,2430,271,272,7539,1777,674,274,1011,27,3367,12,25,4001,7538],"class_list":{"0":"post-384431","1":"post","2":"type-post","3":"status-publish","4":"format-standard","5":"has-post-thumbnail","7":"category-saint-etienne","8":"tag-actu","9":"tag-actualites","10":"tag-auvergne-rhone-alpes","11":"tag-crime","12":"tag-delit-et-contravention","13":"tag-edition-loire-sud","14":"tag-eu","15":"tag-europe","16":"tag-faits-divers-justice","17":"tag-fr","18":"tag-france","19":"tag-loire","20":"tag-news","21":"tag-republique-francaise","22":"tag-saint-etienne","23":"tag-saint-etienne-ville"},"share_on_mastodon":{"url":"https:\/\/pubeurope.com\/@fr\/115189450249982487","error":""},"_links":{"self":[{"href":"https:\/\/www.europesays.com\/fr\/wp-json\/wp\/v2\/posts\/384431","targetHints":{"allow":["GET"]}}],"collection":[{"href":"https:\/\/www.europesays.com\/fr\/wp-json\/wp\/v2\/posts"}],"about":[{"href":"https:\/\/www.europesays.com\/fr\/wp-json\/wp\/v2\/types\/post"}],"author":[{"embeddable":true,"href":"https:\/\/www.europesays.com\/fr\/wp-json\/wp\/v2\/users\/2"}],"replies":[{"embeddable":true,"href":"https:\/\/www.europesays.com\/fr\/wp-json\/wp\/v2\/comments?post=384431"}],"version-history":[{"count":0,"href":"https:\/\/www.europesays.com\/fr\/wp-json\/wp\/v2\/posts\/384431\/revisions"}],"wp:featuredmedia":[{"embeddable":true,"href":"https:\/\/www.europesays.com\/fr\/wp-json\/wp\/v2\/media\/384432"}],"wp:attachment":[{"href":"https:\/\/www.europesays.com\/fr\/wp-json\/wp\/v2\/media?parent=384431"}],"wp:term":[{"taxonomy":"category","embeddable":true,"href":"https:\/\/www.europesays.com\/fr\/wp-json\/wp\/v2\/categories?post=384431"},{"taxonomy":"post_tag","embeddable":true,"href":"https:\/\/www.europesays.com\/fr\/wp-json\/wp\/v2\/tags?post=384431"}],"curies":[{"name":"wp","href":"https:\/\/api.w.org\/{rel}","templated":true}]}}