{"id":384435,"date":"2025-09-12T04:32:56","date_gmt":"2025-09-12T04:32:56","guid":{"rendered":"https:\/\/www.europesays.com\/fr\/384435\/"},"modified":"2025-09-12T04:32:56","modified_gmt":"2025-09-12T04:32:56","slug":"serie-les-tetes-de-la-rentree-en-lorraine-yves-seguy","status":"publish","type":"post","link":"https:\/\/www.europesays.com\/fr\/384435\/","title":{"rendered":"S\u00c9RIE. Les t\u00eates de la rentr\u00e9e\u00a0en Lorraine :\u00a0Yves S\u00e9guy"},"content":{"rendered":"<p>La Meurthe-et-Moselle, comme la Moselle voisine, conna\u00eet un changement \u00e0 la t\u00eate de la pr\u00e9fecture. <a href=\"https:\/\/www.lasemaine.fr\/politique\/la-personnalite-de-la-semaine-yves-seguy-nouveau-prefet-de-meurthe-et-moselle\/\" data-type=\"post\" data-id=\"400371\" rel=\"nofollow noopener\" target=\"_blank\">Yves S\u00e9guy<\/a>, 63 ans, a succ\u00e9d\u00e9 \u00e0 <a href=\"https:\/\/www.lasemaine.fr\/politique\/francoise-souliman-ex-prefet-de-meurthe-et-moselle-appelee-par-lelysee\/\" data-type=\"post\" data-id=\"400090\" rel=\"nofollow noopener\" target=\"_blank\">Fran\u00e7oise Souliman<\/a> le 25\u00a0ao\u00fbt. Haut fonctionnaire exp\u00e9riment\u00e9, il a exerc\u00e9 comme pr\u00e9fet des Vosges entre\u00a02020 et\u00a02022 puis en Sa\u00f4ne-et-Loire avant de revenir en Lorraine. Lors de sa prise de fonctions \u00e0 Nancy, il a insist\u00e9 sur son attachement \u00e0 la r\u00e9gion et sur sa volont\u00e9 de privil\u00e9gier le terrain.<\/p>\n<p>Ses priorit\u00e9s reprennent les grands axes nationaux\u00a0: la s\u00e9curit\u00e9, avec en particulier la lutte contre les trafics de stup\u00e9fiants et les violences du quotidien, mais aussi le soutien \u00e0 l\u2019\u00e9conomie locale, la transition \u00e9cologique et l\u2019agriculture. Yves S\u00e9guy entend \u00ab\u00a0acc\u00e9l\u00e9rer les projets\u00a0\u00bb et travailler en proximit\u00e9 avec les acteurs du territoire. Un retour lorrain marqu\u00e9 par une m\u00e9thode qu\u2019il r\u00e9sume ainsi\u00a0: \u00ab\u00a0Voir la r\u00e9alit\u00e9 plut\u00f4t que lire les dossiers.\u00a0\u00bb<\/p>\n","protected":false},"excerpt":{"rendered":"La Meurthe-et-Moselle, comme la Moselle voisine, conna\u00eet un changement \u00e0 la t\u00eate de la pr\u00e9fecture. Yves S\u00e9guy, 63&hellip;\n","protected":false},"author":2,"featured_media":384436,"comment_status":"","ping_status":"","sticky":false,"template":"","format":"standard","meta":{"footnotes":""},"categories":[9635],"tags":[1111,11,1777,674,1011,27,775,1702,12,25],"class_list":{"0":"post-384435","1":"post","2":"type-post","3":"status-publish","4":"format-standard","5":"has-post-thumbnail","7":"category-nancy","8":"tag-actu","9":"tag-actualites","10":"tag-eu","11":"tag-europe","12":"tag-fr","13":"tag-france","14":"tag-grand-est","15":"tag-nancy","16":"tag-news","17":"tag-republique-francaise"},"share_on_mastodon":{"url":"https:\/\/pubeurope.com\/@fr\/115189462032624064","error":""},"_links":{"self":[{"href":"https:\/\/www.europesays.com\/fr\/wp-json\/wp\/v2\/posts\/384435","targetHints":{"allow":["GET"]}}],"collection":[{"href":"https:\/\/www.europesays.com\/fr\/wp-json\/wp\/v2\/posts"}],"about":[{"href":"https:\/\/www.europesays.com\/fr\/wp-json\/wp\/v2\/types\/post"}],"author":[{"embeddable":true,"href":"https:\/\/www.europesays.com\/fr\/wp-json\/wp\/v2\/users\/2"}],"replies":[{"embeddable":true,"href":"https:\/\/www.europesays.com\/fr\/wp-json\/wp\/v2\/comments?post=384435"}],"version-history":[{"count":0,"href":"https:\/\/www.europesays.com\/fr\/wp-json\/wp\/v2\/posts\/384435\/revisions"}],"wp:featuredmedia":[{"embeddable":true,"href":"https:\/\/www.europesays.com\/fr\/wp-json\/wp\/v2\/media\/384436"}],"wp:attachment":[{"href":"https:\/\/www.europesays.com\/fr\/wp-json\/wp\/v2\/media?parent=384435"}],"wp:term":[{"taxonomy":"category","embeddable":true,"href":"https:\/\/www.europesays.com\/fr\/wp-json\/wp\/v2\/categories?post=384435"},{"taxonomy":"post_tag","embeddable":true,"href":"https:\/\/www.europesays.com\/fr\/wp-json\/wp\/v2\/tags?post=384435"}],"curies":[{"name":"wp","href":"https:\/\/api.w.org\/{rel}","templated":true}]}}