{"id":384437,"date":"2025-09-12T04:34:16","date_gmt":"2025-09-12T04:34:16","guid":{"rendered":"https:\/\/www.europesays.com\/fr\/384437\/"},"modified":"2025-09-12T04:34:16","modified_gmt":"2025-09-12T04:34:16","slug":"la-rentree-decoiffante-des-ados","status":"publish","type":"post","link":"https:\/\/www.europesays.com\/fr\/384437\/","title":{"rendered":"la rentr\u00e9e d\u00e9coiffante des ados"},"content":{"rendered":"<p>Il n\u2019y a pas si longtemps, les adolescents s\u2019inspiraient des stars du football pour leurs coupes des cheveux. D\u00e9sormais, ce sont les influenceurs des r\u00e9seaux sociaux qui font la mode capillaire.<\/p>\n<p>Pour cette rentr\u00e9e 2025, les gar\u00e7ons en pincent pour la taper cut, la buzz cut, l\u2019Edgard cut, la french crop, ou encore la coupe mulet, qui fait un retour en force apr\u00e8s avoir longtemps \u00e9t\u00e9 catalogu\u00e9e comme ringarde.<\/p>\n<p>  Retour en force de la coupe mulet<\/p>\n<p>\u00ab\u00a0La taper reste la coupe la plus demand\u00e9e par les gar\u00e7ons\u00a0\u00bb, constate Jordan Claude, qui travaille au salon de coiffure Claude-Cuny, rue des Carmes. \u00ab\u00a0Cette coupe est assez proche du d\u00e9grad\u00e9. On coupe les cheveux courts vers le bas de la t\u00eate et on laisse progressivement de plus en plus de longueur vers le dessus du cr\u00e2ne.\u00a0\u00bb<\/p>\n<p>En r\u00e9alit\u00e9, la taper n\u2019est pas vraiment une nouvelle tendance, bien que les influenceurs la remettent au go\u00fbt du jour. Elle est n\u00e9e dans les ann\u00e9es 1980 chez les barbiers new-yorkais et a \u00e9t\u00e9 popularis\u00e9e par les Afro-Am\u00e9ricains.<\/p>\n<p>\u00ab\u00a0On est dans un moment de la coiffure o\u00f9 il y a beaucoup de diversit\u00e9\u00a0\u00bb, explique Hayk, cr\u00e9ateur du salon de coiffure exclusivement masculin Bou Bou, install\u00e9 en vieille ville, rue du Petit-Bourgeois. \u00ab\u00a0On voit le retour des coupes classiques associ\u00e9es \u00e0 une touche de modernit\u00e9, comme la coupe mulet qui est un clin d\u2019\u0153il au pass\u00e9.\u00a0\u00bb Vrai que le mulet a son fan-club, avec des concours qui c\u00e9l\u00e8brent cette coupe tout droit venue du pays des surfeurs, l\u2019Australie. Popularis\u00e9e dans les ann\u00e9es 70 et 80 par des ic\u00f4nes telles que David Bowie, qui en a fait un symbole de libert\u00e9, elle a su s\u2019adapter \u00e0 son \u00e9poque, en int\u00e9grant de nouveaux codes capillaires qui s\u00e9duisent aujourd\u2019hui les lyc\u00e9ens.<\/p>\n<p>\u00ab\u00a0Le mulet d\u2019aujourd\u2019hui, c\u2019est l\u2019\u00e9quivalent du mulet des ann\u00e9es 80 mais avec moins de longueur au niveau de la nuque\u00a0\u00bb, r\u00e9sume Cyrille H\u00e9ry, travaillant au salon de coiffure Ipso Facto, rue Dom-Calmet. Comme ses coll\u00e8gues, il souligne que les ados et les \u00e9tudiants se laissent guider par les influenceurs sur les r\u00e9seaux sociaux, notamment sur TikTok. \u00ab\u00a0Les jeunes ont pris l\u2019habitude de venir au salon avec leur t\u00e9l\u00e9phone portable, pour nous montrer la photo de la coupe de cheveux qu\u2019ils d\u00e9sirent. Parmi les coupes popularis\u00e9es par TikTok, on trouve la cuenta, caract\u00e9ris\u00e9e par sa forme en V marqu\u00e9e \u00e0 la nuque.\u00a0\u00bb<\/p>\n<p>  La coupe shag pris\u00e9e des filles<\/p>\n<p>Chez les filles, la shag fait partie des coiffures les plus tendances du moment. Il s\u2019agit d\u2019une coupe de cheveux volumineuse apparue dans les ann\u00e9es 70 qui se situe entre la coupe d\u00e9grad\u00e9e et le n\u00e9o-mulet.<\/p>\n<p>Pour une coupe gar\u00e7ons chez un artisan coiffeur, il faut compter en moyenne une vingtaine d\u2019euros et, pour une coupe filles, une quarantaine d\u2019euros.<\/p>\n","protected":false},"excerpt":{"rendered":"Il n\u2019y a pas si longtemps, les adolescents s\u2019inspiraient des stars du football pour leurs coupes des cheveux.&hellip;\n","protected":false},"author":2,"featured_media":384438,"comment_status":"","ping_status":"","sticky":false,"template":"","format":"standard","meta":{"footnotes":""},"categories":[9635],"tags":[1111,11,4406,33,1704,1777,674,1011,27,775,1702,1703,12,25],"class_list":{"0":"post-384437","1":"post","2":"type-post","3":"status-publish","4":"format-standard","5":"has-post-thumbnail","7":"category-nancy","8":"tag-actu","9":"tag-actualites","10":"tag-commerce-et-services","11":"tag-economie","12":"tag-edition-nancy-et-agglomeration","13":"tag-eu","14":"tag-europe","15":"tag-fr","16":"tag-france","17":"tag-grand-est","18":"tag-nancy","19":"tag-nancy-ville-54b","20":"tag-news","21":"tag-republique-francaise"},"share_on_mastodon":{"url":"https:\/\/pubeurope.com\/@fr\/115189465953723799","error":""},"_links":{"self":[{"href":"https:\/\/www.europesays.com\/fr\/wp-json\/wp\/v2\/posts\/384437","targetHints":{"allow":["GET"]}}],"collection":[{"href":"https:\/\/www.europesays.com\/fr\/wp-json\/wp\/v2\/posts"}],"about":[{"href":"https:\/\/www.europesays.com\/fr\/wp-json\/wp\/v2\/types\/post"}],"author":[{"embeddable":true,"href":"https:\/\/www.europesays.com\/fr\/wp-json\/wp\/v2\/users\/2"}],"replies":[{"embeddable":true,"href":"https:\/\/www.europesays.com\/fr\/wp-json\/wp\/v2\/comments?post=384437"}],"version-history":[{"count":0,"href":"https:\/\/www.europesays.com\/fr\/wp-json\/wp\/v2\/posts\/384437\/revisions"}],"wp:featuredmedia":[{"embeddable":true,"href":"https:\/\/www.europesays.com\/fr\/wp-json\/wp\/v2\/media\/384438"}],"wp:attachment":[{"href":"https:\/\/www.europesays.com\/fr\/wp-json\/wp\/v2\/media?parent=384437"}],"wp:term":[{"taxonomy":"category","embeddable":true,"href":"https:\/\/www.europesays.com\/fr\/wp-json\/wp\/v2\/categories?post=384437"},{"taxonomy":"post_tag","embeddable":true,"href":"https:\/\/www.europesays.com\/fr\/wp-json\/wp\/v2\/tags?post=384437"}],"curies":[{"name":"wp","href":"https:\/\/api.w.org\/{rel}","templated":true}]}}