{"id":384439,"date":"2025-09-12T04:36:17","date_gmt":"2025-09-12T04:36:17","guid":{"rendered":"https:\/\/www.europesays.com\/fr\/384439\/"},"modified":"2025-09-12T04:36:17","modified_gmt":"2025-09-12T04:36:17","slug":"hubert-falco-lache-josee-massi-sans-pour-autant-soutenir-michel-bonnus","status":"publish","type":"post","link":"https:\/\/www.europesays.com\/fr\/384439\/","title":{"rendered":"Hubert Falco l\u00e2che Jos\u00e9e Massi sans pour autant soutenir Michel Bonnus"},"content":{"rendered":"<p>        <a href=\"https:\/\/www.tv83.info\/wp-content\/uploads\/2023\/02\/IMG_4269.jpg\" data-caption=\"\" rel=\"nofollow noopener\" target=\"_blank\"><img loading=\"lazy\" decoding=\"async\" width=\"696\" height=\"522\" class=\"entry-thumb td-modal-image\" src=\"https:\/\/www.europesays.com\/fr\/wp-content\/uploads\/2025\/04\/IMG_4269-696x522.jpg\"   alt=\"\" title=\"Toulon en commun\"\/><\/a><\/p>\n<p>Lu dans la presse : \u00ab Au d\u00e9but de l\u2019\u00e9t\u00e9, Hubert Falco avait apport\u00e9 un soutien sans ambig\u00fcit\u00e9 \u00e0 Jos\u00e9e Massi. De quoi voir un changement de strat\u00e9gie du c\u00f4t\u00e9 de l\u2019ex \u00ab patron \u00bb du Var qui pourrait finalement pr\u00e9f\u00e9rer Michel Bonnus ? \u00bb<br \/>Et ce matin : \u00ab En coulisses se joue aussi le soutien d\u2019Hubert Falco\u2026 \u00bb<\/p>\n<p><strong>Notre r\u00e9action :<\/strong><br \/>Le bal des \u00e9gos et des ambitions personnelles au sein de la droite toulonnaise nous consterne. Les tractations obscures, l\u00e2chages, vrai\/faux rabibochages se multiplient sous nos yeux C\u2019est d\u00e9testable. Le spectacle que donne la droite \u00e0 Toulon est dramatique pour nos concitoyens et pour notre ville. \u00c0 ce grand bal des perdants : H Falco, condamn\u00e9 et in\u00e9ligible qui veut mordicus rester le parrain en ville ; M Bonnus, S\u00e9nateur et grand ami de M Retailleau, aux affinit\u00e9s marqu\u00e9es pour la droite de la droite ; J Massi, Maire par int\u00e9rim qui se dit sans \u00e9tiquette et qui tente vaille que vaille d\u2019exister ; Et le D\u00e9put\u00e9 Chenevard, soutien ind\u00e9fectible de l\u2019ex premier ministre et d\u2019un Macron \u00e0 la d\u00e9rive\u2026<br \/>Il n\u2019en est qu\u2019une qui se r\u00e9jouit du spectacle ! Mme Lavalette, \u00e9g\u00e9rie de l\u2019extr\u00eame droite locale, la \u00ab bonne copine \u00bb du Mourillon qui oublie, tiens donc !, de faire figurer le logo de son parti, le RN, sur ses affiches\u2026 Qui oublie aussi qu\u2019on ne quitte pas subrepticement la c\u00e9r\u00e9monie patriotique de la lib\u00e9ration de Toulon avant la Marseillaise\u2026 Et qui oublie enfin que de Fr\u00e9jus \u00e0 Bruxelles en passant par Paris, enqu\u00eates et condamnations s\u2019encha\u00eenent sur ses amis politiques du RN.<\/p>\n<p><a href=\"https:\/\/www.tv83.info\/wp-content\/uploads\/2025\/09\/Magali-Brunel.jpg\" rel=\"nofollow noopener\" target=\"_blank\"><img fetchpriority=\"high\" decoding=\"async\" class=\"size-medium wp-image-95155\" src=\"https:\/\/www.europesays.com\/fr\/wp-content\/uploads\/2025\/09\/Magali-Brunel-200x300.jpg\" alt=\"\" width=\"200\" height=\"300\"  \/><\/a>Magali Brunel<\/p>\n<p><strong>TOULON EN COMMUN<\/strong> d\u00e9nonce ces pratiques qui d\u00e9goutent les citoyens de la politique, qui bafouent l\u2019int\u00e9r\u00eat commun et qui n\u2019ont qu\u2019une seule cons\u00e9quence, l\u2019immobilisme et le renoncement \u00e0 tout projet d\u2019ambition pour notre ville de Toulon qui en a tant besoin !<br \/><strong>TOULON EN COMMUN<\/strong> avec Magali Brunel consid\u00e8re qu\u2019il faut r\u00e9solument changer d\u2019\u00e9quipe municipale et entamer une nouvelle \u00e8re pour rattraper les retards de notre ville que l\u2019on peut constater, dans tous les domaines, d\u00e8s qu\u2019on la compare aux agglom\u00e9rations de m\u00eame taille.<br \/><strong>TOULON EN COMMUN<\/strong>, qui rassemble la gauche municipale mais aussi des citoyens toulonnais engag\u00e9s, des associatifs progressistes, et bien au-del\u00e0 d\u00e9sormais, est aujourd\u2019hui la seule force d\u2019union municipale coh\u00e9rente et organis\u00e9e pour faire face \u00e0 la menace que font peser sur notre ville les d\u00e9chirures de la droite et l\u2019ambition non dissimul\u00e9e de l\u2019extr\u00eame droite.<br \/>Avec <strong>TOULON EN COMMUN<\/strong>, vivement une alternative de probit\u00e9, d\u2019\u00e9thique et de morale \u00e0 Toulon pour un projet du 21eme si\u00e8cle.<\/p>\n<p><a href=\"https:\/\/www.tv83.info\/wp-content\/uploads\/2025\/09\/Assemblee-TEC.jpg\" rel=\"nofollow noopener\" target=\"_blank\"><img loading=\"lazy\" decoding=\"async\" class=\"size-medium wp-image-95156\" src=\"https:\/\/www.europesays.com\/fr\/wp-content\/uploads\/2025\/09\/Assemblee-TEC-300x200.jpg\" alt=\"\" width=\"300\" height=\"200\"  \/><\/a>Assembl\u00e9e de Toulon en commun<br \/>\n<a href=\"https:\/\/www.restosducoeur.org\/associations-departementales\/les-restos-du-coeur-du-var\/\" rel=\"nofollow noopener\" target=\"_blank\"><img decoding=\"async\" style=\"height:70px;width:140px\" src=\"https:\/\/www.europesays.com\/fr\/wp-content\/uploads\/2025\/04\/restos-du-coeur.jpg\"\/><\/a>        <\/p>\n","protected":false},"excerpt":{"rendered":"Lu dans la presse : \u00ab Au d\u00e9but de l\u2019\u00e9t\u00e9, Hubert Falco avait apport\u00e9 un soutien sans ambig\u00fcit\u00e9&hellip;\n","protected":false},"author":2,"featured_media":42988,"comment_status":"","ping_status":"","sticky":false,"template":"","format":"standard","meta":{"footnotes":""},"categories":[9619],"tags":[1111,11,1777,674,1011,27,12,882,25,2310],"class_list":{"0":"post-384439","1":"post","2":"type-post","3":"status-publish","4":"format-standard","5":"has-post-thumbnail","7":"category-toulon","8":"tag-actu","9":"tag-actualites","10":"tag-eu","11":"tag-europe","12":"tag-fr","13":"tag-france","14":"tag-news","15":"tag-provence-alpes-cote-dazur","16":"tag-republique-francaise","17":"tag-toulon"},"share_on_mastodon":{"url":"https:\/\/pubeurope.com\/@fr\/115189474275250758","error":""},"_links":{"self":[{"href":"https:\/\/www.europesays.com\/fr\/wp-json\/wp\/v2\/posts\/384439","targetHints":{"allow":["GET"]}}],"collection":[{"href":"https:\/\/www.europesays.com\/fr\/wp-json\/wp\/v2\/posts"}],"about":[{"href":"https:\/\/www.europesays.com\/fr\/wp-json\/wp\/v2\/types\/post"}],"author":[{"embeddable":true,"href":"https:\/\/www.europesays.com\/fr\/wp-json\/wp\/v2\/users\/2"}],"replies":[{"embeddable":true,"href":"https:\/\/www.europesays.com\/fr\/wp-json\/wp\/v2\/comments?post=384439"}],"version-history":[{"count":0,"href":"https:\/\/www.europesays.com\/fr\/wp-json\/wp\/v2\/posts\/384439\/revisions"}],"wp:featuredmedia":[{"embeddable":true,"href":"https:\/\/www.europesays.com\/fr\/wp-json\/wp\/v2\/media\/42988"}],"wp:attachment":[{"href":"https:\/\/www.europesays.com\/fr\/wp-json\/wp\/v2\/media?parent=384439"}],"wp:term":[{"taxonomy":"category","embeddable":true,"href":"https:\/\/www.europesays.com\/fr\/wp-json\/wp\/v2\/categories?post=384439"},{"taxonomy":"post_tag","embeddable":true,"href":"https:\/\/www.europesays.com\/fr\/wp-json\/wp\/v2\/tags?post=384439"}],"curies":[{"name":"wp","href":"https:\/\/api.w.org\/{rel}","templated":true}]}}