{"id":384440,"date":"2025-09-12T04:37:16","date_gmt":"2025-09-12T04:37:16","guid":{"rendered":"https:\/\/www.europesays.com\/fr\/384440\/"},"modified":"2025-09-12T04:37:16","modified_gmt":"2025-09-12T04:37:16","slug":"barometre-de-la-pauvrete-le-plus-dur-cest-le-regard-des-autres-une-file-dattente-interminable-au-secours-populaire-de-montpellier","status":"publish","type":"post","link":"https:\/\/www.europesays.com\/fr\/384440\/","title":{"rendered":"Barom\u00e8tre de la pauvret\u00e9\u00a0: \u00ab\u00a0Le plus dur, c\u2019est le regard des autres\u00a0\u00bb\u2026 Une file d\u2019attente interminable au Secours populaire de Montpellier"},"content":{"rendered":"<p>\n                                                                Dans le barom\u00e8tre annuel d\u00e9voil\u00e9 ce jeudi 11\u00a0septembre par Ipsos, la hausse de la pauvret\u00e9 en France semble marquer une pause en m\u00eame temps que l\u2019inflation. Mais sur le terrain, b\u00e9n\u00e9voles associatifs voient toujours les demandes affluer. Un Fran\u00e7ais sur cinq se consid\u00e8re toujours en situation de pr\u00e9carit\u00e9. Reportage sur un lieu de distribution du Secours populaire de Montpellier.\n                            <\/p>\n<p>La file d\u2019attente est encore interminable, ce jeudi matin, au march\u00e9 solidaire du <a href=\"https:\/\/www.midilibre.fr\/2023\/09\/06\/le-secours-populaire-de-lherault-alerte-sur-la-precarite-avec-une-hausse-de-32-de-personnes-dans-le-besoin-sur-le-departement-11436186.php\" target=\"_self\" rel=\"nofollow noopener\">Secours populaire de Montpellier<\/a>. Pr\u00e8s d\u2019une centaine de b\u00e9n\u00e9ficiaires viennent chaque jour r\u00e9colter un panier alimentaire mensuel qui am\u00e9liore un peu un quotidien incertain.\u00a0Beaucoup de retrait\u00e9s, de femmes seules ou flanqu\u00e9es de poussettes, beaucoup de jeunes aussi\u2026 La crise \u00e9pargne peu de profils dans la cohorte de ceux qui souffrent et qui ont faim, frapp\u00e9s par cette pr\u00e9carit\u00e9 qui a \u00e9t\u00e9 l\u2019un des principaux\u00a0carburants, la veille, <a href=\"https:\/\/www.midilibre.fr\/actu\/societe\/social\/tout-bloquer-le-10-septembre\/\" target=\"_self\" rel=\"nofollow noopener\">du mouvement \u00ab\u00a0Bloquons tout\u00a0\u00bb<\/a>.<\/p>\n<blockquote>\n<p>Nous avons de plus en plus d\u2019actifs mais qui ne gagnent pas assez pour subvenir \u00e0 leurs moyens primaires.<\/p>\n<\/blockquote>\n<p>\u00ab\u00a0De plus en plus de salari\u00e9s sur le qui-vive\u00a0\u00bb<\/p>\n<p>\u00ab\u00a0Il faut parfois d\u00e9samorcer un peu de col\u00e8re chez les nouveaux b\u00e9n\u00e9ficiaires, qui viennent chercher\u00a0ici plus qu\u2019un panier de victuailles, explique Fabien Albert, secr\u00e9taire g\u00e9n\u00e9ral du Secours populaire de l\u2019H\u00e9rault. On ressent ce besoin de parler, d\u2019un\u00a0espace pour lib\u00e9rer la parole.\u00a0\u00bb Alors que 74\u00a0% des Fran\u00e7ais se disent tristes ou d\u00e9prim\u00e9s, un tableau \u00e0 remplir tr\u00f4ne au milieu des \u00e9tals avec cette question\u00a0: \u00ab\u00a0qu\u2019est-ce qui te fait rire\u00a0?\u00a0\u00bb<\/p>\n<p>La bonne humeur distribu\u00e9e sans compter par les b\u00e9n\u00e9voles fait de ce passage\u00a0douloureux\u00a0une parenth\u00e8se \u00e9clair\u00e9e au c\u0153ur d\u2019un long tunnel. Le\u00a0dernier barom\u00e8tre de la pauvret\u00e9 d\u00e9voil\u00e9 ce jeudi 11\u00a0septembre par <a href=\"https:\/\/www.secourspopulaire.fr\/app\/uploads\/2024\/09\/ipsos-pour-le-secours-populaire-observatoire-de-la-pauvrete-et-de-la-precarite-volet-france-vague-18-juin-2024.pdf\" target=\"_self\" rel=\"nofollow noopener\">Ipsos (pour le Secours populaire) d\u00e9voile certes une l\u00e9g\u00e8re baisse de la pr\u00e9carit\u00e9 en 2025<\/a>, en lien avec un palier de l\u2019inflation (+\u00a00,9\u00a0%) et une\u00a0hausse du pouvoir d\u2019achat et des salaires (+\u00a02,5\u00a0%). Mais sur le terrain, les demandes ne cessent d\u2019affluer.<\/p>\n<p>    24\u00a0% des Fran\u00e7ais ont d\u00e9j\u00e0 saut\u00e9 un repas par souci d\u2019\u00e9conomie<\/p>\n<p>Apr\u00e8s deux ann\u00e9es de hausse significative li\u00e9es \u00e0 une inflation galopante, le nombre de personnes se d\u00e9clarant en situation de pr\u00e9carit\u00e9 en France a baiss\u00e9 en 2025 selon le barom\u00e8tre annuel de la pauvret\u00e9 Ipsos \u2013 Secours populaire d\u00e9voil\u00e9 ce jeudi.<\/p>\n<p>Quatre points de moins mais encore 20\u00a0% de personnes en situation de pr\u00e9carit\u00e9, et toujours 20\u00a0% des enfants vivant dans un foyer en dessous du seuil de pauvret\u00e9 mon\u00e9taire, \u00e9tabli \u00e0 1216 \u20ac pour une personne seule.<\/p>\n<p>Selon ce sondage d\u2019Ipsos, 15\u00a0% des personnes interrog\u00e9es d\u00e9clarent avoir du mal \u00e0 boucler leur budget, 48\u00a0% ne peuvent pas mettre d\u2019argent de c\u00f4t\u00e9, 60\u00a0% disent avoir renonc\u00e9 \u00e0 des sorties, 49\u00a0% \u00e9prouvent des difficult\u00e9s \u00e0 financer des vacances, 39\u00a0% \u00e0 payer leurs factures d\u2019\u00e9nergies, 31\u00a0% \u00e0 se soigner. Pire, 24\u00a0% des sond\u00e9s d\u00e9clarent avoir d\u00e9j\u00e0 saut\u00e9 un repas alors qu\u2019ils avaient faim. Un chiffre toutefois en baisse de 5\u00a0% par rapport \u00e0 2024.<\/p>\n<p>        <img decoding=\"async\" class=\"std-img__img responsive-img\" src=\"https:\/\/www.europesays.com\/fr\/wp-content\/uploads\/2025\/09\/1757651836_549_image.png\" alt=\"Des chiffres toujours r\u00e9v\u00e9lateurs d\u2019une grande pr\u00e9carit\u00e9.\"\/><\/p>\n<p>                Des chiffres toujours r\u00e9v\u00e9lateurs d\u2019une grande pr\u00e9carit\u00e9.<br \/>\n                                    Midi Libre &#8211; Sophie Wauquier<\/p>\n<p>\u00ab\u00a0Nous sommes pass\u00e9s cette ann\u00e9e \u00e0 11\u00a0000 b\u00e9n\u00e9ficiaires sur Montpellier, 32\u00a0000 sur l\u2019H\u00e9rault, soit 4000\u00a0de plus en un an, avec\u00a0quasiment un quart de jeunes, confirme Fabien Albert. Nous avons de plus en plus d\u2019actifs mais qui ne gagnent pas assez pour subvenir \u00e0 leurs moyens primaires. Nous avons de moins en moins de classe moyenne \u00e0 l\u2019aise au quotidien, de plus en plus de salari\u00e9s sur le \u00ab\u00a0qui-vive\u00a0\u00bb. Et la descente est, h\u00e9las, souvent bien plus rapide que l\u2019ascension sociale.\u00a0\u00bb<\/p>\n<p>Enseignant, entrepreneur, puis la d\u00e9gringolade\u2026<\/p>\n<p>Illustration parfaite\u00a0de ce type de chute brutale, Alan (*) accepte de raconter sa trajectoire de multidipl\u00f4m\u00e9, plusieurs masters en poche, oblig\u00e9 de repartir d\u2019une page blanche. Enseignant en \u00e9conomie dans le priv\u00e9, il monte ensuite une SARL dans le hors d\u2019air (portes, fen\u00eatres) qu\u2019il d\u00e9cide de fermer quelques ann\u00e9es plus tard \u00ab\u00a0parce que ce monde n\u2019\u00e9tait pas fait pour moi, trop g\u00e9n\u00e9reux\u2026\u00a0\u00bb<\/p>\n<p>Oblig\u00e9 de passer par la case \u00ab\u00a0contractuel\u00a0\u00bb pour reprendre l\u2019enseignement, il subit de plein fouet la pr\u00e9carit\u00e9 de ce statut\u00a0: \u00ab\u00a0maltraitance salariale, six ans d\u2019attente pour esp\u00e9rer une titularisation, ballott\u00e9 g\u00e9ographiquement.\u00a0\u00bb Le divorce est la bourrasque de trop qui pr\u00e9cipite sa chute sur fond d\u2019endettement. Blacklist\u00e9 depuis trois ans par les administrations, en fin de droits, il a fini par franchir le pas douloureux de l\u2019aide associative, pouss\u00e9 par son assistante sociale.<\/p>\n<p>\u00ab\u00a0Vous n\u2019allez plus chez vos amis\u00a0\u00bb<\/p>\n<p>\u00ab\u00a0\u00c0 30\u00a0% sous le seuil de pauvret\u00e9 et avec un enfant \u00e0 charge, je n\u2019avais plus le choix, soupire-t-il. Le plus dur, c\u2019est ce sentiment de d\u00e9classement, le regard des autres et puis l\u2019isolement induit par la pauvret\u00e9. Sortir vous co\u00fbte. Boire un caf\u00e9 en terrasse devient une d\u00e9pense superflue. Vous n\u2019allez plus chez des amis par honte de ne pas pouvoir amener une bouteille.\u00a0Le combat le plus dur, c\u2019est de lutter contre cet orgueil et cette discrimination de l\u2019\u00e2ge qui me frappe aussi \u00e0 56 ans.\u00a0\u00bb<\/p>\n<p>Encore anim\u00e9 d\u2019une incroyable \u00e9nergie, Alan se lance vers la qu\u00eate \u00ab\u00a0d\u2019un \u00e9ni\u00e8me dipl\u00f4me\u00a0\u00bb pour rebondir dans l\u2019accompagnement social. \u00ab\u00a0Les gens ici sont tous adorables, souligne-t-il, tous dans le\u00a0m\u00eame bateau.\u00a0\u00bb<\/p>\n<p class=\"std-elt__inline\">\n        <strong>\u00c0 lire aussi :<\/strong><br \/>\n        <a href=\"https:\/\/www.midilibre.fr\/2025\/03\/28\/31-de-la-population-vivent-sous-le-seuil-de-pauvrete-nimes-une-ville-que-se-pauperise-au-fil-des-annees-12577330.php\" rel=\"nofollow noopener\" target=\"_blank\">\u00ab\u00a031\u00a0% de la population vivent sous le seuil de pauvret\u00e9\u00a0\u00bb\u00a0: N\u00eemes, une ville que se paup\u00e9rise au fil des ann\u00e9es<\/a>\n    <\/p>\n<p class=\"std-elt__inline\">\n        <strong>\u00c0 lire aussi :<\/strong><br \/>\n        <a href=\"https:\/\/www.midilibre.fr\/2025\/08\/29\/comment-la-pauvrete-a-atteint-un-niveau-record-en-france-12898531.php\" rel=\"nofollow noopener\" target=\"_blank\">Comment la pauvret\u00e9 a atteint un niveau record en France<\/a>\n    <\/p>\n<p>\u00ab\u00a0Nombre\u00a0de nos b\u00e9n\u00e9voles sont des gens aussi dans la gal\u00e8re, confirme Fabien Albert. Nous travaillons beaucoup l\u2019\u00e9mancipation et nous nous battons contre l\u2019assistanat en aidant aussi \u00e0 l\u2019acc\u00e8s aux droits, \u00e0 la sant\u00e9, \u00e0 la culture, au sport. Mais les temps sont durs pour les collectivit\u00e9s. Le d\u00e9partement a diminu\u00e9 notre aide de 20\u00a0%, la ville de Montpellier aussi. Nous partageons ce que nous avons.\u00a0\u00bb\u00a0Dans ce contexte la grande collecte alimentaire du 11\u00a0octobre s\u2019annonce d\u2019autant plus cruciale, alors que le Secours populaire vient de f\u00eater ses 80 ans.<\/p>\n<p>(*) Le pr\u00e9nom a \u00e9t\u00e9 modifi\u00e9<\/p>\n","protected":false},"excerpt":{"rendered":"Dans le barom\u00e8tre annuel d\u00e9voil\u00e9 ce jeudi 11\u00a0septembre par Ipsos, la hausse de la pauvret\u00e9 en France semble&hellip;\n","protected":false},"author":2,"featured_media":384441,"comment_status":"","ping_status":"","sticky":false,"template":"","format":"standard","meta":{"footnotes":""},"categories":[9599],"tags":[1111,11,1777,674,1011,27,2208,12,2680,25],"class_list":{"0":"post-384440","1":"post","2":"type-post","3":"status-publish","4":"format-standard","5":"has-post-thumbnail","7":"category-montpellier","8":"tag-actu","9":"tag-actualites","10":"tag-eu","11":"tag-europe","12":"tag-fr","13":"tag-france","14":"tag-montpellier","15":"tag-news","16":"tag-occitanie","17":"tag-republique-francaise"},"share_on_mastodon":{"url":"https:\/\/pubeurope.com\/@fr\/115189477834811183","error":""},"_links":{"self":[{"href":"https:\/\/www.europesays.com\/fr\/wp-json\/wp\/v2\/posts\/384440","targetHints":{"allow":["GET"]}}],"collection":[{"href":"https:\/\/www.europesays.com\/fr\/wp-json\/wp\/v2\/posts"}],"about":[{"href":"https:\/\/www.europesays.com\/fr\/wp-json\/wp\/v2\/types\/post"}],"author":[{"embeddable":true,"href":"https:\/\/www.europesays.com\/fr\/wp-json\/wp\/v2\/users\/2"}],"replies":[{"embeddable":true,"href":"https:\/\/www.europesays.com\/fr\/wp-json\/wp\/v2\/comments?post=384440"}],"version-history":[{"count":0,"href":"https:\/\/www.europesays.com\/fr\/wp-json\/wp\/v2\/posts\/384440\/revisions"}],"wp:featuredmedia":[{"embeddable":true,"href":"https:\/\/www.europesays.com\/fr\/wp-json\/wp\/v2\/media\/384441"}],"wp:attachment":[{"href":"https:\/\/www.europesays.com\/fr\/wp-json\/wp\/v2\/media?parent=384440"}],"wp:term":[{"taxonomy":"category","embeddable":true,"href":"https:\/\/www.europesays.com\/fr\/wp-json\/wp\/v2\/categories?post=384440"},{"taxonomy":"post_tag","embeddable":true,"href":"https:\/\/www.europesays.com\/fr\/wp-json\/wp\/v2\/tags?post=384440"}],"curies":[{"name":"wp","href":"https:\/\/api.w.org\/{rel}","templated":true}]}}