{"id":384442,"date":"2025-09-12T04:38:10","date_gmt":"2025-09-12T04:38:10","guid":{"rendered":"https:\/\/www.europesays.com\/fr\/384442\/"},"modified":"2025-09-12T04:38:10","modified_gmt":"2025-09-12T04:38:10","slug":"25-000-signatures-contre-la-construction-de-deux-immeubles-sur-une-exploitation-agricole-en-plein-montpellier","status":"publish","type":"post","link":"https:\/\/www.europesays.com\/fr\/384442\/","title":{"rendered":"25.000 signatures contre la construction de deux immeubles sur une exploitation agricole en plein Montpellier"},"content":{"rendered":"<p>\u00c0 Montpellier, un projet immobilier menace l\u2019exploitation mara\u00eech\u00e8re de la Cit\u00e9 Berg\u00e8re, un \u00eelot de verdure nich\u00e9 entre les immeubles du centre-ville. Un collectif d\u2019habitants mobilis\u00e9s a d\u00e9j\u00e0 recueilli 25.000 signatures pour tenter de bloquer le chantier.\n<\/p>\n<p>C\u2019est une parcelle insoup\u00e7onn\u00e9e, coinc\u00e9e entre les immeubles au c\u0153ur de Montpellier\u00a0: la Cit\u00e9 Berg\u00e8re. Ici, des l\u00e9gumes sont encore cultiv\u00e9s en rang\u00e9es. Mais \u00e0 la place des potirons, ce sont deux immeubles qui pourraient bient\u00f4t sortir de terre. Un permis de construire a en effet \u00e9t\u00e9 affich\u00e9 d\u00e9but ao\u00fbt sur la grille de l\u2019exploitation.<\/p>\n<p><img loading=\"lazy\" decoding=\"async\" class=\"VisualPreview svelte-1rldrkz\" src=\"data:image\/jpeg;base64,\/9j\/2wBDACgcHiMeGSgjISMtKygwPGRBPDc3PHtYXUlkkYCZlo+AjIqgtObDoKrarYqMyP\/L2u71\/\/\/\/m8H\/\/\/\/6\/+b9\/\/j\/2wBDASstLTw1PHZBQXb4pYyl+Pj4+Pj4+Pj4+Pj4+Pj4+Pj4+Pj4+Pj4+Pj4+Pj4+Pj4+Pj4+Pj4+Pj4+Pj4+Pj4+Pj\/wAARCAAfACoDASIAAhEBAxEB\/8QAFgABAQEAAAAAAAAAAAAAAAAAAAEC\/8QAFRABAQAAAAAAAAAAAAAAAAAAAAH\/xAAWAQEBAQAAAAAAAAAAAAAAAAABAAL\/xAAUEQEAAAAAAAAAAAAAAAAAAAAA\/9oADAMBAAIRAxEAPwDIDCAABFEkVmNQkFAgAp\/\/2Q==\" alt=\"Des l\u00e9gumes sont cultiv\u00e9s \u00e0 la Cit\u00e9 Berg\u00e8re\" width=\"600\" height=\"450\"\/>  Des l\u00e9gumes sont cultiv\u00e9s \u00e0 la Cit\u00e9 Berg\u00e8re \u00a9 Radio France &#8211; Ma\u00ebl Pr\u00e9vost<\/p>\n<p>\u00ab\u00a0En tant que riverain, on est quand m\u00eame assez \u00e9tonn\u00e9 de voir un projet comme \u00e7a, qui d\u00e9nature autant le paysage et le quartier. On ne comprend pas\u00a0\u00bb, d\u00e9plore Ana\u00efs, membre du collectif Sauvons la Cit\u00e9 Berg\u00e8re. D\u00e8s la publication du permis, les habitants ont lanc\u00e9 une p\u00e9tition en ligne\u00a0: plus de 25.000 signatures ont \u00e9t\u00e9 recueillies depuis son lancement\u00a0<a target=\"_blank\" rel=\"nofollow noopener noreferrer\" class=\"IciLink ici-link IciArticleLink g-ici-body-regular-1 underline brand svelte-lu7k6w\" href=\"https:\/\/www.change.org\/p\/contre-la-disparition-de-la-derni%C3%A8re-terre-agricole-du-centre-ville-de-montpellier\">sur Change.org<\/a>. \u00ab\u00a0On ne s\u2019attendait pas \u00e0 un tel engouement\u00a0\u00bb, reconna\u00eet Gr\u00e9gory, un autre membre du collectif.<\/p>\n<p>Projet priv\u00e9<\/p>\n<p>Le mouvement a re\u00e7u le soutien d\u2019\u00e9lus d\u2019opposition, comme Coralie Mantion (Europe \u00c9cologie Les Verts) : \u00ab\u00a0On a un maire qui n\u2019est pas \u00e0 l\u2019\u00e9coute des habitants. Il faudrait que la Ville rach\u00e8te cette parcelle.\u00a0\u00bb<\/p>\n<p>La municipalit\u00e9, elle, d\u00e9fend sa position. \u00ab\u00a0Il s\u2019agit d\u2019un projet priv\u00e9. Si certains se sentent l\u00e9s\u00e9s, ils peuvent se tourner vers la justice\u00a0\u00bb, r\u00e9torque Laurent Nison, adjoint au maire charg\u00e9 de l\u2019urbanisme, qui rappelle que le collectif a d\u00e9j\u00e0 \u00e9t\u00e9 re\u00e7u \u00e0 la mairie. Une nouvelle rencontre entre les habitants mobilis\u00e9s et la municipalit\u00e9 est pr\u00e9vue prochainement.<\/p>\n","protected":false},"excerpt":{"rendered":"\u00c0 Montpellier, un projet immobilier menace l\u2019exploitation mara\u00eech\u00e8re de la Cit\u00e9 Berg\u00e8re, un \u00eelot de verdure nich\u00e9 entre&hellip;\n","protected":false},"author":2,"featured_media":384443,"comment_status":"","ping_status":"","sticky":false,"template":"","format":"standard","meta":{"footnotes":""},"categories":[9599],"tags":[1111,11,1777,674,1011,27,2208,12,2680,25],"class_list":{"0":"post-384442","1":"post","2":"type-post","3":"status-publish","4":"format-standard","5":"has-post-thumbnail","7":"category-montpellier","8":"tag-actu","9":"tag-actualites","10":"tag-eu","11":"tag-europe","12":"tag-fr","13":"tag-france","14":"tag-montpellier","15":"tag-news","16":"tag-occitanie","17":"tag-republique-francaise"},"share_on_mastodon":{"url":"https:\/\/pubeurope.com\/@fr\/115189481774740732","error":""},"_links":{"self":[{"href":"https:\/\/www.europesays.com\/fr\/wp-json\/wp\/v2\/posts\/384442","targetHints":{"allow":["GET"]}}],"collection":[{"href":"https:\/\/www.europesays.com\/fr\/wp-json\/wp\/v2\/posts"}],"about":[{"href":"https:\/\/www.europesays.com\/fr\/wp-json\/wp\/v2\/types\/post"}],"author":[{"embeddable":true,"href":"https:\/\/www.europesays.com\/fr\/wp-json\/wp\/v2\/users\/2"}],"replies":[{"embeddable":true,"href":"https:\/\/www.europesays.com\/fr\/wp-json\/wp\/v2\/comments?post=384442"}],"version-history":[{"count":0,"href":"https:\/\/www.europesays.com\/fr\/wp-json\/wp\/v2\/posts\/384442\/revisions"}],"wp:featuredmedia":[{"embeddable":true,"href":"https:\/\/www.europesays.com\/fr\/wp-json\/wp\/v2\/media\/384443"}],"wp:attachment":[{"href":"https:\/\/www.europesays.com\/fr\/wp-json\/wp\/v2\/media?parent=384442"}],"wp:term":[{"taxonomy":"category","embeddable":true,"href":"https:\/\/www.europesays.com\/fr\/wp-json\/wp\/v2\/categories?post=384442"},{"taxonomy":"post_tag","embeddable":true,"href":"https:\/\/www.europesays.com\/fr\/wp-json\/wp\/v2\/tags?post=384442"}],"curies":[{"name":"wp","href":"https:\/\/api.w.org\/{rel}","templated":true}]}}