{"id":384444,"date":"2025-09-12T04:39:10","date_gmt":"2025-09-12T04:39:10","guid":{"rendered":"https:\/\/www.europesays.com\/fr\/384444\/"},"modified":"2025-09-12T04:39:10","modified_gmt":"2025-09-12T04:39:10","slug":"carte-seulement-une-piscine-pour-30-000-habitants-autour-de-rouen-il-y-a-des-zones-desertees","status":"publish","type":"post","link":"https:\/\/www.europesays.com\/fr\/384444\/","title":{"rendered":"CARTE &#8211; Seulement une piscine pour 30.000 habitants autour de Rouen\u00a0: \u00ab\u00a0il y a des zones d\u00e9sert\u00e9es\u00a0\u00bb"},"content":{"rendered":"<p>Il y a une piscine pour 30.000 habitants environ dans la m\u00e9tropole de Rouen. C&rsquo;est deux fois moins que la moyenne nationale. Un chiffre qui cache des disparit\u00e9s, mais qui illustre aussi la peur de l&rsquo;eau pr\u00e9sente chez les plus jeunes.<\/p>\n<p>On parle r\u00e9guli\u00e8rement du manque de piscine dans l&rsquo;agglom\u00e9ration de Rouen. Il y en a 19 pour un demi-million d&rsquo;habitants, dont deux sont actuellement ferm\u00e9es. Cela repr\u00e9sente donc une piscine pour 30.000 habitants, environ. Loin de la moyenne fran\u00e7aise, qui est d&rsquo;<strong>un \u00e9quipement public pour 15.000 habitants<\/strong> (4.135 piscines en France en 2018). Et toutes ne sont pas dans un superbe \u00e9tat. Certaines sont <strong>v\u00e9tustes<\/strong>, d&rsquo;autres r\u00e9guli\u00e8rement <strong>r\u00e9nov\u00e9es<\/strong>, d&rsquo;autres carr\u00e9ment <strong>ferm\u00e9es<\/strong> (comme celle de Notre-Dame-de-Bondeville) ou en r\u00e9novation compl\u00e8te (au Boulingrin, \u00e0 Rouen).<\/p>\n<p>Des disparit\u00e9s g\u00e9ographiques<\/p>\n<p>Au milieu de cette situation, la destruction de la piscine Transat, \u00e0 Bihorel, inutilis\u00e9e depuis dix ans, \u00e0 de quoi interroger. Une\u00a0<a target=\"_blank\" rel=\"nofollow noopener noreferrer\" class=\"IciLink ici-link IciArticleLink g-ici-body-regular-1 underline brand svelte-lu7k6w\" href=\"https:\/\/www.change.org\/p\/derni%C3%A8re-chance-de-sauver-la-piscine-de-bihorel\">p\u00e9tition, rassemblant 1.400 signature<\/a>s, s&rsquo;opposait \u00e0 cette d\u00e9molition. Symbole de son importance. Devant les pelleteuses, qui grignotent le vieux b\u00e2timent, Solange se d\u00e9sole\u00a0: \u00ab\u00a0J&rsquo;ai appris \u00e0 nager ici, j&rsquo;\u00e9tais d\u00e9j\u00e0 \u00e0 la retraite. Avant, j&rsquo;avais peur de l&rsquo;eau, des ponts. Donc l\u00e0, cela me manque, je n&rsquo;ai plus d&rsquo;endroits o\u00f9 me baigner proche d&rsquo;ici\u00a0\u00bb, indique-t-elle.<\/p>\n<p>Dix-neuf piscines dans la m\u00e9tropole, ce n&rsquo;est peut-\u00eatre pas assez, indique David Lamiray, le vice-pr\u00e9sident de la m\u00e9tropole de Rouen, en charge des sports\u00a0: \u00ab\u00a0On voit sur la cartographie des piscines sur nos 71 communes, que leur r\u00e9partition est assez disparate. Il y a une densit\u00e9 assez forte sur la rive gauche, jusqu&rsquo;\u00e0 Elbeuf et Cl\u00e9on, avec pratiquement une piscine par commune. Une offre plus l\u00e9g\u00e8re sur la rive droite et <strong>des poches o\u00f9 il n&rsquo;y a aucun \u00e9quipement<\/strong>, indique l&rsquo;\u00e9lu. Je rappelle qu&rsquo;il n&rsquo;y a <strong>jamais eu autant de noy\u00e9s cette ann\u00e9e<\/strong>, il y a un lien tr\u00e8s fort.\u00a0\u00bb<\/p>\n<p> La situation \u00e0 Rouen<\/p>\n<p>La balle dans le camp des communes qui, ici, ont la comp\u00e9tence concernant les piscines. Mais il n&rsquo;y a donc <strong>pas de coh\u00e9rence globale<\/strong> et les projets peuvent parfois \u00eates ralenti. On l&rsquo;a vu avec\u00a0<a class=\"IciLink ici-link IciArticleLink g-ici-body-regular-1 underline brand svelte-lu7k6w\" href=\"https:\/\/www.francebleu.fr\/infos\/culture-loisirs\/photos-on-a-visite-la-nouvelle-piscine-du-plateau-est-de-rouen-qui-va-enfin-ouvrir-ses-portes-9404450\" rel=\"nofollow noopener\" target=\"_blank\"><strong>la piscine du Plateau est<\/strong><\/a>, ouverte cet \u00e9t\u00e9, apr\u00e8s des ann\u00e9es de <strong>tergiversations<\/strong> puis de\u00a0<a class=\"IciLink ici-link IciArticleLink g-ici-body-regular-1 underline brand svelte-lu7k6w\" href=\"https:\/\/www.francebleu.fr\/infos\/economie-social\/en-images-attendue-depuis-quinze-ans-la-piscine-du-plateau-est-de-rouen-pourra-t-elle-enfin-ouvrir-avant-l-ete-9420445\" rel=\"nofollow noopener\" target=\"_blank\">blocages administratifs<\/a>. Certaines sont ferm\u00e9es, ou en r\u00e9novation, et le public se <strong>reporte<\/strong> sur celles qui sont ouvertes, comme celles de Rouen\u00a0: centrales, mais tr\u00e8s utilis\u00e9es. \u00ab\u00a0Le public, \u00e9videmment, s&rsquo;est report\u00e9 sur la piscine de l&rsquo;\u00eele Lacroix\u00a0\u00bb, indique Sarah Vauzelle, l&rsquo;adjointe au maire de Rouen en charge des Sports. Ainsi, <strong>plus de 170.000 personnes sont venues l&rsquo;an dernier<\/strong> dans cette piscine. Du c\u00f4t\u00e9 de Diderot, l&rsquo;autre bassin, rouennais, la fr\u00e9quentation de 2024 (13.000 entr\u00e9es) a d\u00e9j\u00e0 \u00e9t\u00e9 battue au 31 ao\u00fbt 2025 (13.500 personnes) : \u00ab\u00a0Le public va l\u00e0 o\u00f9 il y a des piscines et Rouen repr\u00e9sente un cinqui\u00e8me de la m\u00e9tropole\u00a0\u00bb, admet Sarah Vauzelle. Mais pour elle, quatre piscines permettront de repr\u00e9senter une offre de \u00ab\u00a0grande qualit\u00e9\u00a0\u00bb. Quatre, car <strong>la piscine du Boulingrin rouvrira ses portes au deuxi\u00e8me semestre 2026<\/strong> apr\u00e8s une lourde r\u00e9novation, pour 7,5 millions d&rsquo;euros, et\u00a0<a class=\"IciLink ici-link IciArticleLink g-ici-body-regular-1 underline brand svelte-lu7k6w\" href=\"https:\/\/www.francebleu.fr\/infos\/societe\/la-future-piscine-des-hauts-de-rouen-se-devoile-1608297\" rel=\"nofollow noopener\" target=\"_blank\">une autre sera construite dans les Hauts de Rouen<\/a>\u00a0d&rsquo;ici \u00e0 2027-2028.<\/p>\n<p>\u00c0 l&rsquo;Ouest, du nouveau\u00a0?<\/p>\n<p>Restent les soucis g\u00e9ographiques. Autour de Jumi\u00e8ges, on manque toujours d&rsquo;\u00e9quipement. \u00ab\u00a0Il y a vingt kilom\u00e8tres \u00e0 faire de chaque c\u00f4t\u00e9 pour voir une piscine\u00a0\u00bb, se d\u00e9sole Patrick Callais, le maire du Trait, qui fait lui aussi le lien avec un danger pour les enfants\u00a0: \u00ab\u00a0On voit avec les enfants du centre de loisirs qu&rsquo;il peut y avoir une grande peur, pour ceux qui n&rsquo;ont pas la chance d&rsquo;apprendre \u00e0 nager ou d&rsquo;aller en vacances avec leurs parents\u00a0\u00bb, explique l&rsquo;\u00e9lu. \u00ab\u00a0On a un cr\u00e9neau dans les piscines les plus proches, mais cela fait 20 minutes de car aller, puis 20 minutes retour, cela fait en tout 20 minutes dans l&rsquo;eau, ce n&rsquo;est pas possible&#8230;\u00a0\u00bb<\/p>\n<p>Pour y rem\u00e9dier, la <strong>construction d&rsquo;une piscine<\/strong> dans le secteur est envisag\u00e9e. Des bassins de nage, mais pas forc\u00e9ment de loisirs, qui seraient install\u00e9s <strong>pr\u00e8s de la base de loisirs de Jumi\u00e8ges<\/strong>, pour concentrer les \u00e9quipements. Une \u00e9tude de faisabilit\u00e9 doit \u00eatre lanc\u00e9e rapidement, car l&rsquo;id\u00e9e semble faire consensus aupr\u00e8s des maires du secteur, selon Patrick Callais. De quoi continuer \u00e0 rattraper le retard accumul\u00e9 au fil des ann\u00e9es.<\/p>\n","protected":false},"excerpt":{"rendered":"Il y a une piscine pour 30.000 habitants environ dans la m\u00e9tropole de Rouen. C&rsquo;est deux fois moins&hellip;\n","protected":false},"author":2,"featured_media":384445,"comment_status":"","ping_status":"","sticky":false,"template":"","format":"standard","meta":{"footnotes":""},"categories":[9587],"tags":[1111,11,1777,674,1011,27,12,5161,25,9590],"class_list":{"0":"post-384444","1":"post","2":"type-post","3":"status-publish","4":"format-standard","5":"has-post-thumbnail","7":"category-rouen","8":"tag-actu","9":"tag-actualites","10":"tag-eu","11":"tag-europe","12":"tag-fr","13":"tag-france","14":"tag-news","15":"tag-normandie","16":"tag-republique-francaise","17":"tag-rouen"},"share_on_mastodon":{"url":"https:\/\/pubeurope.com\/@fr\/115189485548948943","error":""},"_links":{"self":[{"href":"https:\/\/www.europesays.com\/fr\/wp-json\/wp\/v2\/posts\/384444","targetHints":{"allow":["GET"]}}],"collection":[{"href":"https:\/\/www.europesays.com\/fr\/wp-json\/wp\/v2\/posts"}],"about":[{"href":"https:\/\/www.europesays.com\/fr\/wp-json\/wp\/v2\/types\/post"}],"author":[{"embeddable":true,"href":"https:\/\/www.europesays.com\/fr\/wp-json\/wp\/v2\/users\/2"}],"replies":[{"embeddable":true,"href":"https:\/\/www.europesays.com\/fr\/wp-json\/wp\/v2\/comments?post=384444"}],"version-history":[{"count":0,"href":"https:\/\/www.europesays.com\/fr\/wp-json\/wp\/v2\/posts\/384444\/revisions"}],"wp:featuredmedia":[{"embeddable":true,"href":"https:\/\/www.europesays.com\/fr\/wp-json\/wp\/v2\/media\/384445"}],"wp:attachment":[{"href":"https:\/\/www.europesays.com\/fr\/wp-json\/wp\/v2\/media?parent=384444"}],"wp:term":[{"taxonomy":"category","embeddable":true,"href":"https:\/\/www.europesays.com\/fr\/wp-json\/wp\/v2\/categories?post=384444"},{"taxonomy":"post_tag","embeddable":true,"href":"https:\/\/www.europesays.com\/fr\/wp-json\/wp\/v2\/tags?post=384444"}],"curies":[{"name":"wp","href":"https:\/\/api.w.org\/{rel}","templated":true}]}}