{"id":384453,"date":"2025-09-12T04:47:11","date_gmt":"2025-09-12T04:47:11","guid":{"rendered":"https:\/\/www.europesays.com\/fr\/384453\/"},"modified":"2025-09-12T04:47:11","modified_gmt":"2025-09-12T04:47:11","slug":"un-4e-forum-et-un-off-pour-etre-en-joie-du-14-au-28-septembre","status":"publish","type":"post","link":"https:\/\/www.europesays.com\/fr\/384453\/","title":{"rendered":"un 4e forum et un off pour \u00ab \u00catre en joie \u00bb, du 14 au 28 septembre"},"content":{"rendered":"<p class=\"insetTitle\">Une marche, des ateliers\u2026 des ench\u00e8res, un concert<\/p>\n<p><strong>\u25a0 Un forum au format habituel, \u00e0 Oberhausbergen<\/strong><\/p>\n<p>-Vendredi 19\u00a0septembre (18\u00a0h\u00a030)\u00a0: soir\u00e9e inaugurale<\/p>\n<p>-Samedi 20\u00a0septembre (13\u00a0h\u00a030)\u00a0: pl\u00e9ni\u00e8re interactive<\/p>\n<p>-Dimanche 21\u00a0septembre (9\u00a0h\u00a030)\u00a0: quatre ateliers<\/p>\n<p> \u25b6 \u2002Autour du th\u00e8me \u00ab\u00a0Etre en joie\u00a0\u00bb. Au Pr\u00e9O, en pr\u00e9sence des peuples racines et avec restauration du monde. Capacit\u00e9 d\u2019accueil de 350 places.<\/p>\n<p><strong>\u25a0 Un forum off pour la premi\u00e8re fois, entre Oberhausbergen et Strasbourg<\/strong><\/p>\n<p> \u2606 \u2002\u00c0 Oberhausbergen<\/p>\n<p>-Jeudi 14\u00a0septembre (12\u00a0h) au jardin du Wasserloch\u00a0: pique-nique<\/p>\n<p> \u2606 \u2002\u00c0 Strasbourg<\/p>\n<p>-Du jeudi 18\u00a0septembre au dimanche 28\u00a0septembre (de 10\u00a0h \u00e0 19\u00a0h\u00a030 selon les jours) \u00e0 l\u2019Aubette\u00a0: exposition photographique (Franck Desplanques)<\/p>\n<p>-Dimanche 21\u00a0septembre (12\u00a0h\u00a030) au Parlement europ\u00e9en\u00a0: tribune des peuples racines dans le cadre des Biblioth\u00e8ques id\u00e9ales<\/p>\n<p>-Vendredi 26\u00a0septembre (18\u00a0h\u00a030) \u00e0 l\u2019Aubette\u00a0: vente aux ench\u00e8res d\u2019\u0153uvres originales (Ungerer, Waydelich\u2026)<\/p>\n<p>-Samedi 27\u00a0septembre (20\u00a0h) \u00e0 l\u2019Aubette\u00a0: concert humanitaire d\u2019un groupe malgache<\/p>\n<p> \u25b6 \u2002A noter\u00a0: les repr\u00e9sentants mayas seront pr\u00e9sents \u00e0 l\u2019inauguration publique du salon BiObernai, \u00ab\u00a0partenaire de c\u0153ur\u00a0\u00bb, le vendredi 19\u00a0septembre (11\u00a0h\u00a030).<\/p>\n<p class=\"note\">Informations, tarifs et r\u00e9servations en ligne\u00a0: www.forumpeuplesracines.org. Billetterie et plateaux au profit de l\u2019association LVTP (venue des peuples, financement des cinq projets).<\/p>\n","protected":false},"excerpt":{"rendered":"Une marche, des ateliers\u2026 des ench\u00e8res, un concert \u25a0 Un forum au format habituel, \u00e0 Oberhausbergen -Vendredi 19\u00a0septembre&hellip;\n","protected":false},"author":2,"featured_media":384454,"comment_status":"","ping_status":"","sticky":false,"template":"","format":"standard","meta":{"footnotes":""},"categories":[2820],"tags":[1111,11,2389,6211,1687,2880,436,1777,674,2271,107,1685,1011,27,775,937,3035,12,2661,5889,5486,4043,25,104,953,3140,640,2879,1631],"class_list":{"0":"post-384453","1":"post","2":"type-post","3":"status-publish","4":"format-standard","5":"has-post-thumbnail","7":"category-strasbourg","8":"tag-actu","9":"tag-actualites","10":"tag-alsace","11":"tag-conference","12":"tag-culture-loisirs","13":"tag-edition-strasbourg","14":"tag-environnement","15":"tag-eu","16":"tag-europe","17":"tag-exposition-arts-plastiques","18":"tag-fil-info","19":"tag-foire-et-salon","20":"tag-fr","21":"tag-france","22":"tag-grand-est","23":"tag-histoire","24":"tag-la-matinale-strasbourg","25":"tag-news","26":"tag-patrimoine-culturel","27":"tag-religion-croyance","28":"tag-rencontre","29":"tag-repas-et-the-dansant","30":"tag-republique-francaise","31":"tag-societe","32":"tag-soiree","33":"tag-spectacle","34":"tag-strasbourg","35":"tag-strasbourg-ville","36":"tag-vie-associative"},"share_on_mastodon":{"url":"https:\/\/pubeurope.com\/@fr\/115189517101767246","error":""},"_links":{"self":[{"href":"https:\/\/www.europesays.com\/fr\/wp-json\/wp\/v2\/posts\/384453","targetHints":{"allow":["GET"]}}],"collection":[{"href":"https:\/\/www.europesays.com\/fr\/wp-json\/wp\/v2\/posts"}],"about":[{"href":"https:\/\/www.europesays.com\/fr\/wp-json\/wp\/v2\/types\/post"}],"author":[{"embeddable":true,"href":"https:\/\/www.europesays.com\/fr\/wp-json\/wp\/v2\/users\/2"}],"replies":[{"embeddable":true,"href":"https:\/\/www.europesays.com\/fr\/wp-json\/wp\/v2\/comments?post=384453"}],"version-history":[{"count":0,"href":"https:\/\/www.europesays.com\/fr\/wp-json\/wp\/v2\/posts\/384453\/revisions"}],"wp:featuredmedia":[{"embeddable":true,"href":"https:\/\/www.europesays.com\/fr\/wp-json\/wp\/v2\/media\/384454"}],"wp:attachment":[{"href":"https:\/\/www.europesays.com\/fr\/wp-json\/wp\/v2\/media?parent=384453"}],"wp:term":[{"taxonomy":"category","embeddable":true,"href":"https:\/\/www.europesays.com\/fr\/wp-json\/wp\/v2\/categories?post=384453"},{"taxonomy":"post_tag","embeddable":true,"href":"https:\/\/www.europesays.com\/fr\/wp-json\/wp\/v2\/tags?post=384453"}],"curies":[{"name":"wp","href":"https:\/\/api.w.org\/{rel}","templated":true}]}}