{"id":384463,"date":"2025-09-12T04:52:16","date_gmt":"2025-09-12T04:52:16","guid":{"rendered":"https:\/\/www.europesays.com\/fr\/384463\/"},"modified":"2025-09-12T04:52:16","modified_gmt":"2025-09-12T04:52:16","slug":"municipales-2026-nathalie-delattre-saffirme-la-plus-legitime-pour-unir-derriere-elle-la-droite-et-le-centre-a-bordeaux","status":"publish","type":"post","link":"https:\/\/www.europesays.com\/fr\/384463\/","title":{"rendered":"Municipales 2026 : Nathalie Delattre s&rsquo;affirme la plus l\u00e9gitime pour unir derri\u00e8re elle la droite et le centre \u00e0 Bordeaux"},"content":{"rendered":"<p class=\"wp-block-post-excerpt__excerpt\">La candidate bordelaise, qui a r\u00e9uni ses soutiens pour une conf\u00e9rence de presse de rentr\u00e9e, tend la main \u00e0 Thomas Cazenave, tout en affirmant qu\u2019elle seule incarne une dynamique capable de battre Pierre Hurmic en 2026. La ministre d\u00e9missionnaire du tourisme doit aussi composer avec un nouveau candidat officiellement sorti du bois \u00e0 droite, l\u2019\u00e9conomiste Philippe Dessertine. <\/p>\n<p>Walid Salem<\/p>\n<p>Publi\u00e9 le 12 septembre 2025\u00a0\u00a0\u00b7\u00a0\u00a0<\/p>\n<p>Imprim\u00e9 le 12 septembre 2025 \u00e0 06h52\u00a0\u00a0\u00b7\u00a0\u00a0<\/p>\n<p>\t\t\t\t\t4\u00a0minutes\n<\/p>\n<p>\u00ab\u00a0D\u00e8s le mois de mars, nous avions pris un temps d\u2019avance sur l\u2019union\u00a0\u00bb, lance Nathalie Delattre en ouvrant sa conf\u00e9rence de presse. Autour d\u2019elle, une coalition d\u00e9j\u00e0 structur\u00e9e : Horizons, MoDem, LR, UDI, \u00c9cologie positive, Alliance centriste, \u00e9lus de la soci\u00e9t\u00e9 civile et soutiens issus du monde \u00e9conomique. <\/p>\n<p>Le premier groupe d\u2019opposition au conseil municipal, Bordeaux Ensemble, et le groupe M\u00e9tropole Commune(s) \u00e0 la m\u00e9tropole ont \u00e9galement d\u00e9sign\u00e9 l\u2019ancienne s\u00e9natrice comme chef de file. Apr\u00e8s la disparition de son leader, Nicolas Florian, le choix de Nathalie Delattre s\u2019est fait \u00ab\u00a0naturellement\u00a0\u00bb \u00e0 l\u2019issue d\u2019une r\u00e9union le 13 f\u00e9vrier 2025 rappelle Fabien Robert, \u00ab\u00a0loin des sondages\u00a0\u00bb.<\/p>\n<p>\t\tLa main tendue \u00e0 Cazenave et Siarri<\/p>\n<p><a href=\"https:\/\/rue89bordeaux.com\/2025\/09\/municipales-2026-thomas-cazenave-et-alexandra-siarri-scellent-une-premiere-alliance-a-bordeaux\/\" target=\"_blank\" rel=\"noreferrer noopener\">Le rapprochement entre Thomas Cazenave et Alexandra Siarri<\/a>, deux figures des groupes d\u2019opposition municipale, Renouveau Bordeaux pour le premier et Bordeaux ensemble, pour la seconde, est \u00e9videmment dans les esprits. Tout comme le sondage command\u00e9 par l\u2019ex-ministre des comptes publics macroniste le pla\u00e7ant comme s\u00e9rieux challenger de Pierre Hurmic.<\/p>\n<p>Rue89 Bordeaux a besoin de vos dons<\/p>\n<p>Mille mercis \u00e0 nos 131 donateurs ! Gr\u00e2ce \u00e0 vous, nous avons atteint notre objectif initial de 10\u202f000\u202f\u20ac. Ce soutien va nous permettre de renflouer notre tr\u00e9sorerie, apr\u00e8s le d\u00e9sengagement en 2025 d\u2019un annonceur important \u2013 Bordeaux M\u00e9tropole \u2013 et de r\u00e9gler nos factures en attente.<br \/>Cependant, la cagnotte reste ouverte jusqu\u2019\u00e0 fin septembre afin de vous laisser l\u2019occasion de continuer \u00e0 soutenir votre m\u00e9dia ind\u00e9pendant. Chaque don est d\u00e9ductible des imp\u00f4ts \u00e0 hauteur de 66\u202f%. En recevoir davantage nous permettra de consolider nos finances, d\u2019envisager une rentr\u00e9e sereine, et surtout, d\u2019enrichir nos contenus et de renforcer notre r\u00e9daction.<\/p>\n<p><\/p>\n<p class=\"has-primary-color has-text-color\">\n\t\t\t<strong> Cet article fait partie de l\u2019\u00e9dition abonn\u00e9s.<\/strong><br \/>\n\t\t\t| D\u00e9j\u00e0 abonn\u00e9\u00a0?<br \/>\n\t\t\t<a href=\"https:\/\/rue89bordeaux.com\/user\/login\/\" data-type=\"page\" data-id=\"26256\" target=\"_blank\" rel=\"noopener\">Connectez-vous<\/a>\n\t\t<\/p>\n<p>Abonnez-vous maintenant pour poursuivre votre lecture<\/p>\n<p><img loading=\"lazy\" decoding=\"async\" width=\"607\" height=\"480\" src=\"https:\/\/www.europesays.com\/fr\/wp-content\/uploads\/2025\/04\/1744387698_768_04-paywall.png\" alt=\"Abonnez-vous\" class=\"wp-image-128438\" style=\"aspect-ratio:1.2645833333333334;width:281px;height:auto\"  \/><\/p>\n<p>\t\t\t<a href=\"https:\/\/rue89bordeaux.com\/\" class=\"custom-logo-link\" rel=\"home noopener\" target=\"_blank\"><img loading=\"lazy\" decoding=\"async\" width=\"290\" height=\"49\" src=\"https:\/\/www.europesays.com\/fr\/wp-content\/uploads\/2025\/04\/logo.png\" class=\"custom-logo\" alt=\"Rue89Bordeaux Enqu\u00eates et informations de proximit\u00e9\"  \/><\/a><\/p>\n<p>\n\t\t\t\tAbonnez-vous maintenant pour suivre l\u2019actualit\u00e9 locale.\t\t\t<\/p>\n<p class=\"font-bold font-serif-heading mb-2 text-4xl\">\n\t\t\t\t\t\tL\u2019investigation locale \u00e0 port\u00e9e de main.\n\t\t\t\t\t<\/p>\n<p>\n\t\t\t\t\t\tAbonnez-vous et profitez d\u2019un acc\u00e8s illimit\u00e9 \u00e0 Rue89Bordeaux. Annulez quand vous voulez.\n\t\t\t\t\t<\/p>\n<p class=\"xl:text-sm\">\n\t\t\t\t\tD\u00e9j\u00e0 abonn\u00e9\u00a0?<br \/>\n\t\t\t\t\t<a class=\"border border-transparent text-center transition-colors duration-instant focus:border-info focus:rounded focus:shadow-focus cursor-pointer text-black hover:text-gray-700 active:bg-black-700 font-semibold inline-block\" href=\"https:\/\/rue89bordeaux.com\/user\/login\/?redirect=\/2025\/09\/municipales-2026-nathalie-delattre-saffirme-la-plus-legitime-pour-unir-derriere-elle-la-droite-et-le-centre-a-bordeaux\/\" target=\"_blank\" rel=\"noopener\">Connectez-vous<\/a>\t\t\t\t<\/p>\n<p>\n\t\t\t\tChoisissez votre formule\u00a0:\n\t\t\t<\/p>\n<p>\t\t\t\tFermer<\/p>\n","protected":false},"excerpt":{"rendered":"La candidate bordelaise, qui a r\u00e9uni ses soutiens pour une conf\u00e9rence de presse de rentr\u00e9e, tend la main&hellip;\n","protected":false},"author":2,"featured_media":384464,"comment_status":"","ping_status":"","sticky":false,"template":"","format":"standard","meta":{"footnotes":""},"categories":[2817],"tags":[1111,11,1997,1777,674,1011,27,3434,24257,12,2219,316,25],"class_list":{"0":"post-384463","1":"post","2":"type-post","3":"status-publish","4":"format-standard","5":"has-post-thumbnail","7":"category-bordeaux","8":"tag-actu","9":"tag-actualites","10":"tag-bordeaux","11":"tag-eu","12":"tag-europe","13":"tag-fr","14":"tag-france","15":"tag-municipales-2026","16":"tag-nathalie-delattre","17":"tag-news","18":"tag-nouvelle-aquitaine","19":"tag-politique","20":"tag-republique-francaise"},"share_on_mastodon":{"url":"https:\/\/pubeurope.com\/@fr\/115189536832247584","error":""},"_links":{"self":[{"href":"https:\/\/www.europesays.com\/fr\/wp-json\/wp\/v2\/posts\/384463","targetHints":{"allow":["GET"]}}],"collection":[{"href":"https:\/\/www.europesays.com\/fr\/wp-json\/wp\/v2\/posts"}],"about":[{"href":"https:\/\/www.europesays.com\/fr\/wp-json\/wp\/v2\/types\/post"}],"author":[{"embeddable":true,"href":"https:\/\/www.europesays.com\/fr\/wp-json\/wp\/v2\/users\/2"}],"replies":[{"embeddable":true,"href":"https:\/\/www.europesays.com\/fr\/wp-json\/wp\/v2\/comments?post=384463"}],"version-history":[{"count":0,"href":"https:\/\/www.europesays.com\/fr\/wp-json\/wp\/v2\/posts\/384463\/revisions"}],"wp:featuredmedia":[{"embeddable":true,"href":"https:\/\/www.europesays.com\/fr\/wp-json\/wp\/v2\/media\/384464"}],"wp:attachment":[{"href":"https:\/\/www.europesays.com\/fr\/wp-json\/wp\/v2\/media?parent=384463"}],"wp:term":[{"taxonomy":"category","embeddable":true,"href":"https:\/\/www.europesays.com\/fr\/wp-json\/wp\/v2\/categories?post=384463"},{"taxonomy":"post_tag","embeddable":true,"href":"https:\/\/www.europesays.com\/fr\/wp-json\/wp\/v2\/tags?post=384463"}],"curies":[{"name":"wp","href":"https:\/\/api.w.org\/{rel}","templated":true}]}}