{"id":384469,"date":"2025-09-12T04:55:11","date_gmt":"2025-09-12T04:55:11","guid":{"rendered":"https:\/\/www.europesays.com\/fr\/384469\/"},"modified":"2025-09-12T04:55:11","modified_gmt":"2025-09-12T04:55:11","slug":"ses-parents-organisent-une-journee-a-toulouse-pour-esperer-un-miracle","status":"publish","type":"post","link":"https:\/\/www.europesays.com\/fr\/384469\/","title":{"rendered":"ses parents organisent une journ\u00e9e \u00e0 Toulouse pour esp\u00e9rer un miracle"},"content":{"rendered":"<p>            Par<br \/>\n        <strong><br \/>\n            <a href=\"https:\/\/actu.fr\/auteur\/enzo-legros\" title=\"Consulter tous les articles de Enzo Legros\" target=\"_blank\" rel=\"noopener\">Enzo Legros<\/a><br \/>\n        <\/strong><\/p>\n<p>        Publi\u00e9 le<\/p>\n<p>            12 sept. 2025 \u00e0 6h46        <\/p>\n<p>La situation de Rapha\u00ebl, un jeune de 19\u00a0ans atteint d\u2019un cancer de la moelle \u00e0 osseuse persistant, pris depuis en charge depuis 8\u00a0ans \u00e0 l\u2019Oncopole de <a href=\"https:\/\/actu.fr\/toulouse\/\" target=\"_blank\" rel=\"noopener\">Toulouse<\/a>, a provoqu\u00e9 l\u2019\u00e9moi de milliers d\u2019internautes. Elle est simple et tragique\u2009: s\u2019il ne trouve pas de donneur de moelle rapidement, <strong>il perdra la vie<\/strong>. Apr\u00e8s avoir <a href=\"https:\/\/actu.fr\/occitanie\/toulouse_31555\/c-est-ma-derniere-chance-de-survie-atteint-d-un-cancer-a-19-ans-raphael-lance-un-ultime-appel-a-toulouse_63068001.html\" target=\"_blank\" rel=\"noopener\">courageusement rendu public son t\u00e9moignage<\/a> en pleine lutte contre la maladie, Rapha\u00ebl n\u2019a plus son destin entre ses mains. D\u2019origine asiatique, il n\u2019est pas compatible avec les donneurs europ\u00e9ens. <strong>Seule une personne asiatique peut le sauver<\/strong>, mais les probabilit\u00e9s sont infimes. Les parents de Rapha\u00ebl remuent ciel et terre pour tenter de sauver leur fils.<\/p>\n<p>Une journ\u00e9e pour trouver un sauveur<\/p>\n<p class=\" wall-content\">Avec <a href=\"https:\/\/www.laurettefugain.org\/\" target=\"_blank\" rel=\"noopener\">l\u2019association Laurette Fugain<\/a> et <a href=\"https:\/\/www.france-adot.org\/adot-departementales\/adot-31\/\" target=\"_blank\" rel=\"noopener\">Adot 31<\/a>, la famille adoptive du jeune \u00e9tudiant en informatique a d\u00e9cid\u00e9 d\u2019organiser une journ\u00e9e consacr\u00e9e \u00e0 l\u2019inscription des volontaires sur la liste des donneurs de moelle osseuse. Elle aura lieu le <strong>samedi 20\u00a0septembre<\/strong>, \u00ab\u2009toute la journ\u00e9e\u2009\u00bb \u00e0 proximit\u00e9 de la sortie de m\u00e9tro Jean Jaur\u00e8s, pr\u00e9cis\u00e9ment sur l\u2019esplanade Fran\u00e7ois Mitterrand.<\/p>\n<p class=\" wall-content\">Les donneurs d\u2019origine asiatique sont \u00e9videmment convi\u00e9s \u00e0 cet \u00e9v\u00e8nement en plein air, pour \u00ab\u2009sauver Rapha\u00ebl\u2009\u00bb, communique les b\u00e9n\u00e9voles de la branche locale de Laurette Fugain. \u00ab\u2009Il y a <strong>une chance sur un million d\u2019\u00eatre compatible<\/strong> avec une personne\u2009\u00bb, explique Kenza Sevilla, membre de l\u2019association <a href=\"https:\/\/www.leucemie-espoir.org\/antenne-leucemie-espoir-occitanie-une-nouvelle-dynamique\/\" target=\"_blank\" rel=\"noopener\">Leuc\u00e9mie Espoir Occitanie<\/a>.<\/p>\n<p>Un test salivaire pour conna\u00eetre son ADN<\/p>\n<p class=\" wall-content\">Sur place, une \u00e9quipe du <a href=\"https:\/\/actu.fr\/tag\/chu-de-toulouse\" target=\"_blank\" rel=\"noopener\">CHU de Toulouse<\/a> sera pr\u00e9sente pour proc\u00e9der \u00e0 l\u2019enregistrement de la compatibilit\u00e9 de chaque volontaire. Il suffira de faire un test salivaire avec un kit remis au stand, o\u00f9 seront pr\u00e9sents les parents de Rapha\u00ebl.<\/p>\n<p>Vid\u00e9os : en ce moment sur Actu<\/p>\n<p class=\" wall-content\">Si le cas du jeune toulousain est mis en avant, l\u2019objectif n\u2019est pas seulement de lui venir en aide, mais aussi d\u2019augmenter les chances de sauver toutes les vies en attente d\u2019un donneur. Ainsi, tout le monde pourra participer \u00e0 l\u2019action de <a href=\"https:\/\/actu.fr\/tag\/solidarite\" target=\"_blank\" rel=\"noopener\">solidarit\u00e9<\/a>.<\/p>\n<p>Un \u00e9v\u00e8nement de sensibilisation au cancer du sang<\/p>\n<p class=\" wall-content\">Le but de cette mobilisation sera de sensibiliser le plus grand nombre sur l\u2019importance du don de moelle osseuse, un geste tr\u00e8s simple mais important. \u00ab\u2009Beaucoup croient que la moelle osseuse est la moelle \u00e9pini\u00e8re, mais cela n\u2019a rien \u00e0 voir\u2009\u00bb, explique Isabelle, la m\u00e8re de Rapha\u00ebl.<\/p>\n<p>Votre r\u00e9gion, votre actu !<\/p>\n<p>Recevez chaque jour les infos qui comptent pour vous.<\/p>\n<p>\t<a href=\"https:\/\/actu.fr\/newsletter\" class=\"ac-btn ac-btn--corner ac-btn--medium ac-btn--blue800\" target=\"_blank\" rel=\"noopener\">S&rsquo;incrire<\/a><\/p>\n<p class=\" wall-content\">De son c\u00f4t\u00e9, son p\u00e8re a cr\u00e9\u00e9 une affiche qui vise \u00e0 casser les pr\u00e9jug\u00e9s autour du cancer du sang, et d\u2019inviter les passants du centre-ville de Toulouse \u00e0 venir sur le stand d\u2019inscription \u00e0 la liste des donneurs, le 20\u00a0septembre. \u00ab\u2009Dans 80\u2009% des cas, <strong>le don se fait comme un don de sang<\/strong>, mais en plus long\u2009\u00bb, vulgarise-t-il. D\u2019une simple inscription, les personnes int\u00e9ress\u00e9es pourront se porter pr\u00eat \u00e0 r\u00e9agir en cas d\u2019appel pour une greffe urgente. <strong>La vie de nombreux malades en d\u00e9pend<\/strong>, dont celle de Rapha\u00ebl.<\/p>\n<p>Le seul moyen d\u2019aider Rapha\u00ebl et toutes les personnes en attente d\u2019un don de moelle osseuse est de s\u2019inscrire sur la liste des donneurs. Pour ce faire, il faut avoir entre 18 et 35\u00a0ans et se rendre sur le site <a href=\"https:\/\/www.dondemoelleosseuse.fr\/se_preinscrire\/infos\/1\" target=\"_blank\" rel=\"noopener\">www.dondemoelleosseuse.fr<\/a>, se pr\u00e9inscrire et attendre la convocation \u00e0 la visite m\u00e9dicale. Lors de la journ\u00e9e d\u2019inscription sur l\u2019esplanade Fran\u00e7ois Mitterrand, le test salivaire sera directement effectu\u00e9 sur place. Il est inutile d\u2019appeler ou de se rendre \u00e0 l\u2019Oncopole de Toulouse.<\/p>\n<p class=\" wall-content\">Personnalisez votre actualit\u00e9 en ajoutant vos villes et m\u00e9dias en favori avec <a href=\"https:\/\/moncompte.actu.fr\" title=\"D\u00e9couvez Mon Actu\" rel=\"nofollow noopener\" data-trk=\"{&quot;cta&quot;:{&quot;action&quot;:&quot;https:\\\/\\\/moncompte.actu.fr&quot;,&quot;category&quot;:&quot;mon compte&quot;,&quot;from&quot;:&quot;article footer&quot;,&quot;name&quot;:&quot;Mon actu&quot;,&quot;type&quot;:&quot;cta&quot;}}\" target=\"_blank\">Mon Actu<\/a>.<\/p>\n","protected":false},"excerpt":{"rendered":"Par Enzo Legros Publi\u00e9 le 12 sept. 2025 \u00e0 6h46 La situation de Rapha\u00ebl, un jeune de 19\u00a0ans&hellip;\n","protected":false},"author":2,"featured_media":340167,"comment_status":"","ping_status":"","sticky":false,"template":"","format":"standard","meta":{"footnotes":""},"categories":[2816],"tags":[1111,11,101,1777,674,1011,27,12,2680,25,104,3400,2312],"class_list":{"0":"post-384469","1":"post","2":"type-post","3":"status-publish","4":"format-standard","5":"has-post-thumbnail","7":"category-toulouse","8":"tag-actu","9":"tag-actualites","10":"tag-cancer","11":"tag-eu","12":"tag-europe","13":"tag-fr","14":"tag-france","15":"tag-news","16":"tag-occitanie","17":"tag-republique-francaise","18":"tag-societe","19":"tag-solidarite","20":"tag-toulouse"},"share_on_mastodon":{"url":"https:\/\/pubeurope.com\/@fr\/115189548990204249","error":""},"_links":{"self":[{"href":"https:\/\/www.europesays.com\/fr\/wp-json\/wp\/v2\/posts\/384469","targetHints":{"allow":["GET"]}}],"collection":[{"href":"https:\/\/www.europesays.com\/fr\/wp-json\/wp\/v2\/posts"}],"about":[{"href":"https:\/\/www.europesays.com\/fr\/wp-json\/wp\/v2\/types\/post"}],"author":[{"embeddable":true,"href":"https:\/\/www.europesays.com\/fr\/wp-json\/wp\/v2\/users\/2"}],"replies":[{"embeddable":true,"href":"https:\/\/www.europesays.com\/fr\/wp-json\/wp\/v2\/comments?post=384469"}],"version-history":[{"count":0,"href":"https:\/\/www.europesays.com\/fr\/wp-json\/wp\/v2\/posts\/384469\/revisions"}],"wp:featuredmedia":[{"embeddable":true,"href":"https:\/\/www.europesays.com\/fr\/wp-json\/wp\/v2\/media\/340167"}],"wp:attachment":[{"href":"https:\/\/www.europesays.com\/fr\/wp-json\/wp\/v2\/media?parent=384469"}],"wp:term":[{"taxonomy":"category","embeddable":true,"href":"https:\/\/www.europesays.com\/fr\/wp-json\/wp\/v2\/categories?post=384469"},{"taxonomy":"post_tag","embeddable":true,"href":"https:\/\/www.europesays.com\/fr\/wp-json\/wp\/v2\/tags?post=384469"}],"curies":[{"name":"wp","href":"https:\/\/api.w.org\/{rel}","templated":true}]}}