{"id":384470,"date":"2025-09-12T04:56:30","date_gmt":"2025-09-12T04:56:30","guid":{"rendered":"https:\/\/www.europesays.com\/fr\/384470\/"},"modified":"2025-09-12T04:56:30","modified_gmt":"2025-09-12T04:56:30","slug":"pop-mart-lesthete-tripletta-voici-25-nouveaux-magasins-boutiques-et-restaurants-qui-ouvrent-a-lille","status":"publish","type":"post","link":"https:\/\/www.europesays.com\/fr\/384470\/","title":{"rendered":"Pop Mart, L&rsquo;Esth\u00e8te, Tripletta&#8230; Voici 25 nouveaux magasins, boutiques et restaurants qui ouvrent \u00e0 Lille"},"content":{"rendered":"<p>            Par<br \/>\n        <strong><br \/>\n            <a href=\"https:\/\/actu.fr\/auteur\/hervine-mahaud\" title=\"Consulter tous les articles de Hervine Mahaud\" target=\"_blank\" rel=\"noopener\">Hervine Mahaud<\/a><br \/>\n        <\/strong><\/p>\n<p>        Publi\u00e9 le<\/p>\n<p>            12 sept. 2025 \u00e0 6h32        <\/p>\n<p>Une pluie de <b>nouvelles adresses<\/b> accompagne cette rentr\u00e9e 2025. En effet, depuis la fin du mois d\u2019ao\u00fbt, les <b>ouvertures<\/b> de <b>magasins<\/b>, <b>boutiques<\/b>, <b>restaurants<\/b>, <b>bars et coffee shops<\/b> s\u2019encha\u00eenent \u00e0 un rythme effr\u00e9n\u00e9 \u00e0 <a href=\"https:\/\/actu.fr\/lille\/\" target=\"_blank\" rel=\"noopener\">Lille<\/a>. Et encore bien d\u2019autres <b>commerces<\/b> sont en train de peaufiner les d\u00e9tails avant d\u2019accueillir leurs premiers clients. On fait le point sur les <b>25 futures et r\u00e9centes ouvertures<\/b> de la capitale des Flandres.<\/p>\n<p>Pop Mart<\/p>\n<p class=\" wall-content\">La marque chinoise sp\u00e9cialis\u00e9e dans les jouets \u00e0 collectionner, et \u00e0 qui l\u2019on doit le <a href=\"https:\/\/actu.fr\/grand-est\/strasbourg_67482\/labubu-dans-cette-boutique-a-strasbourg-on-vend-ces-peluches-qui-cartonnent-on-recoit-10-appels-par-jour_62818632.html\" target=\"_blank\" rel=\"noopener\">ph\u00e9nom\u00e8ne viral des Labubus<\/a>, d\u00e9barque en force \u00e0 Lille. Apr\u00e8s avoir ouvert <a href=\"https:\/\/actu.fr\/ile-de-france\/paris_75056\/c-est-un-passage-oblige-virales-sur-tiktok-les-peluches-labubu-se-vendent-comme-des-petits-pains-a-paris_63107001.html\" target=\"_blank\" rel=\"noopener\">plusieurs boutiques \u00e0 Paris<\/a> et <a href=\"https:\/\/actu.fr\/nouvelle-aquitaine\/bordeaux_33063\/ses-peluches-affolent-les-reseaux-cette-marque-chinoise-ouvre-sa-premiere-boutique-a-bordeaux_63115184.html\" target=\"_blank\" rel=\"noopener\">Bordeaux<\/a>, <b>Pop Mart<\/b> s\u2019implantera \u00e0 <b>Westfield Euralille<\/b>, dans une cellule situ\u00e9e \u00e0 gauche d\u00e8s l\u2019entr\u00e9e (entre Claire\u2019s et Lego). La date d\u2019ouverture est annonc\u00e9e comme \u00ab\u00a0prochaine\u00a0\u00bb. Comptez sur nous pour vous tenir inform\u00e9s.<\/p>\n<p>    <img   decoding=\"async\" loading=\"lazy\" class=\"size-large\" src=\"https:\/\/www.europesays.com\/fr\/wp-content\/uploads\/2025\/09\/28ca9173d2c862cca9173d2c8ffca9v-960x640.jpg\" alt=\"Pop Mart\" width=\"960\" height=\"640\"\/><br \/>\n    La boutique Pop Mart va cr\u00e9er l\u2019\u00e9v\u00e9nement d\u00e8s son ouverture ! \u00a9Hervine MahaudNocib\u00e9<\/p>\n<p class=\" wall-content\">Toujours au centre commercial lillois, il se pr\u00e9pare un d\u00e9m\u00e9nagement pour beaucoup plus grand. Celui de la <b>parfumerie Nocib\u00e9<\/b>, actuellement coinc\u00e9e entre la <a href=\"https:\/\/actu.fr\/hauts-de-france\/lille_59350\/lille-concurrente-de-sephora-cette-marque-vient-douvrir-sa-boutique-a-westfield-euralille_62928431.html\" target=\"_blank\" rel=\"noopener\">marque de cosm\u00e9tiques Wycon<\/a> et Promod. Dans le courant du mois de septembre, elle va s\u2019installer dans le grand local du rez-de-chauss\u00e9e, situ\u00e9 pr\u00e8s de l\u2019escalator et du kiosque Paul.<\/p>\n<p>    <img   decoding=\"async\" loading=\"lazy\" class=\"size-large\" src=\"https:\/\/www.europesays.com\/fr\/wp-content\/uploads\/2025\/09\/f51ba173d2c862a1ba173d2c81e1bav-960x640.jpg\" alt=\"Nocib\u00e9\" width=\"960\" height=\"640\"\/><br \/>\n    Nocib\u00e9 va b\u00e9n\u00e9ficier d\u2019une cellule commerciale beaucoup plus spacieuse, et visible. \u00a9Hervine MahaudTripletta<\/p>\n<p class=\" wall-content\">D\u00e9j\u00e0 pr\u00e9sente rue de Gand, l\u2019enseigne fond\u00e9e \u00e0 Paris va investir le <b>2 place Philippe Lebon<\/b>, \u00e0 la place du Matignon. Si vous aimez les pizzas \u00e0 la romaine (p\u00e2te tr\u00e8s fine contrairement \u00e0 la napolitaine), vous allez \u00eatre servis !<\/p>\n<p>L\u2019Esth\u00e8te Women<\/p>\n<p class=\" wall-content\">Ce 12 septembre est une date importante pour les fans de mode. C\u2019est en effet ce jour qu\u2019ouvre <b>L\u2019Esth\u00e8te Women<\/b>, version 100% f\u00e9minine du <b>concept-store L\u2019Esth\u00e8te<\/b> (28 rue Basse). Dans un nouvel \u00e9crin situ\u00e9 <b>13 rue Bartholom\u00e9 Masurel<\/b>, on retrouve une s\u00e9lection pointue et soign\u00e9e de pi\u00e8ces et accessoires de cr\u00e9ateurs.<\/p>\n<p class=\" wall-content\"><a href=\"https:\/\/www.instagram.com\/p\/DOdUX42DDI7\/embed\" title=\"Ouvrir le lien sur Instagram\" target=\"_blank\" rel=\"noopener\">Visualiser le contenu sur Instagram<\/a><\/p>\n<p>Need Coffee<\/p>\n<p class=\" wall-content\">Certains chanceux ont pu avoir un avant-go\u00fbt \u00e0 la <a href=\"https:\/\/actu.fr\/tag\/braderie-de-lille\" target=\"_blank\" rel=\"noopener\">Braderie de Lille<\/a>, o\u00f9 cookies fondants et d\u00e9clinaisons de matcha latte \u00e9taient au rendez-vous au <b>127 rue Pierre Mauroy<\/b> (\u00e0 la place du Tiroir aux Essences). C\u2019est \u00e0 cette adresse que <b>Need Coffee<\/b>, un nouveau coffee shop, s\u2019appr\u00eate \u00e0 ouvrir ses portes. Comptez sur nous pour vous en reparler tr\u00e8s vite !<\/p>\n<p>Votre r\u00e9gion, votre actu !<\/p>\n<p>Recevez chaque jour les infos qui comptent pour vous.<\/p>\n<p>\t<a href=\"https:\/\/actu.fr\/newsletter\" class=\"ac-btn ac-btn--corner ac-btn--medium ac-btn--blue800\" target=\"_blank\" rel=\"noopener\">S&rsquo;incrire<\/a><\/p>\n<p>    <img   decoding=\"async\" loading=\"lazy\" class=\"size-large\" src=\"https:\/\/www.europesays.com\/fr\/wp-content\/uploads\/2025\/09\/5364d173d2c866764d173d2c84b64dv-960x640.jpg\" alt=\"Need Coffee\" width=\"960\" height=\"640\"\/><br \/>\n    Need Coffee va remplace le Tiroir aux Essences. \u00a9Hervine MahaudFaim<\/p>\n<p class=\" wall-content\">C\u2019est un tout nouveau concept qui devrait beaucoup faire parler de lui. <b>Faim, d\u00e9velopp\u00e9 par Flunch, est un magasin sans caisse<\/b>. \u00ab\u00a0Chez fa!m, pas d\u2019attente ! Tu rentres, tu choisis, tu sors en moins de 5 minutes top chrono\u00a0\u00bb, r\u00e9sume l\u2019enseigne sur ses r\u00e9seaux sociaux. Seront propos\u00e9s des plats pour le d\u00e9jeuner, mais aussi des viennoiseries pour le matin. Ouverture pr\u00e9vue le 15 septembre au <b>53 rue Pierre Mauroy<\/b>.<\/p>\n<p>    <img   decoding=\"async\" loading=\"lazy\" class=\"size-large\" src=\"https:\/\/www.europesays.com\/fr\/wp-content\/uploads\/2025\/09\/4b56dc16d2c862066dc16d2c84466dv-960x640.jpg\" alt=\"faim flunch rue pierre mauroy lille\" width=\"960\" height=\"640\"\/><br \/>\n    Faim a pris la place du mini Auchan. \u00a9Hervine MahaudMalfroid<\/p>\n<p class=\" wall-content\">Le Vieux-Lille se dote d\u2019une <b>nouvelle boutique haut de gamme d\u00e9di\u00e9e aux hommes<\/b> : <b>Malfroid<\/b>. L\u2019enseigne n\u00e9e \u00e0 Paris proposera des <b>souliers en cuir fran\u00e7ais<\/b> et des accessoires. Rendez-vous au <b>42 rue Lepelletier<\/b> d\u00e8s le 13 septembre.<\/p>\n<p class=\" wall-content\"><a href=\"https:\/\/www.instagram.com\/p\/DMiyes9s3Sn\/embed\" title=\"Ouvrir le lien sur Instagram\" target=\"_blank\" rel=\"noopener\">Visualiser le contenu sur Instagram<\/a><\/p>\n<p>Caf\u00e9 Fran\u00e7oise<\/p>\n<p class=\" wall-content\">D\u00e8s le 15 septembre, rendez-vous au <b>19 rue Lepelletier<\/b> pour prendre un bon caf\u00e9 de sp\u00e9cialit\u00e9 ou de la <b>chicor\u00e9e<\/b> chez <b>Caf\u00e9 Fran\u00e7oise<\/b>. On pourra y venir aussi bien pour le <b>petit-d\u00e9jeuner<\/b> que le <b>d\u00e9jeuner<\/b>, sans oublier le <b>go\u00fbter<\/b>. Une <b>offre sal\u00e9e et sucr\u00e9e<\/b> sera propos\u00e9e, du lundi au samedi de 9h \u00e0 17h.<\/p>\n<p>    <img   decoding=\"async\" loading=\"lazy\" class=\"size-large\" src=\"https:\/\/www.europesays.com\/fr\/wp-content\/uploads\/2025\/09\/6470a173d2c866870a173d2c86c70av-960x640.jpg\" alt=\"Caf\u00e9 Fran\u00e7oise\" width=\"960\" height=\"640\"\/><br \/>\n    Caf\u00e9 Fran\u00e7oise va servir de la chicor\u00e9e ! \u00a9Hervine MahaudVita Street<\/p>\n<p class=\" wall-content\">Autre adresse gourmande, au pied de la <b>Vieille Bourse<\/b> et juste \u00e0 c\u00f4t\u00e9 de la <b>Grand Place<\/b>. <b>Vita Street<\/b> a pris le local du <b>7 rue des Manneliers<\/b>, celui auparavant occup\u00e9 par <a href=\"https:\/\/actu.fr\/hauts-de-france\/lille_59350\/a-lille-la-fermeture-choc-des-deux-boutiques-de-la-maison-du-donut_61923728.html\" target=\"_blank\" rel=\"noopener\">La Maison du Donut<\/a>. Sur place, on trouvera une offre sal\u00e9e et sucr\u00e9e avec des <b>gaufres<\/b> et <b>msemen<\/b> (cr\u00eapes feuillet\u00e9es), des <b>glaces<\/b> ou encore des jus frais. L\u2019ouverture est pr\u00e9vue courant septembre.<\/p>\n<p>    <img   decoding=\"async\" loading=\"lazy\" class=\"size-large\" src=\"https:\/\/www.europesays.com\/fr\/wp-content\/uploads\/2025\/09\/f5d6e173d2c866bd6e173d2c88fd6ev-960x640.jpg\" alt=\"Vita Street\" width=\"960\" height=\"640\"\/><br \/>\n    Vita Street a remplac\u00e9 la Maison du Donut. \u00a9Hervine MahaudThe Coffee Shop<\/p>\n<p class=\" wall-content\">Le 20 septembre, <b>The Coffee Shop<\/b> ouvrira ses portes au <b>79 rue Esquermoise<\/b>. Tout au long de la journ\u00e9e, il sera possible de s\u2019y poser pour d\u00e9guster un <b>bon caf\u00e9<\/b>, accompagn\u00e9 d\u2019une\u00a0<b>p\u00e2tisserie<\/b>. On vous en parle plus <a href=\"https:\/\/actu.fr\/hauts-de-france\/lille_59350\/lille-un-nouveau-coffee-shop-ouvre-rue-esquermoise-dans-un-lieu-charge-dhistoire_63024053.html\" target=\"_blank\" rel=\"noopener\">en d\u00e9tail dans cet article<\/a>.<\/p>\n<p>Tao<\/p>\n<p class=\" wall-content\">Amateurs de <b>cuisine asiatique<\/b>, vous allez \u00eatre ravis ! D\u00e8s le 15 septembre, rendez-vous au <b>213 rue Gambetta<\/b> (\u00e0 la place de Kiff-Kiff) pour faire le plein de saveurs chez <b>Tao<\/b>, un restaurant \u00ab\u00a0o\u00f9 chaque plat est une invitation au voyage\u00a0\u00bb. On vous en reparle tr\u00e8s tr\u00e8s vite !<\/p>\n<p>Douceurs d\u2019Orient<\/p>\n<p class=\" wall-content\">Toujours rue Gambetta, au num\u00e9ro 366 cette fois, on retrouve une boutique ultra gourmande : <b>Douceurs d\u2019Orient<\/b>. Depuis le 24 ao\u00fbt, on peut d\u00e9couvrir un large choix de <b>p\u00e2tisseries orientales<\/b> garnies de miel, pistaches et amandes.\u00a0<\/p>\n<p class=\" wall-content\"><a href=\"https:\/\/www.instagram.com\/p\/DMhgvVciB8R\/embed\" title=\"Ouvrir le lien sur Instagram\" target=\"_blank\" rel=\"noopener\">Visualiser le contenu sur Instagram<\/a><\/p>\n<p>Le Parisis<\/p>\n<p class=\" wall-content\">Le 26 ao\u00fbt, un nouveau <b>bar-resto<\/b> a ouvert au niveau de la <b>Porte de Paris<\/b>, au <b>18 place Simon Volant<\/b>. Dans un cadre \u00e9l\u00e9gant, on peut y siroter des <b>cocktails<\/b> classiques et originaux.\u00a0<\/p>\n<p>Ramen Oden<\/p>\n<p class=\" wall-content\">Vous aimez Maison Ramen rue Solf\u00e9 ? Vous allez adorer son petit fr\u00e8re, <b>Ramen Oden<\/b>, qui a servi ses premiers bols le 27 ao\u00fbt dernier. Au <b>159 rue Pierre Mauroy<\/b>, le restaurant sert des ramens fumants et curry ultra r\u00e9confortant dans une ambiance nippone.<\/p>\n<p class=\" wall-content\"><a href=\"https:\/\/www.instagram.com\/p\/DNoJDkpM0nV\/embed\" title=\"Ouvrir le lien sur Instagram\" target=\"_blank\" rel=\"noopener\">Visualiser le contenu sur Instagram<\/a><\/p>\n<p>    <img   decoding=\"async\" loading=\"lazy\" class=\"size-large\" src=\"https:\/\/www.europesays.com\/fr\/wp-content\/uploads\/2025\/09\/8ef87173d2c86b2097173d2c896097v-960x640.jpg\" alt=\"Ramen Oden\" width=\"960\" height=\"640\"\/><br \/>\n    Ramen Oden est le petit fr\u00e8re du resto Maison Ramen. \u00a9Hervine MahaudYang Guo Fu<\/p>\n<p class=\" wall-content\"><a href=\"https:\/\/actu.fr\/hauts-de-france\/lille_59350\/lille-yang-guo-fu-le-geant-chinois-du-malatang-ouvre-un-restaurant-rue-gambetta_63116510.html\" target=\"_blank\" rel=\"noopener\">On vous en parlait juste ici<\/a>. <b>Yang Guo Fu, le leader du mondial du malatang<\/b>, a ouvert une restaurant au <b>64 rue Gambetta<\/b> le 29 ao\u00fbt dernier. Dans une d\u00e9co soign\u00e9e, on d\u00e9couvre ce plat chaud et r\u00e9confortant \u00e0 base d\u2019ingr\u00e9dients que l\u2019on choisit soi-m\u00eame et des bouillons maison savoureux. \u00c0 tester d\u2019urgence !<\/p>\n<p>Maison Louise<\/p>\n<p class=\" wall-content\">Cet <b>h\u00f4tel<\/b> a ouvert ses portes de fa\u00e7on confidentielle au d\u00e9but du mois de septembre. <b>Maison Louise<\/b> remplace l\u2019h\u00f4tel Mercure, au <b>36 rue de Gand<\/b>. \u00ab\u00a0Notre \u00e9tablissement vous accueille dans une ambiance chic, chaleureuse et singuli\u00e8re, avec 82 chambres au style raffin\u00e9, alliant \u00e9l\u00e9gance contemporaine et touches personnelles inspir\u00e9es de la passion de notre maison\u00a0\u00bb, annonce l\u2019enseigne.<\/p>\n<p class=\" wall-content\"><a href=\"https:\/\/www.instagram.com\/p\/DOLy6R8jM4I\/embed\" title=\"Ouvrir le lien sur Instagram\" target=\"_blank\" rel=\"noopener\">Visualiser le contenu sur Instagram<\/a><\/p>\n<p>Quartier G\u00e9n\u00e9ral<\/p>\n<p class=\" wall-content\">Un <b>mini food-court<\/b> a ouvert le 1er septembre au <b>14 rue d\u2019Amiens<\/b>. Au <b>Quartier G\u00e9n\u00e9ral<\/b>, on peut trouver son bonheur aupr\u00e8s des 4 restaurants de street-food pr\u00e9sents. Le lieu comporte aussi un bar. Le tout sur trois \u00e9tages. On vous en reparle bient\u00f4t.<\/p>\n<p>    <img   decoding=\"async\" loading=\"lazy\" class=\"size-large\" src=\"https:\/\/www.europesays.com\/fr\/wp-content\/uploads\/2025\/09\/2886bc65d2c862d86bc65d2c83196bv-960x640.jpg\" alt=\"food court quartier general rue d'amiens lille\" width=\"960\" height=\"640\"\/><br \/>\n    Quartier G\u00e9n\u00e9ral s\u2019est install\u00e9 \u00e0 la place d\u2019un resto indien. \u00a9GBTortilla<\/p>\n<p class=\" wall-content\">L\u2019enseigne anglaise a rachet\u00e9 le fran\u00e7ais Fresh Burritos. Le restaurant du <b>61 rue de B\u00e9thune<\/b> a donc chang\u00e9 de nom et propose, depuis le 1er septembre, une nouvelle carte. Burrito, bowl, tacos ou salade, avec viande ou version veggie, doux ou \u00e9pic\u00e9, petite ou grande portion\u2026 chacun compose son plat sur mesure. Plus de d\u00e9tails dans <a href=\"https:\/\/actu.fr\/hauts-de-france\/lille_59350\/lille-distribution-de-burritos-gratuits-pour-louverture-de-ce-nouveau-restaurant-de-la-rue-de-bethune_63138399.html\" target=\"_blank\" rel=\"noopener\">notre article d\u00e9di\u00e9<\/a>.<\/p>\n<p>Friterie Barkette<\/p>\n<p class=\" wall-content\">Le 3 septembre, un nouveau stand a fait son entr\u00e9e chez <b>Grand Sc\u00e8ne<\/b>, le <b>food-court de la rue de B\u00e9thune<\/b>. Apr\u00e8s avoir r\u00e9gal\u00e9 la guinguette de Wattrelos, c\u2019est au tour du centre-ville lillois de d\u00e9couvrir les <b>frites de caract\u00e8re<\/b>, accompagn\u00e9es de sauces maison.<\/p>\n<p class=\" wall-content\"><a href=\"https:\/\/www.instagram.com\/p\/DLiLyfbNwKl\/embed\" title=\"Ouvrir le lien sur Instagram\" target=\"_blank\" rel=\"noopener\">Visualiser le contenu sur Instagram<\/a><\/p>\n<p>Le Comptoir de Mathilde<\/p>\n<p class=\" wall-content\">L\u2019<b>\u00e9picerie fine<\/b> sp\u00e9cialis\u00e9e dans les <b>gourmandises chocolat\u00e9es<\/b> a ouvert une nouvelle boutique \u00e0 Lille. Apr\u00e8s la rue Neuve puis la rue Lepelletier, c\u2019est d\u00e9sormais au <b>58 rue Pierre Mauroy<\/b> qu\u2019on retrouve cette enseigne, implant\u00e9e un peu partout en France. Le point de vente a ouvert le 3 septembre.<\/p>\n<p>Basta<\/p>\n<p class=\" wall-content\">Depuis le jeudi 4 septembre 2025, une\u00a0nouvelle adresse fait parler d\u2019elle au <b>79-81 rue Saint-Andr\u00e9<\/b>, au c\u0153ur du\u00a0Vieux-Lille. Son nom ?\u00a0<b>Basta<\/b>. Un\u00a0bar\u00a0pens\u00e9 comme un lieu\u00a0chic, \u00e9pur\u00e9 et d\u00e9contract\u00e9, o\u00f9 l\u2019on vient autant pour siroter un\u00a0<b>cocktail<\/b>\u00a0que pour partager une <b>g\u00e9n\u00e9reuse\u00a0planche ap\u00e9ritive<\/b>. <a href=\"https:\/\/actu.fr\/hauts-de-france\/lille_59350\/vieux-lille-basta-le-nouveau-bar-chic-et-decontracte-qui-agite-la-rue-saint-andre_63138365.html\" target=\"_blank\" rel=\"noopener\">On vous la pr\u00e9sente ici<\/a>.<\/p>\n<p>Clarks<\/p>\n<p class=\" wall-content\">Pile \u00e0 temps pour la Braderie, l\u2019embl\u00e9matique <b>marque de chaussures<\/b> a ouvert sa boutique flambant neuve au <b>3 rue Nationale<\/b>, \u00e0 la place du <a href=\"https:\/\/actu.fr\/hauts-de-france\/lille_59350\/lille-clap-de-fin-pour-le-bar-a-chaussettes-et-sa-boutique-coloree-rue-nationale_62522108.html\" target=\"_blank\" rel=\"noopener\">Bar \u00e0 Chaussettes<\/a> qui a d\u00e9m\u00e9nag\u00e9 au 34 rue Nationale (mais pour une dur\u00e9e limit\u00e9e).<\/p>\n<p>    <img   decoding=\"async\" loading=\"lazy\" class=\"size-large\" src=\"https:\/\/www.europesays.com\/fr\/wp-content\/uploads\/2025\/09\/7294cc65d2c86f694cc65d2c83b94cv-960x640.jpg\" alt=\"boutique chaussures clarks rue nationale lille\" width=\"960\" height=\"640\"\/><br \/>\n    Clarks remplace le Bar \u00e0 Chaussettes. \u00a9NDFii<\/p>\n<p class=\" wall-content\">Il a travaill\u00e9 dans le plus grand secret pour ouvrir ce nouveau spot, d\u00e9di\u00e9 notamment \u00e0 sa marque de caf\u00e9. <a href=\"https:\/\/actu.fr\/hauts-de-france\/lille_59350\/exclu-lille-actu-victime-leur-succes-wallys-coffee-freakshakes-demenagent-bientot_15251922.html\" target=\"_blank\" rel=\"noopener\">Wally<\/a> a ouvert le 5 septembre <b>Fii, un coffee shop au 35 rue d\u2019Isly<\/b>. Bon caf\u00e9 et p\u00e2tisseries foodporn (<a href=\"https:\/\/actu.fr\/hauts-de-france\/lille_59350\/lille-rosys-cookies-a-desormais-sa-propre-boutique-pour-nous-regaler-a-bois-blancs_62607203.html\" target=\"_blank\" rel=\"noopener\">cookies<\/a> et <a href=\"https:\/\/actu.fr\/hauts-de-france\/lille_59350\/lille-une-bombe-calorique-decouvrez-la-nouveaute-ultra-gourmande-du-wallys-coffee_62503194.html\" target=\"_blank\" rel=\"noopener\">FreakRolls<\/a>) vous attendent au c\u0153ur du quartier Cormontaigne. Bien s\u00fbr, comptez sur nous pour aller d\u00e9couvrir cette nouvelle adresse.<\/p>\n<p class=\" wall-content\"><a href=\"https:\/\/www.instagram.com\/p\/DObTJ5mjF1g\/embed\" title=\"Ouvrir le lien sur Instagram\" target=\"_blank\" rel=\"noopener\">Visualiser le contenu sur Instagram<\/a><\/p>\n<p>Dada<\/p>\n<p class=\" wall-content\"><a href=\"https:\/\/actu.fr\/hauts-de-france\/lille_59350\/lille-ces-deux-soeurs-ouvrent-dada-une-cafeteria-coloree-et-joyeuse-dans-le-centre-ville_63033707.html\" target=\"_blank\" rel=\"noopener\">On vous en parlait cet \u00e9t\u00e9<\/a> : la caf\u00e9t\u00e9ria color\u00e9e et joyeuse <b>Dada<\/b> a ouvert le 5 septembre au <b>169 rue Pierre Mauroy<\/b>. Deux s\u0153urs,<b> <\/b>Carole et Marie, \u00e9paul\u00e9es de leur cheffe Malika, y proposent de <b>bons petits plats le midi fa\u00e7on self-service<\/b>\u00a0et, toute la journ\u00e9e, de quoi grignoter avec des\u00a0<b>p\u00e2tisseries<\/b>, et de quoi boire avec des\u00a0<b>boissons\u00a0locales de qualit\u00e9<\/b> et du <b>bon\u00a0caf\u00e9<\/b>.<\/p>\n<p>LMS<\/p>\n<p class=\" wall-content\">La boutique a ouvert pile pour la Braderie, au <b>31 rue Lepelletier<\/b>. <b>LMS<\/b> vend des <b>sneakers de seconde main<\/b>, des mod\u00e8les la plupart du temps impeccables et surtout tr\u00e8s recherch\u00e9s par les collectionneurs. Il est \u00e9galement possible de revendre ses propres paires.<\/p>\n<p>    <img   decoding=\"async\" loading=\"lazy\" class=\"size-large\" src=\"https:\/\/www.europesays.com\/fr\/wp-content\/uploads\/2025\/09\/c8ecdc16d2c86bcecdc16d2c890fcdv-960x640.jpg\" alt=\"lms boutique baskets sneakers rue lepelletier vieux lille\" width=\"960\" height=\"640\"\/><br \/>\n    Le magasin de baskets a ouvert rue Lepelletier, \u00e0 la place d\u2019une boutique de champagne. \u00a9Hervine MahaudDes nouvelles des ouvertures que nous vous avions annonc\u00e9es<\/p>\n<p class=\" wall-content\">Fin juillet, nous avions publi\u00e9 un autre article r\u00e9capitulant <a href=\"https:\/\/actu.fr\/hauts-de-france\/lille_59350\/intermarche-alain-ducasse-kiko-les-20-ouvertures-de-magasins-boutiques-et-restaurants-a-venir-a-lille_62947564.html\" target=\"_blank\" rel=\"noopener\">20 ouvertures \u00e0 venir<\/a>. Certaines ont bien eu lieu. C\u2019est le cas du bistrot La Part du Lion (1 boulevard Vauban), de Caf\u00e9 Huguette (12 place Jeanne d\u2019Arc), de la boutique Kiko (26\u00a0rue Esquermoise) et du <a href=\"https:\/\/actu.fr\/hauts-de-france\/lille_59350\/lille-cest-quoi-a-s-adventure-nouvelle-enseigne-qui-sinstalle-a-la-place-dhabitat-rue-de-bethune_63101606.html\" target=\"_blank\" rel=\"noopener\">magasin mode et outdoor A.S.Adventure<\/a> (21 rue de B\u00e9thune).<\/p>\n<p class=\" wall-content\">D\u2019autres inaugurations sont imminentes : le <a href=\"https:\/\/actu.fr\/hauts-de-france\/lille_59350\/le-restaurant-mamsi-ouvre-bientot-a-lille-et-casse-les-codes-du-fast-food-halal_62680677.html\" target=\"_blank\" rel=\"noopener\">fast-food Mamsi<\/a> ouvrira le 15 septembre, la <a href=\"https:\/\/actu.fr\/hauts-de-france\/lille_59350\/vieux-lille-des-restaurants-gastronomiques-a-la-patisserie-fine-benjamin-ouvre-sa-boutique-gourmande_62851070.html\" target=\"_blank\" rel=\"noopener\">p\u00e2tisserie Textures<\/a> le 17 et le centre d\u2019esth\u00e9tique m\u00e9dicale Innerskin le 18, <a href=\"https:\/\/actu.fr\/hauts-de-france\/lille_59350\/lille-la-marque-fun-et-coloree-make-my-lemonade-sinstalle-dans-une-superbe-boutique-de-110-m%C2%B2_63118319.html\" target=\"_blank\" rel=\"noopener\">Make my Lemonade<\/a> le 1er octobre et le <a href=\"https:\/\/actu.fr\/hauts-de-france\/lille_59350\/vieux-lille-un-resto-de-focaccias-va-ouvrir-ses-portes-en-septembre-pour-des-pauses-dej-savoureuses_62982586.html\" target=\"_blank\" rel=\"noopener\">restaurant de focaccias Novettino<\/a> courant octobre.\u00a0<\/p>\n<p class=\" wall-content\">Personnalisez votre actualit\u00e9 en ajoutant vos villes et m\u00e9dias en favori avec <a href=\"https:\/\/moncompte.actu.fr\" title=\"D\u00e9couvez Mon Actu\" rel=\"nofollow noopener\" data-trk=\"{&quot;cta&quot;:{&quot;action&quot;:&quot;https:\\\/\\\/moncompte.actu.fr&quot;,&quot;category&quot;:&quot;mon compte&quot;,&quot;from&quot;:&quot;article footer&quot;,&quot;name&quot;:&quot;Mon actu&quot;,&quot;type&quot;:&quot;cta&quot;}}\" target=\"_blank\">Mon Actu<\/a>.<\/p>\n<p>                    <script async src=\"\/\/www.instagram.com\/embed.js\"><\/script><\/p>\n","protected":false},"excerpt":{"rendered":"Par Hervine Mahaud Publi\u00e9 le 12 sept. 2025 \u00e0 6h32 Une pluie de nouvelles adresses accompagne cette rentr\u00e9e&hellip;\n","protected":false},"author":2,"featured_media":384471,"comment_status":"","ping_status":"","sticky":false,"template":"","format":"standard","meta":{"footnotes":""},"categories":[2815],"tags":[1111,11,215,130,33,1777,674,1011,27,811,1307,12,3147,25],"class_list":{"0":"post-384470","1":"post","2":"type-post","3":"status-publish","4":"format-standard","5":"has-post-thumbnail","7":"category-lille","8":"tag-actu","9":"tag-actualites","10":"tag-commerce","11":"tag-consommation","12":"tag-economie","13":"tag-eu","14":"tag-europe","15":"tag-fr","16":"tag-france","17":"tag-hauts-de-france","18":"tag-lille","19":"tag-news","20":"tag-nouveaux-commerces","21":"tag-republique-francaise"},"share_on_mastodon":{"url":"https:\/\/pubeurope.com\/@fr\/115189552963382493","error":""},"_links":{"self":[{"href":"https:\/\/www.europesays.com\/fr\/wp-json\/wp\/v2\/posts\/384470","targetHints":{"allow":["GET"]}}],"collection":[{"href":"https:\/\/www.europesays.com\/fr\/wp-json\/wp\/v2\/posts"}],"about":[{"href":"https:\/\/www.europesays.com\/fr\/wp-json\/wp\/v2\/types\/post"}],"author":[{"embeddable":true,"href":"https:\/\/www.europesays.com\/fr\/wp-json\/wp\/v2\/users\/2"}],"replies":[{"embeddable":true,"href":"https:\/\/www.europesays.com\/fr\/wp-json\/wp\/v2\/comments?post=384470"}],"version-history":[{"count":0,"href":"https:\/\/www.europesays.com\/fr\/wp-json\/wp\/v2\/posts\/384470\/revisions"}],"wp:featuredmedia":[{"embeddable":true,"href":"https:\/\/www.europesays.com\/fr\/wp-json\/wp\/v2\/media\/384471"}],"wp:attachment":[{"href":"https:\/\/www.europesays.com\/fr\/wp-json\/wp\/v2\/media?parent=384470"}],"wp:term":[{"taxonomy":"category","embeddable":true,"href":"https:\/\/www.europesays.com\/fr\/wp-json\/wp\/v2\/categories?post=384470"},{"taxonomy":"post_tag","embeddable":true,"href":"https:\/\/www.europesays.com\/fr\/wp-json\/wp\/v2\/tags?post=384470"}],"curies":[{"name":"wp","href":"https:\/\/api.w.org\/{rel}","templated":true}]}}