{"id":384472,"date":"2025-09-12T04:57:30","date_gmt":"2025-09-12T04:57:30","guid":{"rendered":"https:\/\/www.europesays.com\/fr\/384472\/"},"modified":"2025-09-12T04:57:30","modified_gmt":"2025-09-12T04:57:30","slug":"pour-faire-face-a-emmanuel-macron-il-faut-quon-soit-tous-unis","status":"publish","type":"post","link":"https:\/\/www.europesays.com\/fr\/384472\/","title":{"rendered":"\u00ab Pour faire face \u00e0 Emmanuel Macron, il faut qu\u2019on soit tous unis \u00bb"},"content":{"rendered":"<p>\u00ab\u202fApr\u00e8s les annonces de M. Bayrou sur le budget, et quand on voit la politique en cours depuis qu\u2019Emmanuel Macron est au pouvoir, il fallait que je me mobilise. Ce sont toujours les pauvres qui trinquent\u202f\u00bb, lance Fran\u00e7ois, qui travaille chez Il\u00e9o, le service des eaux de la m\u00e9tropole lilloise g\u00e9r\u00e9 par V\u00e9olia.<\/p>\n<p>\u00c0 35 ans, c\u2019est la premi\u00e8re fois qu\u2019il fait gr\u00e8ve. Mais il a l\u2019habitude de descendre dans la rue. \u00ab\u202fJe ne suis pas s\u00fbr que les manifestations fonctionnent, on l\u2019a bien vu avec les Gilets jaunes. Au moins, on montre qu\u2019on est l\u00e0\u202f\u00bb, conc\u00e8de\u2010t\u2010il, appelant \u00e0 investir d\u2019autres formes de mobilisation comme les blocages ou des actions de d\u00e9sob\u00e9issance civile.<\/p>\n<p>Le 10 septembre, \u00e0 Lille, plusieurs milliers de manifestants ont d\u00e9ferl\u00e9 dans les rues pour r\u00e9pondre \u00e0 l\u2019appel du mouvement \u201cBloquons tout\u201d, lanc\u00e9 sur les r\u00e9seaux sociaux au mois de juillet. \u00ab\u202fDu jamais vu depuis les retraites\u202f\u00bb, selon la CGT, qui dit avoir compt\u00e9 \u00ab\u202fplusieurs dizaines de milliers de participants\u202f\u00bb. La pr\u00e9fecture en d\u00e9nombre quant \u00e0 elle 8 500 alors que le mouvement est en partie n\u00e9 dans le d\u00e9partement du Nord. Le minist\u00e8re de l\u2019Int\u00e9rieur a comptabilis\u00e9 175 000 manifestants dans toute la France.\u00a0<br \/>Un blocage du p\u00e9riph en d\u00e9but de matin\u00e9e stopp\u00e9 par la police<br \/>Pour un peu moins de 200 \u201cbloqueurs\u201d, le r\u00e9veil a \u00e9t\u00e9 tr\u00e8s matinal. Rendez\u2010vous avait \u00e9t\u00e9 donn\u00e9 \u00e0 5h \u00e0 la bourse du travail dans le quartier de Fives. Apr\u00e8s une AG express, les activistes, en large majorit\u00e9 des \u00e9tudiants, prennent la direction du rond\u2010point du Petit Maroc, \u00e0 la sortie du p\u00e9riph\u2019. Quelques pneus et palettes ainsi que l\u2019utilisation opportuniste de\u00a0\u2026<\/p>\n<p>Nous vous offrons l\u2019acc\u00e8s \u00e0 cet article<\/p>\n<p>Et \u00e0 toutes nos enqu\u00eates pendant deux jours\u00a0\u00a0! <br \/>Oui, on est g\u00e9n\u00e9reux \ud83d\ude09 Mais pensez aussi \u00e0 <a href=\"https:\/\/www.mediacites.fr\/sabonner\/\" target=\"_blank\" style=\"color:#fff\" rel=\"nofollow noopener\">vous abonner<\/a>\u00a0\u00a0!<\/p>\n<p>\t\tEn renseignant votre adresse, vous acceptez nos <a href=\"https:\/\/www.mediacites.fr\/conditions-generales-d-utilisation\/\" target=\"_blank\" rel=\"nofollow noopener\">conditions g\u00e9n\u00e9rales d\u2019utilisation<\/a>. <br \/>Mediacit\u00e9s s\u2019engage \u00e0 ne pas c\u00e9der votre adresse \u00e0 des tiers. En cas d\u2019\u00e9chec, \u00e9crivez \u00e0 <a href=\"https:\/\/www.mediacites.fr\/reportage\/lille\/2025\/09\/11\/bloquons-tout-a-lille-pour-faire-face-a-emmanuel-macron-il-faut-quon-soit-tous-unis\/mailto:contact@mediacites.fr\" rel=\"nofollow noopener\" target=\"_blank\">contact@mediacites.fr<\/a><\/p>\n<ul>\n<li>J\u2019acc\u00e8de aux 4 \u00e9ditions de Mediacit\u00e9s (Lille, Lyon, Nantes et Toulouse)<\/li>\n<li>Je d\u00e9couvre un m\u00e9dia 100 % ind\u00e9pendant, avec 0 % de publicit\u00e9<\/li>\n<\/ul>\n<p>Envie de lire la\u00a0suite\u202f?<\/p>\n<p class=\"price\">1\u20ac le premier mois<\/p>\n<p class=\"description\">Puis 7,90\u20ac par\u00a0mois<\/p>\n<p><a class=\"button button--green\" href=\"https:\/\/www.mediacites.fr\/sabonner\/?sub=55\" style=\"margin-top:22px;font-size:13px;\" rel=\"nofollow noopener\" target=\"_blank\">Je teste\u202f! <\/a><\/p>\n<ul>\n<li>Acc\u00e8s aux 4 \u00e9ditions de Mediacit\u00e9s (Lille, Lyon, Nantes et Toulouse)<\/li>\n<li>100 % ind\u00e9pendant, avec 0 % de publicit\u00e9<\/li>\n<li>R\u00e9siliation facile \u00e0 tout moment<\/li>\n<\/ul>\n<p>Mediacit\u00e9s offre l\u2019acc\u00e8s \u00e0 cet article aux lecteurs de News2Com<\/p>\n<p>Et \u00e0 toutes nos enqu\u00eates pendant deux jours\u00a0\u00a0! <br \/>Oui, on est g\u00e9n\u00e9reux \ud83d\ude09 Mais pensez aussi \u00e0 <a href=\"https:\/\/www.mediacites.fr\/sabonner\/\" target=\"_blank\" style=\"color:#fff\" rel=\"nofollow noopener\">vous abonner<\/a>\u00a0\u00a0!<\/p>\n<p>\t\tEn renseignant votre adresse, vous acceptez nos <a href=\"https:\/\/www.mediacites.fr\/conditions-generales-d-utilisation\/\" target=\"_blank\" rel=\"nofollow noopener\">conditions g\u00e9n\u00e9rales d\u2019utilisation<\/a>. <br \/>Mediacit\u00e9s s\u2019engage \u00e0 ne pas c\u00e9der votre adresse \u00e0 des tiers. En cas d\u2019\u00e9chec, \u00e9crivez \u00e0 <a href=\"https:\/\/www.mediacites.fr\/reportage\/lille\/2025\/09\/11\/bloquons-tout-a-lille-pour-faire-face-a-emmanuel-macron-il-faut-quon-soit-tous-unis\/mailto:contact@mediacites.fr\" rel=\"nofollow noopener\" target=\"_blank\">contact@mediacites.fr<\/a><\/p>\n<ul>\n<li>J\u2019acc\u00e8de aux 4 \u00e9ditions de Mediacit\u00e9s (Lille, Lyon, Nantes et Toulouse)<\/li>\n<li>Je d\u00e9couvre un m\u00e9dia 100 % ind\u00e9pendant, avec 0 % de publicit\u00e9<\/li>\n<\/ul>\n","protected":false},"excerpt":{"rendered":"\u00ab\u202fApr\u00e8s les annonces de M. Bayrou sur le budget, et quand on voit la politique en cours depuis&hellip;\n","protected":false},"author":2,"featured_media":384473,"comment_status":"","ping_status":"","sticky":false,"template":"","format":"standard","meta":{"footnotes":""},"categories":[2815],"tags":[1111,11,1777,674,1011,27,811,1307,12,25],"class_list":{"0":"post-384472","1":"post","2":"type-post","3":"status-publish","4":"format-standard","5":"has-post-thumbnail","7":"category-lille","8":"tag-actu","9":"tag-actualites","10":"tag-eu","11":"tag-europe","12":"tag-fr","13":"tag-france","14":"tag-hauts-de-france","15":"tag-lille","16":"tag-news","17":"tag-republique-francaise"},"share_on_mastodon":{"url":"https:\/\/pubeurope.com\/@fr\/115189556428758932","error":""},"_links":{"self":[{"href":"https:\/\/www.europesays.com\/fr\/wp-json\/wp\/v2\/posts\/384472","targetHints":{"allow":["GET"]}}],"collection":[{"href":"https:\/\/www.europesays.com\/fr\/wp-json\/wp\/v2\/posts"}],"about":[{"href":"https:\/\/www.europesays.com\/fr\/wp-json\/wp\/v2\/types\/post"}],"author":[{"embeddable":true,"href":"https:\/\/www.europesays.com\/fr\/wp-json\/wp\/v2\/users\/2"}],"replies":[{"embeddable":true,"href":"https:\/\/www.europesays.com\/fr\/wp-json\/wp\/v2\/comments?post=384472"}],"version-history":[{"count":0,"href":"https:\/\/www.europesays.com\/fr\/wp-json\/wp\/v2\/posts\/384472\/revisions"}],"wp:featuredmedia":[{"embeddable":true,"href":"https:\/\/www.europesays.com\/fr\/wp-json\/wp\/v2\/media\/384473"}],"wp:attachment":[{"href":"https:\/\/www.europesays.com\/fr\/wp-json\/wp\/v2\/media?parent=384472"}],"wp:term":[{"taxonomy":"category","embeddable":true,"href":"https:\/\/www.europesays.com\/fr\/wp-json\/wp\/v2\/categories?post=384472"},{"taxonomy":"post_tag","embeddable":true,"href":"https:\/\/www.europesays.com\/fr\/wp-json\/wp\/v2\/tags?post=384472"}],"curies":[{"name":"wp","href":"https:\/\/api.w.org\/{rel}","templated":true}]}}