{"id":384476,"date":"2025-09-12T05:00:14","date_gmt":"2025-09-12T05:00:14","guid":{"rendered":"https:\/\/www.europesays.com\/fr\/384476\/"},"modified":"2025-09-12T05:00:14","modified_gmt":"2025-09-12T05:00:14","slug":"la-folle-aventure-dun-ancien-de-koh-lanta-a-travers-la-france","status":"publish","type":"post","link":"https:\/\/www.europesays.com\/fr\/384476\/","title":{"rendered":"la folle aventure d\u2019un ancien de Koh-Lanta \u00e0 travers la France"},"content":{"rendered":"<p>Alban Pellegrin, 38 ans, est un \u00ab\u00a0grand enfant avec des r\u00eaves\u00a0\u00bb, selon ses propres mots. Il fait du sport son principal pourvoyeur d\u2019id\u00e9aux, inatteignables parfois, toujours magiques et grandioses.<\/p>\n<p>C\u2019est dans la performance et les aventures qu\u2019Alban se retrouve, participant \u00e0 l\u2019\u00e9mission de TF1 <a href=\"https:\/\/www.leprogres.fr\/societe\/2020\/03\/28\/koh-lanta-ils-sont-de-chez-nous-vous-les-avez-vus-a-la-tele\" target=\"_blank\" rel=\"nofollow noopener\">Koh-Lanta<\/a> \u00e0 deux reprises en 2015 et en 2018, et r\u00e9alisant des documentaires sportifs pour le compte du m\u00e9dia GQ France.<\/p>\n<p>La perte de sa maman d\u2019un cancer du poumon il y a deux ans a eu l\u2019effet d\u2019un d\u00e9clic pour lui. \u00ab\u00a0C\u2019est ma&#8230;<\/p>\n","protected":false},"excerpt":{"rendered":"Alban Pellegrin, 38 ans, est un \u00ab\u00a0grand enfant avec des r\u00eaves\u00a0\u00bb, selon ses propres mots. Il fait du&hellip;\n","protected":false},"author":2,"featured_media":384477,"comment_status":"","ping_status":"","sticky":false,"template":"","format":"standard","meta":{"footnotes":""},"categories":[1889],"tags":[1111,11,2430,2757,1777,674,107,1011,27,2428,12,25,2429,7135,4604,3151,801,517],"class_list":{"0":"post-384476","1":"post","2":"type-post","3":"status-publish","4":"format-standard","5":"has-post-thumbnail","7":"category-lyon","8":"tag-actu","9":"tag-actualites","10":"tag-auvergne-rhone-alpes","11":"tag-edition-lyon-villeurbanne","12":"tag-eu","13":"tag-europe","14":"tag-fil-info","15":"tag-fr","16":"tag-france","17":"tag-lyon","18":"tag-news","19":"tag-republique-francaise","20":"tag-rhone","21":"tag-running","22":"tag-selection-abonne","23":"tag-selection-de-la-redaction-69","24":"tag-social","25":"tag-sport"},"share_on_mastodon":{"url":"https:\/\/pubeurope.com\/@fr\/115189568306465806","error":""},"_links":{"self":[{"href":"https:\/\/www.europesays.com\/fr\/wp-json\/wp\/v2\/posts\/384476","targetHints":{"allow":["GET"]}}],"collection":[{"href":"https:\/\/www.europesays.com\/fr\/wp-json\/wp\/v2\/posts"}],"about":[{"href":"https:\/\/www.europesays.com\/fr\/wp-json\/wp\/v2\/types\/post"}],"author":[{"embeddable":true,"href":"https:\/\/www.europesays.com\/fr\/wp-json\/wp\/v2\/users\/2"}],"replies":[{"embeddable":true,"href":"https:\/\/www.europesays.com\/fr\/wp-json\/wp\/v2\/comments?post=384476"}],"version-history":[{"count":0,"href":"https:\/\/www.europesays.com\/fr\/wp-json\/wp\/v2\/posts\/384476\/revisions"}],"wp:featuredmedia":[{"embeddable":true,"href":"https:\/\/www.europesays.com\/fr\/wp-json\/wp\/v2\/media\/384477"}],"wp:attachment":[{"href":"https:\/\/www.europesays.com\/fr\/wp-json\/wp\/v2\/media?parent=384476"}],"wp:term":[{"taxonomy":"category","embeddable":true,"href":"https:\/\/www.europesays.com\/fr\/wp-json\/wp\/v2\/categories?post=384476"},{"taxonomy":"post_tag","embeddable":true,"href":"https:\/\/www.europesays.com\/fr\/wp-json\/wp\/v2\/tags?post=384476"}],"curies":[{"name":"wp","href":"https:\/\/api.w.org\/{rel}","templated":true}]}}