{"id":384478,"date":"2025-09-12T05:01:12","date_gmt":"2025-09-12T05:01:12","guid":{"rendered":"https:\/\/www.europesays.com\/fr\/384478\/"},"modified":"2025-09-12T05:01:12","modified_gmt":"2025-09-12T05:01:12","slug":"apres-les-travaux-avenue-des-freres-lumiere-ca-coince-dans-les-petites-rues-de-monplaisir","status":"publish","type":"post","link":"https:\/\/www.europesays.com\/fr\/384478\/","title":{"rendered":"apr\u00e8s les travaux avenue des Fr\u00e8res-Lumi\u00e8re, \u00e7a coince dans les petites rues de Monplaisir"},"content":{"rendered":"<p>\u00ab\u00a0Vous voyez jusqu\u2019o\u00f9 \u00e7a va\u00a0? Nous sommes en train de battre le record\u00a0\u00bb, d\u00e9plore Fr\u00e9d\u00e9ric Sauvageon, habitant de la rue Guilloud. \u00c0 l\u2019heure du d\u00e9part \u00e0 l\u2019\u00e9cole et au travail, le bouchon ne d\u00e9semplit pas. Il atteint le croisement avec la rue du professeur Paul-Sisley, 300 m\u00e8tres en contrebas.<\/p>\n<p>Depuis le lancement de la phase 2 des travaux, le 29\u00a0ao\u00fbt, la d\u00e9viation avenue des Fr\u00e8res-Lumi\u00e8re contraint les automobilistes \u00e0 la contourner en prenant la rue Guilloud. \u00ab\u00a0La circulation se faisait par&#8230;<\/p>\n","protected":false},"excerpt":{"rendered":"\u00ab\u00a0Vous voyez jusqu\u2019o\u00f9 \u00e7a va\u00a0? Nous sommes en train de battre le record\u00a0\u00bb, d\u00e9plore Fr\u00e9d\u00e9ric Sauvageon, habitant de&hellip;\n","protected":false},"author":2,"featured_media":384479,"comment_status":"","ping_status":"","sticky":false,"template":"","format":"standard","meta":{"footnotes":""},"categories":[1889],"tags":[1111,11,2430,3542,2757,1777,674,107,1011,27,2428,9744,9743,12,25,2429,2803],"class_list":{"0":"post-384478","1":"post","2":"type-post","3":"status-publish","4":"format-standard","5":"has-post-thumbnail","7":"category-lyon","8":"tag-actu","9":"tag-actualites","10":"tag-auvergne-rhone-alpes","11":"tag-circulation","12":"tag-edition-lyon-villeurbanne","13":"tag-eu","14":"tag-europe","15":"tag-fil-info","16":"tag-fr","17":"tag-france","18":"tag-lyon","19":"tag-lyon-8e","20":"tag-lyon-8e-arrondissement","21":"tag-news","22":"tag-republique-francaise","23":"tag-rhone","24":"tag-transport"},"share_on_mastodon":{"url":"https:\/\/pubeurope.com\/@fr\/115189572084200198","error":""},"_links":{"self":[{"href":"https:\/\/www.europesays.com\/fr\/wp-json\/wp\/v2\/posts\/384478","targetHints":{"allow":["GET"]}}],"collection":[{"href":"https:\/\/www.europesays.com\/fr\/wp-json\/wp\/v2\/posts"}],"about":[{"href":"https:\/\/www.europesays.com\/fr\/wp-json\/wp\/v2\/types\/post"}],"author":[{"embeddable":true,"href":"https:\/\/www.europesays.com\/fr\/wp-json\/wp\/v2\/users\/2"}],"replies":[{"embeddable":true,"href":"https:\/\/www.europesays.com\/fr\/wp-json\/wp\/v2\/comments?post=384478"}],"version-history":[{"count":0,"href":"https:\/\/www.europesays.com\/fr\/wp-json\/wp\/v2\/posts\/384478\/revisions"}],"wp:featuredmedia":[{"embeddable":true,"href":"https:\/\/www.europesays.com\/fr\/wp-json\/wp\/v2\/media\/384479"}],"wp:attachment":[{"href":"https:\/\/www.europesays.com\/fr\/wp-json\/wp\/v2\/media?parent=384478"}],"wp:term":[{"taxonomy":"category","embeddable":true,"href":"https:\/\/www.europesays.com\/fr\/wp-json\/wp\/v2\/categories?post=384478"},{"taxonomy":"post_tag","embeddable":true,"href":"https:\/\/www.europesays.com\/fr\/wp-json\/wp\/v2\/tags?post=384478"}],"curies":[{"name":"wp","href":"https:\/\/api.w.org\/{rel}","templated":true}]}}