{"id":384480,"date":"2025-09-12T05:03:18","date_gmt":"2025-09-12T05:03:18","guid":{"rendered":"https:\/\/www.europesays.com\/fr\/384480\/"},"modified":"2025-09-12T05:03:18","modified_gmt":"2025-09-12T05:03:18","slug":"les-salons-etudiants-incontournables-en-ile-de-france-en-2025-26-2","status":"publish","type":"post","link":"https:\/\/www.europesays.com\/fr\/384480\/","title":{"rendered":"Les salons \u00e9tudiants incontournables en \u00cele-de-France en 2025\/26"},"content":{"rendered":"<p class=\"mb-4 text-lg md:leading-8 break-words\"><strong>ORIENTATION &#8211; Essentiels pour \u00eatre inform\u00e9s du mieux possible concernant les filiales et les d\u00e9bouch\u00e9es, voici les salons \u00e9tudiants qui se d\u00e9rouleront de septembre 2025 \u00e0 juin 2026<\/strong><\/p>\n<p class=\"mb-4 text-lg md:leading-8 break-words\">De septembre \u00e0 juin, soit toute l\u2019ann\u00e9e scolaire et universitaire, plusieurs salons polyvalents (Salon de l\u2019\u00e9ducation\u2026) ou sp\u00e9cialis\u00e9s (Salon de l\u2019apprentissage\u2026) permettent de conna\u00eetre les filiales et les d\u00e9bouch\u00e9es concernant l\u2019\u00e9ducation des \u00e9tudiants. D\u00e9couvrez les plus importants o\u00f9 vous pourrez vous rendre cette ann\u00e9e en \u00cele-de-France.<\/p>\n<p>Les principaux Salons de l\u2019\u00e9tudiant en \u00cele-de-France en 2025\/26Septembre 2025Octobre 2025<\/p>\n<ul class=\"mb-4\">\n<li class=\"ml-4 list-disc\"\/>\n<li class=\"ml-4 list-disc\"\/>\n<li class=\"ml-4 list-disc\"\/>\n<li class=\"ml-4 list-disc\"\/>\n<li class=\"ml-4 list-disc\">\n<p class=\"mb-4 text-lg md:leading-8 break-words\"><a href=\"https:\/\/post-bac-paris.salon.etudiant.lefigaro.fr\/?at_medium=RSS%20feed&amp;at_campaign=ynews&amp;utm_source=yahoo&amp;utm_medium=rss&amp;utm_campaign=news_feed&amp;utm_content=in_article_link\" rel=\"nofollow noopener\" target=\"_blank\" data-ylk=\"slk:Salon Post Bac;elm:context_link;itc:0;sec:content-canvas\" class=\"link \">Salon Post Bac<\/a> [Le Figaro \u00e9tudiant], Samedi 11 et dimanche 12 octobre 2025, Espace Champerret &#8211; PARIS, Forum Horizon Chimie, Lundi 13 octobre 2025, Maison de la Chimie &#8211; PARIS<\/p>\n<\/li>\n<\/ul>\n<p>Publicit\u00e9<\/p>\n<p>Publicit\u00e9<\/p>\n<p>Publicit\u00e9<\/p>\n<p>Publicit\u00e9<\/p>\n<p class=\"mb-4 text-lg md:leading-8 break-words\">Salon tourisme, h\u00f4tellerie et restauration [l\u2019Etudiant], Samedi 18 octobre 2025, Espac(&#8230;)<\/p>\n<p class=\"mb-4 text-lg md:leading-8 break-words\"><a href=\"https:\/\/www.20minutes.fr\/vie-pro\/4172283-20250911-salons-etudiants-incontournables-ile-france-2025-26?at_medium=RSS%20feed&amp;at_campaign=ynews&amp;utm_source=yahoo&amp;utm_medium=rss&amp;utm_campaign=news_feed&amp;utm_content=read_more_link&quot;\" rel=\"nofollow noopener\" target=\"_blank\" data-ylk=\"slk:Lire la suite sur 20minutes;elm:context_link;itc:0;sec:content-canvas\" class=\"link \">Lire la suite sur 20minutes<\/a><\/p>\n<p>\u00c0 lire aussi :<br \/><a href=\"https:\/\/www.20minutes.fr\/paris\/4172224-20250910-bloquons-tout-10-septembre-malgre-mobilisation-arrive-peu-tot-etudiants-repondent-present?at_medium=RSS%20feed&amp;at_campaign=ynews&amp;utm_source=yahoo&amp;utm_medium=rss&amp;utm_campaign=news_feed&amp;utm_content=related_content_link\" rel=\"nofollow noopener\" target=\"_blank\" data-ylk=\"slk:Bloquons tout le 10 septembre : Malgr\u00e9 une mobilisation qui arrive \u00ab un peu t\u00f4t \u00bb, les \u00e9tudiants r\u00e9pondent pr\u00e9sent;elm:context_link;itc:0;sec:content-canvas\" class=\"link \">Bloquons tout le 10 septembre : Malgr\u00e9 une mobilisation qui arrive \u00ab un peu t\u00f4t \u00bb, les \u00e9tudiants r\u00e9pondent pr\u00e9sent<\/a><br \/><a href=\"https:\/\/www.20minutes.fr\/societe\/4171409-20250908-rentree-universitaire-tension-assez-extreme-lyon-nanterre-etudiants-face-guerre-logement?at_medium=RSS%20feed&amp;at_campaign=ynews&amp;utm_source=yahoo&amp;utm_medium=rss&amp;utm_campaign=news_feed&amp;utm_content=related_content_link\" rel=\"nofollow noopener\" target=\"_blank\" data-ylk=\"slk:Rentr\u00e9e universitaire : \u00ab La tension est assez extr\u00eame \u00bb.. De Lyon \u00e0 Nanterre, les \u00e9tudiants face \u00e0 la guerre du logement;elm:context_link;itc:0;sec:content-canvas\" class=\"link \">Rentr\u00e9e universitaire : \u00ab La tension est assez extr\u00eame \u00bb.. De Lyon \u00e0 Nanterre, les \u00e9tudiants face \u00e0 la guerre du logement<\/a><\/p>\n","protected":false},"excerpt":{"rendered":"ORIENTATION &#8211; Essentiels pour \u00eatre inform\u00e9s du mieux possible concernant les filiales et les d\u00e9bouch\u00e9es, voici les salons&hellip;\n","protected":false},"author":2,"featured_media":384481,"comment_status":"","ping_status":"","sticky":false,"template":"","format":"standard","meta":{"footnotes":""},"categories":[1592],"tags":[1111,11,6379,1777,674,1011,27,662,12,626,51724,25,14356,3982,51725],"class_list":{"0":"post-384480","1":"post","2":"type-post","3":"status-publish","4":"format-standard","5":"has-post-thumbnail","7":"category-ile-de-france","8":"tag-actu","9":"tag-actualites","10":"tag-etudiants","11":"tag-eu","12":"tag-europe","13":"tag-fr","14":"tag-france","15":"tag-ile-de-france","16":"tag-news","17":"tag-paris","18":"tag-porte-de-versailles","19":"tag-republique-francaise","20":"tag-salons","21":"tag-samedi","22":"tag-studyrama"},"share_on_mastodon":{"url":"https:\/\/pubeurope.com\/@fr\/115189580025571097","error":""},"_links":{"self":[{"href":"https:\/\/www.europesays.com\/fr\/wp-json\/wp\/v2\/posts\/384480","targetHints":{"allow":["GET"]}}],"collection":[{"href":"https:\/\/www.europesays.com\/fr\/wp-json\/wp\/v2\/posts"}],"about":[{"href":"https:\/\/www.europesays.com\/fr\/wp-json\/wp\/v2\/types\/post"}],"author":[{"embeddable":true,"href":"https:\/\/www.europesays.com\/fr\/wp-json\/wp\/v2\/users\/2"}],"replies":[{"embeddable":true,"href":"https:\/\/www.europesays.com\/fr\/wp-json\/wp\/v2\/comments?post=384480"}],"version-history":[{"count":0,"href":"https:\/\/www.europesays.com\/fr\/wp-json\/wp\/v2\/posts\/384480\/revisions"}],"wp:featuredmedia":[{"embeddable":true,"href":"https:\/\/www.europesays.com\/fr\/wp-json\/wp\/v2\/media\/384481"}],"wp:attachment":[{"href":"https:\/\/www.europesays.com\/fr\/wp-json\/wp\/v2\/media?parent=384480"}],"wp:term":[{"taxonomy":"category","embeddable":true,"href":"https:\/\/www.europesays.com\/fr\/wp-json\/wp\/v2\/categories?post=384480"},{"taxonomy":"post_tag","embeddable":true,"href":"https:\/\/www.europesays.com\/fr\/wp-json\/wp\/v2\/tags?post=384480"}],"curies":[{"name":"wp","href":"https:\/\/api.w.org\/{rel}","templated":true}]}}