{"id":384482,"date":"2025-09-12T05:04:14","date_gmt":"2025-09-12T05:04:14","guid":{"rendered":"https:\/\/www.europesays.com\/fr\/384482\/"},"modified":"2025-09-12T05:04:14","modified_gmt":"2025-09-12T05:04:14","slug":"sebastien-lecornu-a-peine-nomme-confronte-au-mur-de-la-defiance","status":"publish","type":"post","link":"https:\/\/www.europesays.com\/fr\/384482\/","title":{"rendered":"S\u00e9bastien Lecornu, \u00e0 peine nomm\u00e9, confront\u00e9 au mur de\u00a0la d\u00e9fiance"},"content":{"rendered":"<p>                         <img loading=\"lazy\" decoding=\"async\" src=\"https:\/\/www.europesays.com\/fr\/wp-content\/uploads\/2025\/09\/5a27771_ftp-import-images-1-wtmbmelvglby-5854952-01-06.jpg\" alt=\"La pr\u00e9sidente (Renaissance) de l\u2019Assembl\u00e9e nationale, Ya\u00ebl Braun-Pivet, et le premier ministre, S\u00e9bastien Lecornu, au Palais-Bourbon, \u00e0 Paris, le 11\u00a0septembre\u00a02025.\"   width=\"664\" height=\"443\"\/>    La pr\u00e9sidente (Renaissance) de l\u2019Assembl\u00e9e nationale, Ya\u00ebl Braun-Pivet, et le premier ministre, S\u00e9bastien Lecornu, au Palais-Bourbon, \u00e0 Paris, le 11\u00a0septembre\u00a02025.  BERTRAND GUAY\/AFP                 <\/p>\n<p class=\"article__paragraph  \"><a href=\"https:\/\/www.lemonde.fr\/politique\/article\/2025\/09\/10\/sebastien-lecornu-francois-bayrou-retrouvez-les-discours-de-la-passation-des-pouvoirs-en-integralite_6640294_823448.html\" rel=\"nofollow noopener\" target=\"_blank\">La \u00ab\u00a0rupture\u00a0\u00bb proclam\u00e9e mercredi 10\u00a0septembre par S\u00e9bastien Lecornu<\/a> est d\u2019abord une affaire de discr\u00e9tion. Si le nouveau premier ministre ne veut rien d\u00e9voiler de ses intentions avant d\u2019avoir entendu toutes les dol\u00e9ances des forces politiques et syndicales, ses premiers pas \u00e0 Matignon r\u00e9v\u00e8lent d\u00e9j\u00e0 l\u2019ampleur de sa difficult\u00e9 \u00e0 r\u00e9tablir un climat de confiance avec les partis et les partenaires sociaux, pour faire adopter un budget de compromis, d\u2019ici \u00e0 la date butoir du 31\u00a0d\u00e9cembre.<\/p>\n<p class=\"article__paragraph  \">Jeudi 11\u00a0septembre, la CFDT a annonc\u00e9 qu\u2019elle rejetterait toute r\u00e9ouverture du \u00ab\u00a0conclave\u00a0\u00bb sur les retraites, une piste \u00e9voqu\u00e9e la veille par S\u00e9bastien Lecornu. Echaud\u00e9e par l\u2019inflexibilit\u00e9 de Fran\u00e7ois Bayrou et du Medef, la centrale r\u00e9formiste exige la suspension de la r\u00e9forme Borne, qui recule l\u2019\u00e2ge de d\u00e9part \u00e0 64\u00a0ans. \u00ab\u00a0On ne construit pas des solutions solides sur un bilan aussi fragile qu\u2019un \u201cconclave\u201d qui a \u00e9chou\u00e9\u00a0\u00bb, d\u00e9fend la CFDT, dans un communiqu\u00e9. De leur c\u00f4t\u00e9, les oppositions de gauche et d\u2019extr\u00eame droite redoublent leurs menaces de censure et m\u00eame de destitution, \u00e0 l\u2019encontre d\u2019un pouvoir ex\u00e9cutif qui a les apparences de la continuit\u00e9 mais qui promet des changements majeurs \u00ab\u00a0sur la forme\u00a0\u00bb comme \u00ab\u00a0sur le fond\u00a0\u00bb.<\/p>\n<p class=\"reading-mode-only \"><strong>Il vous reste 85.24% de cet article \u00e0 lire. La suite est r\u00e9serv\u00e9e aux abonn\u00e9s.<\/strong><\/p>\n","protected":false},"excerpt":{"rendered":"La pr\u00e9sidente (Renaissance) de l\u2019Assembl\u00e9e nationale, Ya\u00ebl Braun-Pivet, et le premier ministre, S\u00e9bastien Lecornu, au Palais-Bourbon, \u00e0 Paris,&hellip;\n","protected":false},"author":2,"featured_media":384483,"comment_status":"","ping_status":"","sticky":false,"template":"","format":"standard","meta":{"footnotes":""},"categories":[1888],"tags":[1111,1928,11,1927,1777,674,1011,27,12,1926,626,1925,25],"class_list":{"0":"post-384482","1":"post","2":"type-post","3":"status-publish","4":"format-standard","5":"has-post-thumbnail","7":"category-paris","8":"tag-actu","9":"tag-actu-paris","10":"tag-actualites","11":"tag-actualites-paris","12":"tag-eu","13":"tag-europe","14":"tag-fr","15":"tag-france","16":"tag-news","17":"tag-news-paris","18":"tag-paris","19":"tag-paris-news","20":"tag-republique-francaise"},"share_on_mastodon":{"url":"https:\/\/pubeurope.com\/@fr\/115189584278593921","error":""},"_links":{"self":[{"href":"https:\/\/www.europesays.com\/fr\/wp-json\/wp\/v2\/posts\/384482","targetHints":{"allow":["GET"]}}],"collection":[{"href":"https:\/\/www.europesays.com\/fr\/wp-json\/wp\/v2\/posts"}],"about":[{"href":"https:\/\/www.europesays.com\/fr\/wp-json\/wp\/v2\/types\/post"}],"author":[{"embeddable":true,"href":"https:\/\/www.europesays.com\/fr\/wp-json\/wp\/v2\/users\/2"}],"replies":[{"embeddable":true,"href":"https:\/\/www.europesays.com\/fr\/wp-json\/wp\/v2\/comments?post=384482"}],"version-history":[{"count":0,"href":"https:\/\/www.europesays.com\/fr\/wp-json\/wp\/v2\/posts\/384482\/revisions"}],"wp:featuredmedia":[{"embeddable":true,"href":"https:\/\/www.europesays.com\/fr\/wp-json\/wp\/v2\/media\/384483"}],"wp:attachment":[{"href":"https:\/\/www.europesays.com\/fr\/wp-json\/wp\/v2\/media?parent=384482"}],"wp:term":[{"taxonomy":"category","embeddable":true,"href":"https:\/\/www.europesays.com\/fr\/wp-json\/wp\/v2\/categories?post=384482"},{"taxonomy":"post_tag","embeddable":true,"href":"https:\/\/www.europesays.com\/fr\/wp-json\/wp\/v2\/tags?post=384482"}],"curies":[{"name":"wp","href":"https:\/\/api.w.org\/{rel}","templated":true}]}}