{"id":384484,"date":"2025-09-12T05:05:15","date_gmt":"2025-09-12T05:05:15","guid":{"rendered":"https:\/\/www.europesays.com\/fr\/384484\/"},"modified":"2025-09-12T05:05:15","modified_gmt":"2025-09-12T05:05:15","slug":"un-homme-se-suicide-en-se-defenestrant-place-beauvau-a-paris","status":"publish","type":"post","link":"https:\/\/www.europesays.com\/fr\/384484\/","title":{"rendered":"Un homme se suicide en se d\u00e9fenestrant place Beauvau, \u00e0 Paris"},"content":{"rendered":"<p class=\"mb-4 text-lg md:leading-8 break-words\">Un homme s&rsquo;est d\u00e9fenestr\u00e9 jeudi \u00e0 Paris, des papiers \u00e0 la main, d&rsquo;un immeuble jouxtant le minist\u00e8re de l&rsquo;Int\u00e9rieur, place Beauvau, \u00e0 deux pas du palais de l&rsquo;Elys\u00e9e, a appris l&rsquo;AFP de source polici\u00e8re et du parquet.<\/p>\n<p class=\"mb-4 text-lg md:leading-8 break-words\">Aussit\u00f4t les secours ont pratiqu\u00e9 un massage cardiaque, sans parvenir \u00e0 le ranimer. En sautant du 5e \u00e9tage, l&rsquo;homme a jet\u00e9 des papiers sur lesquels \u00e9tait \u00e9crit un message, a indiqu\u00e9 la source polici\u00e8re.<\/p>\n<p class=\"mb-4 text-lg md:leading-8 break-words\">Selon le parquet, \u00ab\u00a0il ressort des premiers \u00e9l\u00e9ments d&rsquo;investigation qu&rsquo;\u00e0 la suite d&rsquo;un litige, un huissier s&rsquo;\u00e9tait pr\u00e9sent\u00e9 l&rsquo;apr\u00e8s-midi m\u00eame pour lui signifier l&rsquo;obligation de quitter son logement au 5e \u00e9tage\u00a0\u00bb.<\/p>\n<p class=\"mb-4 text-lg md:leading-8 break-words\">Avant de sauter, l&rsquo;homme a \u00e9galement d\u00e9ploy\u00e9 une banderole mentionnant le nom du journaliste saoudien Jamal Khashoggi, tu\u00e9 dans le consulat d&rsquo;Arabie saoudite \u00e0 Istanbul en 2018.<\/p>\n<p class=\"mb-4 text-lg md:leading-8 break-words\">En fin d&rsquo;apr\u00e8s-midi, les sapeurs-pompiers ont utilis\u00e9 une grande \u00e9chelle pour acc\u00e9der \u00e0 l&rsquo;appartement situ\u00e9 sous les toits, d&rsquo;o\u00f9 il s&rsquo;est jet\u00e9.<\/p>\n<p class=\"mb-4 text-lg md:leading-8 break-words\">Le parquet a pr\u00e9cis\u00e9 avoir ouvert une enqu\u00eate en recherche des causes de la mort, confi\u00e9e au commissariat du VIIIe arrondissement.<\/p>\n<p class=\"mb-4 text-lg md:leading-8 break-words\">De part et d&rsquo;autre du minist\u00e8re de l&rsquo;Int\u00e9rieur se situent des immeubles abritant au rez-de-chauss\u00e9e des galeries d&rsquo;art.<\/p>\n<p class=\"mb-4 text-lg md:leading-8 break-words\">Selon le minist\u00e8re public, l&rsquo;immeuble appartient \u00e0 la famille royale des Emirats Arabes Unis et le d\u00e9funt, n\u00e9 en septembre 1953 en Tunisie, y \u00e9tait employ\u00e9 en qualit\u00e9 de gardien d&rsquo;immeuble.<\/p>\n<p class=\"mb-4 text-lg md:leading-8 break-words\">Du fait de son emplacement sensible, la place Beauvau est particuli\u00e8rement s\u00e9curis\u00e9e. En fin d&rsquo;apr\u00e8s-midi, elle \u00e9tait ferm\u00e9e \u00e0 la circulation.<\/p>\n<p class=\"mb-4 text-lg md:leading-8 break-words\">sm-bdq-jdr-gd\/asl\/hdz<\/p>\n","protected":false},"excerpt":{"rendered":"Un homme s&rsquo;est d\u00e9fenestr\u00e9 jeudi \u00e0 Paris, des papiers \u00e0 la main, d&rsquo;un immeuble jouxtant le minist\u00e8re de&hellip;\n","protected":false},"author":2,"featured_media":384485,"comment_status":"","ping_status":"","sticky":false,"template":"","format":"standard","meta":{"footnotes":""},"categories":[1888],"tags":[1111,1928,11,1927,1777,674,1011,27,51727,49671,12,1926,626,1925,51726,25],"class_list":{"0":"post-384484","1":"post","2":"type-post","3":"status-publish","4":"format-standard","5":"has-post-thumbnail","7":"category-paris","8":"tag-actu","9":"tag-actu-paris","10":"tag-actualites","11":"tag-actualites-paris","12":"tag-eu","13":"tag-europe","14":"tag-fr","15":"tag-france","16":"tag-jeudi-a-paris","17":"tag-ministere-de-linterieur-2","18":"tag-news","19":"tag-news-paris","20":"tag-paris","21":"tag-paris-news","22":"tag-place-beauvau","23":"tag-republique-francaise"},"share_on_mastodon":{"url":"https:\/\/pubeurope.com\/@fr\/115189587950828409","error":""},"_links":{"self":[{"href":"https:\/\/www.europesays.com\/fr\/wp-json\/wp\/v2\/posts\/384484","targetHints":{"allow":["GET"]}}],"collection":[{"href":"https:\/\/www.europesays.com\/fr\/wp-json\/wp\/v2\/posts"}],"about":[{"href":"https:\/\/www.europesays.com\/fr\/wp-json\/wp\/v2\/types\/post"}],"author":[{"embeddable":true,"href":"https:\/\/www.europesays.com\/fr\/wp-json\/wp\/v2\/users\/2"}],"replies":[{"embeddable":true,"href":"https:\/\/www.europesays.com\/fr\/wp-json\/wp\/v2\/comments?post=384484"}],"version-history":[{"count":0,"href":"https:\/\/www.europesays.com\/fr\/wp-json\/wp\/v2\/posts\/384484\/revisions"}],"wp:featuredmedia":[{"embeddable":true,"href":"https:\/\/www.europesays.com\/fr\/wp-json\/wp\/v2\/media\/384485"}],"wp:attachment":[{"href":"https:\/\/www.europesays.com\/fr\/wp-json\/wp\/v2\/media?parent=384484"}],"wp:term":[{"taxonomy":"category","embeddable":true,"href":"https:\/\/www.europesays.com\/fr\/wp-json\/wp\/v2\/categories?post=384484"},{"taxonomy":"post_tag","embeddable":true,"href":"https:\/\/www.europesays.com\/fr\/wp-json\/wp\/v2\/tags?post=384484"}],"curies":[{"name":"wp","href":"https:\/\/api.w.org\/{rel}","templated":true}]}}