{"id":384488,"date":"2025-09-12T05:07:11","date_gmt":"2025-09-12T05:07:11","guid":{"rendered":"https:\/\/www.europesays.com\/fr\/384488\/"},"modified":"2025-09-12T05:07:11","modified_gmt":"2025-09-12T05:07:11","slug":"au-tribunal-correctionnel-de-paris-lalcool-a-la-barre","status":"publish","type":"post","link":"https:\/\/www.europesays.com\/fr\/384488\/","title":{"rendered":"Au tribunal correctionnel de Paris\u00a0: l&rsquo;alcool \u00e0 la barre"},"content":{"rendered":"<p class=\"PopSlotParagraph qg-tx2 qg-xtra-lh svelte-1r0pyek\">Qu\u2019on le qualifie de festif, de raisonnable, de compulsif ou m\u00eame de maladif, peu importe. A chaque fois, l\u2019alcool transforme un citoyen raisonnable en d\u00e9linquant pitoyable dans le box.<\/p>\n<p> Une embrouille \u00e0 coup de parapluie<\/p>\n<p class=\"PopSlotParagraph qg-tx2 qg-xtra-lh svelte-1r0pyek\">Adel a 22 ans, jeune Libyen en France depuis 8 ans, brillant, il a un master en informatique en poche et attaque une deuxi\u00e8me ann\u00e9e de licence en math\u00e9matiques. Un soir cet \u00e9t\u00e9, <strong>il a f\u00eat\u00e9 le d\u00e9part de son ami italien avec une bonne bouteille de champagne au pied de la Tour Eiffel<\/strong>. Et apr\u00e8s &#8211; Adel ne se souvient plus trop de ce qui s\u2019est pass\u00e9 \u2013 il a eu une embrouille avec un autre gars \u00e9m\u00e9ch\u00e9, \u00e7a s\u2019est r\u00e9gl\u00e9 par un coup de parapluie et un coup de pied aux fesses.<\/p>\n<p class=\"PopSlotParagraph qg-tx2 qg-xtra-lh svelte-1r0pyek\">&#8211; Je reconnais les faits, conc\u00e8de l\u2019\u00e9tudiant, mais franchement, le coup de parapluie, c\u2019\u00e9tait juste pour l\u2019\u00e9loigner.<\/p>\n<p class=\"PopSlotParagraph qg-tx2 qg-xtra-lh svelte-1r0pyek\">Le procureur reconnait que sur les vid\u00e9os, on ne distingue pas bien qui a provoqu\u00e9 qui.<\/p>\n<p class=\"PopSlotParagraph qg-tx2 qg-xtra-lh svelte-1r0pyek\">&#8211; Bon, <strong>je ne pense pas qu\u2019on vous reverra un jour au tribunal<\/strong>, conclut le magistrat avant de demander, tout de m\u00eame, une peine dissuasive\u00a0: 4 mois de prison avec sursis.<\/p>\n<p class=\"PopSlotParagraph qg-tx2 qg-xtra-lh svelte-1r0pyek\">Adel sera condamn\u00e9 \u00e0 500 \u20ac d\u2019amende.<\/p>\n<p class=\"PopSlotParagraph qg-tx2 qg-xtra-lh svelte-1r0pyek\">&#8211; En tout cas, si vous buvez, restez chez vous, ajoute la pr\u00e9sidente.<\/p>\n<p> \u00ab\u00a0Il est devenu incontr\u00f4lable\u00a0\u00bb<\/p>\n<p class=\"PopSlotParagraph qg-tx2 qg-xtra-lh svelte-1r0pyek\">Mais boire \u00e0 la maison, c\u2019est pas forc\u00e9ment une solution. La preuve. Patrick est d\u00e9sormais dans le box. Un septuag\u00e9naire divorc\u00e9 qui entretient une relation \u00e9pisodique, et \u00ab\u00a0toxique\u00a0\u00bb pr\u00e9cise-t-il, avec Isabelle. <strong>Un soir o\u00f9 ils sont tous les deux alcoolis\u00e9s, c\u2019est la dispute de trop<\/strong>.<\/p>\n<p class=\"PopSlotParagraph qg-tx2 qg-xtra-lh svelte-1r0pyek\">&#8211; J\u2019en ai rien \u00e0 foutre de ta fille, lui balance-t-elle.<\/p>\n<p class=\"PopSlotParagraph qg-tx2 qg-xtra-lh svelte-1r0pyek\">Alors Patrick voit rouge. Dans sa plainte, qu\u2019elle a ensuite retir\u00e9e, Isabelle raconte qu\u2019il est devenu incontr\u00f4lable, qu\u2019il l\u2019a attrap\u00e9 par le coup, la jet\u00e9e par terre et lui a crach\u00e9 au visage. Dans le box, penaud, Patrick reconnait la dispute mais&#8230;<\/p>\n<p class=\"PopSlotParagraph qg-tx2 qg-xtra-lh svelte-1r0pyek\">&#8211; Je l\u2019ai pas tap\u00e9e, se d\u00e9fend-il, je l\u2019ai attrap\u00e9e par les bras pour la bloquer, et je l\u2019ai pouss\u00e9e sur le lit, pas sur le sol. <strong>C\u2019est pas des violences, \u00e7a<\/strong>.<\/p>\n<p class=\"PopSlotParagraph qg-tx2 qg-xtra-lh svelte-1r0pyek\">Comme il n\u2019y a pas eu d\u2019enqu\u00eate, le tribunal doit s\u2019en tenir \u00e0 l\u2019une ou l\u2019autre des versions et retiendra celle d\u2019Isabelle\u00a0: six mois de prison avec sursis pour Patrick assortis d\u2019un stage de sensibilisation aux violences conjugales.<\/p>\n<p> Trois bouteilles de ros\u00e9 dans le ventre<\/p>\n<p class=\"PopSlotParagraph qg-tx2 qg-xtra-lh svelte-1r0pyek\">Enfin, voici Karim, 40 ans, p\u00e8re isol\u00e9 qui \u00e9l\u00e8ve seul ses deux filles depuis que leur m\u00e8re a \u00e9t\u00e9 hospitalis\u00e9e en psychiatrie. Cet \u00e9t\u00e9, Karim a \u00e9t\u00e9 ramass\u00e9 au beau milieu de la chauss\u00e9e, compl\u00e8tement ivre, ses filles livr\u00e9es \u00e0 elles-m\u00eames. Trois bouteilles de ros\u00e9 dans le ventre, reconnait-il honteux, <strong>il a pass\u00e9 25 heures en cellule de d\u00e9grisement<\/strong> avant de pouvoir r\u00e9pondre aux questions de la police. Karim parle d\u2019une accumulation de probl\u00e8mes administratifs ce jour-l\u00e0, et d\u2019une tendance \u00ab\u00a0un petit peu \u00e0 boire\u00a0\u00bb, reconnait-il.<\/p>\n<p class=\"PopSlotParagraph qg-tx2 qg-xtra-lh svelte-1r0pyek\">&#8211; Un petit peu&#8230; beaucoup corrige la pr\u00e9sidente.<\/p>\n<p class=\"PopSlotParagraph qg-tx2 qg-xtra-lh svelte-1r0pyek\">&#8211; Oui mais c\u2019est un fait isol\u00e9, <strong>j\u2019ai toujours \u00e9t\u00e9 un p\u00e8re respectable, un p\u00e8re investi<\/strong>, je m\u2019en occupe depuis qu\u2019elles sont b\u00e9b\u00e9s.<\/p>\n<p class=\"PopSlotParagraph qg-tx2 qg-xtra-lh svelte-1r0pyek\">Karim est condamn\u00e9 \u00e0 quatre mois de prison sous bracelet \u00e9lectronique et une obligation de soin. Mais le tribunal le pr\u00e9vient qu\u2019<strong>un signalement a d\u00e9j\u00e0 \u00e9t\u00e9 transmis au juge des affaires familiales<\/strong> et qu\u2019il risque de perdre la garde de ses enfants.<\/p>\n<p class=\"PopSlotParagraph qg-tx2 qg-xtra-lh svelte-1r0pyek\">Karim, Patrick et Adel, trois destins contrari\u00e9s pour quelques verres de trop.<\/p>\n","protected":false},"excerpt":{"rendered":"Qu\u2019on le qualifie de festif, de raisonnable, de compulsif ou m\u00eame de maladif, peu importe. A chaque fois,&hellip;\n","protected":false},"author":2,"featured_media":384489,"comment_status":"","ping_status":"","sticky":false,"template":"","format":"standard","meta":{"footnotes":""},"categories":[1888],"tags":[11,1777,674,1011,27,12,626,25],"class_list":{"0":"post-384488","1":"post","2":"type-post","3":"status-publish","4":"format-standard","5":"has-post-thumbnail","7":"category-paris","8":"tag-actualites","9":"tag-eu","10":"tag-europe","11":"tag-fr","12":"tag-france","13":"tag-news","14":"tag-paris","15":"tag-republique-francaise"},"share_on_mastodon":{"url":"https:\/\/pubeurope.com\/@fr\/115189595768151585","error":""},"_links":{"self":[{"href":"https:\/\/www.europesays.com\/fr\/wp-json\/wp\/v2\/posts\/384488","targetHints":{"allow":["GET"]}}],"collection":[{"href":"https:\/\/www.europesays.com\/fr\/wp-json\/wp\/v2\/posts"}],"about":[{"href":"https:\/\/www.europesays.com\/fr\/wp-json\/wp\/v2\/types\/post"}],"author":[{"embeddable":true,"href":"https:\/\/www.europesays.com\/fr\/wp-json\/wp\/v2\/users\/2"}],"replies":[{"embeddable":true,"href":"https:\/\/www.europesays.com\/fr\/wp-json\/wp\/v2\/comments?post=384488"}],"version-history":[{"count":0,"href":"https:\/\/www.europesays.com\/fr\/wp-json\/wp\/v2\/posts\/384488\/revisions"}],"wp:featuredmedia":[{"embeddable":true,"href":"https:\/\/www.europesays.com\/fr\/wp-json\/wp\/v2\/media\/384489"}],"wp:attachment":[{"href":"https:\/\/www.europesays.com\/fr\/wp-json\/wp\/v2\/media?parent=384488"}],"wp:term":[{"taxonomy":"category","embeddable":true,"href":"https:\/\/www.europesays.com\/fr\/wp-json\/wp\/v2\/categories?post=384488"},{"taxonomy":"post_tag","embeddable":true,"href":"https:\/\/www.europesays.com\/fr\/wp-json\/wp\/v2\/tags?post=384488"}],"curies":[{"name":"wp","href":"https:\/\/api.w.org\/{rel}","templated":true}]}}