{"id":384496,"date":"2025-09-12T05:11:10","date_gmt":"2025-09-12T05:11:10","guid":{"rendered":"https:\/\/www.europesays.com\/fr\/384496\/"},"modified":"2025-09-12T05:11:10","modified_gmt":"2025-09-12T05:11:10","slug":"le-royaume-uni-signe-un-contrat-avec-google-cloud-pour-partager-des-informations-classifiees-avec-les-etats-unis","status":"publish","type":"post","link":"https:\/\/www.europesays.com\/fr\/384496\/","title":{"rendered":"Le Royaume-Uni signe un contrat avec Google Cloud pour partager des informations classifi\u00e9es avec les \u00c9tats-Unis"},"content":{"rendered":"<p class=\"fig-paragraph\">Le gouvernement britannique a annonc\u00e9 jeudi un contrat \u00e0 400 millions de livres (462 millions d&rsquo;euros) avec\u00a0<a href=\"http:\/\/www.lefigaro.fr\/secteur\/high-tech\/concurrence-google-cloud-porte-plainte-contre-microsoft-aupres-de-bruxelles-20240925\" data-fig-type=\"NewsFlash\" data-gtm-custom-categorie=\"navigation\" data-gtm-custom-action=\"crossclick\" data-gtm-custom-label=\"Contextuel\" data-gtm-event=\"customEventSPE\" data-fig-domain=\"LEFIGARO\" rel=\"nofollow noopener\" target=\"_blank\">Google Cloud<\/a>\u00a0dans le cadre d&rsquo;un partenariat pour partager des informations classifi\u00e9es avec les Etats-Unis, \u00e0 quelques jours d&rsquo;une visite d&rsquo;Etat de Donald Trump.<\/p>\n<p class=\"fig-paragraph\">Cet investissement dans le service d&rsquo;informatique d\u00e9mat\u00e9rialis\u00e9e du g\u00e9ant am\u00e9ricain \u00abrenforcera les liens de communication s\u00e9curis\u00e9s entre le Royaume-Uni et les \u00c9tats-Unis, en plus du vaste partenariat en mati\u00e8re de renseignement et de s\u00e9curit\u00e9\u00bb d\u00e9j\u00e0 existant, selon un communiqu\u00e9 du minist\u00e8re de la D\u00e9fense britannique.<\/p>\n<p>                                    <a class=\"fig-a11y-skip a11y-hidden\" href=\"#fig-a11y-skip-main-inarticle\"><br \/>\n        Passer la publicit\u00e9<br \/>\n    <\/a><\/p>\n<p>Visite de Donald Trump<\/p>\n<p class=\"fig-paragraph\">Les services britanniques de renseignement et de d\u00e9fense pourront dans ce cadre utiliser \u00ables derni\u00e8res technologies d\u00e9velopp\u00e9es par Google Cloud, notamment dans l&rsquo;intelligence artificielle, l&rsquo;analyse de donn\u00e9es et la cybers\u00e9curit\u00e9\u00bb, est-il pr\u00e9cis\u00e9. Londres ajoute que cette technologie s\u00e9curis\u00e9e \u00abgarantit que les donn\u00e9es critiques du minist\u00e8re de la D\u00e9fense restent sous le contr\u00f4le direct du Royaume-Uni\u00bb.<\/p>\n<p class=\"fig-paragraph\">Cette annonce intervient \u00e0 moins d&rsquo;une semaine d&rsquo;une visite d&rsquo;Etat du pr\u00e9sident\u00a0<a href=\"http:\/\/www.lefigaro.fr\/flash-actu\/pour-donald-trump-l-intrusion-de-drones-en-pologne-est-peut-etre-une-erreur-de-la-russie-20250911\" data-fig-type=\"NewsFlash\" data-gtm-custom-categorie=\"navigation\" data-gtm-custom-action=\"crossclick\" data-gtm-custom-label=\"Contextuel\" data-gtm-event=\"customEventSPE\" data-fig-domain=\"LEFIGARO\" rel=\"nofollow noopener\" target=\"_blank\">Donald Trump<\/a>\u00a0au Royaume-Uni les 17 et 18 septembre. Plusieurs grands patrons de la tech am\u00e9ricaine pourraient l&rsquo;accompagner, selon la presse britannique. Il s&rsquo;agira de la deuxi\u00e8me visite d&rsquo;Etat au Royaume-Uni du locataire de la Maison-Blanche et de son \u00e9pouse Melania, une premi\u00e8re pour un pr\u00e9sident am\u00e9ricain.<\/p>\n","protected":false},"excerpt":{"rendered":"Le gouvernement britannique a annonc\u00e9 jeudi un contrat \u00e0 400 millions de livres (462 millions d&rsquo;euros) avec\u00a0Google Cloud\u00a0dans&hellip;\n","protected":false},"author":2,"featured_media":384497,"comment_status":"","ping_status":"","sticky":false,"template":"","format":"standard","meta":{"footnotes":""},"categories":[1588],"tags":[11,1777,674,323,12,473,1853,1851,1850,1852],"class_list":{"0":"post-384496","1":"post","2":"type-post","3":"status-publish","4":"format-standard","5":"has-post-thumbnail","7":"category-royaume-uni","8":"tag-actualites","9":"tag-eu","10":"tag-europe","11":"tag-google","12":"tag-news","13":"tag-royaume-uni","14":"tag-royaume-uni-de-grande-bretagne-et-dirlande-du-nord","15":"tag-uk","16":"tag-united-kingdom","17":"tag-united-kingdom-of-great-britain-and-northern-ireland"},"share_on_mastodon":{"url":"https:\/\/pubeurope.com\/@fr\/115189611494000898","error":""},"_links":{"self":[{"href":"https:\/\/www.europesays.com\/fr\/wp-json\/wp\/v2\/posts\/384496","targetHints":{"allow":["GET"]}}],"collection":[{"href":"https:\/\/www.europesays.com\/fr\/wp-json\/wp\/v2\/posts"}],"about":[{"href":"https:\/\/www.europesays.com\/fr\/wp-json\/wp\/v2\/types\/post"}],"author":[{"embeddable":true,"href":"https:\/\/www.europesays.com\/fr\/wp-json\/wp\/v2\/users\/2"}],"replies":[{"embeddable":true,"href":"https:\/\/www.europesays.com\/fr\/wp-json\/wp\/v2\/comments?post=384496"}],"version-history":[{"count":0,"href":"https:\/\/www.europesays.com\/fr\/wp-json\/wp\/v2\/posts\/384496\/revisions"}],"wp:featuredmedia":[{"embeddable":true,"href":"https:\/\/www.europesays.com\/fr\/wp-json\/wp\/v2\/media\/384497"}],"wp:attachment":[{"href":"https:\/\/www.europesays.com\/fr\/wp-json\/wp\/v2\/media?parent=384496"}],"wp:term":[{"taxonomy":"category","embeddable":true,"href":"https:\/\/www.europesays.com\/fr\/wp-json\/wp\/v2\/categories?post=384496"},{"taxonomy":"post_tag","embeddable":true,"href":"https:\/\/www.europesays.com\/fr\/wp-json\/wp\/v2\/tags?post=384496"}],"curies":[{"name":"wp","href":"https:\/\/api.w.org\/{rel}","templated":true}]}}