{"id":384500,"date":"2025-09-12T05:13:15","date_gmt":"2025-09-12T05:13:15","guid":{"rendered":"https:\/\/www.europesays.com\/fr\/384500\/"},"modified":"2025-09-12T05:13:15","modified_gmt":"2025-09-12T05:13:15","slug":"les-adolescents-sont-ils-conscients-detre-pieges-par-tiktok","status":"publish","type":"post","link":"https:\/\/www.europesays.com\/fr\/384500\/","title":{"rendered":"Les adolescents sont-ils conscients d&rsquo;\u00eatre pi\u00e9g\u00e9s par TikTok ?"},"content":{"rendered":"<p class=\"intro \">Des lyc\u00e9ens de seconde racontent passer plusieurs heures par jour sur TikTok, expos\u00e9s \u00e0 des contenus dangereux comme la scarification ou l\u2019anorexie. S\u2019ils jugent une interdiction difficile \u00e0 appliquer, ils appellent surtout les plateformes \u00e0 supprimer ces vid\u00e9os toxiques plut\u00f4t que de restreindre l\u2019acc\u00e8s par l\u2019\u00e2ge ou par horaire.<\/p>\n<p><a href=\"https:\/\/www.europe1.fr\/dossiers\/tiktok\" target=\"_blank\" rel=\"nofollow noopener\">TikTok<\/a> s\u00e9duit massivement les adolescents en France et interroge sur son impact, notamment sur leur sant\u00e9 mentale et leurs habitudes de vie. Entre addiction aux \u00e9crans et exposition \u00e0 des contenus inappropri\u00e9s, <a href=\"https:\/\/www.europe1.fr\/culture\/tiktok-interdiction-aux-moins-de-15-ans-un-couvre-feu-numerique-ce-que-recommande-un-rapport-parlementaire-772232\" target=\"_blank\" rel=\"nofollow noopener\">l\u2019application est de plus en plus scrut\u00e9e<\/a>.<\/p>\n<p>    La suite apr\u00e8s cette publicit\u00e9<\/p>\n<p>    La suite apr\u00e8s cette publicit\u00e9<\/p>\n<p>Fra\u00eechement entr\u00e9s en classe de seconde, ces adolescents passent chaque jour des heures sur TikTok, oscillant entre divertissement et contenus bien plus inqui\u00e9tants. \u00ab\u00a0Je regarde les vid\u00e9os moi aussi, 3-4 heures par jour. Des vid\u00e9os de maquillage, d\u2019ongles\u2026 mais parfois \u00e7a parle de scarification et <a href=\"https:\/\/www.europe1.fr\/societe\/suicide-depression-un-collectif-francais-sattaque-a-tiktok-et-a-ses-dangers-pour-les-adolescents-4251577\" target=\"_blank\" rel=\"nofollow noopener\">je ne sais pas pourquoi on me propose \u00e7a<\/a>\u00ab\u00a0, raconte l\u2019une d\u2019eux.<\/p>\n<p>Scarification, anorexie, masculinisme\u2026 L\u2019algorithme met en avant des vid\u00e9os potentiellement nocives qui se retrouvent directement face \u00e0 des mineurs. Face \u00e0 la question d\u2019une interdiction pour les moins de 15 ans ou apr\u00e8s 22 heures, les avis divergent. \u00ab\u00a0Pour moi, il ne faut pas interdire\u00a0\u00bb, \u00ab\u00a0\u00e7a d\u00e9pend de l\u2019\u00e2ge, primaire c\u2019est trop t\u00f4t. 13-14 ans c\u2019est bien, mais pas avant\u00a0\u00bb, expliquent-ils.<\/p>\n<p>    La suite apr\u00e8s cette publicit\u00e9<\/p>\n<p>    La suite apr\u00e8s cette publicit\u00e9<\/p>\n<p>Un appel \u00e0 la responsabilisation de la plate-forme<\/p>\n<p>Beaucoup reconnaissent perdre la notion du temps. \u00ab\u00a0Quand je scrolle, des fois je vois que \u00e7a fait deux heures et je suis l\u00e0, ouh\u2026\u00a0\u00bb, admet une \u00e9l\u00e8ve. \u00ab\u00a0Ouais, je me couche un peu tard des fois sur TikTok\u00a0\u00bb, ench\u00e9rit un autre. Tous savent qu\u2019une restriction horaire serait facile \u00e0 contourner.<\/p>\n<p>Plut\u00f4t qu\u2019une interdiction pure et simple, ces jeunes demandent surtout aux r\u00e9seaux sociaux d\u2019agir directement. Leur priorit\u00e9 est de voir dispara\u00eetre les contenus toxiques qui polluent leur fil et mettent leur sant\u00e9 en danger.<\/p>\n","protected":false},"excerpt":{"rendered":"Des lyc\u00e9ens de seconde racontent passer plusieurs heures par jour sur TikTok, expos\u00e9s \u00e0 des contenus dangereux comme&hellip;\n","protected":false},"author":2,"featured_media":384501,"comment_status":"","ping_status":"","sticky":false,"template":"","format":"standard","meta":{"footnotes":""},"categories":[1586],"tags":[11,1777,674,1011,27,12,25],"class_list":{"0":"post-384500","1":"post","2":"type-post","3":"status-publish","4":"format-standard","5":"has-post-thumbnail","7":"category-europe","8":"tag-actualites","9":"tag-eu","10":"tag-europe","11":"tag-fr","12":"tag-france","13":"tag-news","14":"tag-republique-francaise"},"share_on_mastodon":{"url":"https:\/\/pubeurope.com\/@fr\/115189619304212071","error":""},"_links":{"self":[{"href":"https:\/\/www.europesays.com\/fr\/wp-json\/wp\/v2\/posts\/384500","targetHints":{"allow":["GET"]}}],"collection":[{"href":"https:\/\/www.europesays.com\/fr\/wp-json\/wp\/v2\/posts"}],"about":[{"href":"https:\/\/www.europesays.com\/fr\/wp-json\/wp\/v2\/types\/post"}],"author":[{"embeddable":true,"href":"https:\/\/www.europesays.com\/fr\/wp-json\/wp\/v2\/users\/2"}],"replies":[{"embeddable":true,"href":"https:\/\/www.europesays.com\/fr\/wp-json\/wp\/v2\/comments?post=384500"}],"version-history":[{"count":0,"href":"https:\/\/www.europesays.com\/fr\/wp-json\/wp\/v2\/posts\/384500\/revisions"}],"wp:featuredmedia":[{"embeddable":true,"href":"https:\/\/www.europesays.com\/fr\/wp-json\/wp\/v2\/media\/384501"}],"wp:attachment":[{"href":"https:\/\/www.europesays.com\/fr\/wp-json\/wp\/v2\/media?parent=384500"}],"wp:term":[{"taxonomy":"category","embeddable":true,"href":"https:\/\/www.europesays.com\/fr\/wp-json\/wp\/v2\/categories?post=384500"},{"taxonomy":"post_tag","embeddable":true,"href":"https:\/\/www.europesays.com\/fr\/wp-json\/wp\/v2\/tags?post=384500"}],"curies":[{"name":"wp","href":"https:\/\/api.w.org\/{rel}","templated":true}]}}