{"id":384506,"date":"2025-09-12T05:16:21","date_gmt":"2025-09-12T05:16:21","guid":{"rendered":"https:\/\/www.europesays.com\/fr\/384506\/"},"modified":"2025-09-12T05:16:21","modified_gmt":"2025-09-12T05:16:21","slug":"le-nouveau-premier-ministre-sebastien-lecornu-a-t-il-menti-concernant-ses-diplomes","status":"publish","type":"post","link":"https:\/\/www.europesays.com\/fr\/384506\/","title":{"rendered":"Le nouveau Premier ministre S\u00e9bastien Lecornu a-t-il \u00ab\u00a0menti\u00a0\u00bb concernant ses dipl\u00f4mes\u00a0?"},"content":{"rendered":"<p>A peine nomm\u00e9, et d\u00e9j\u00e0 sous le feu des critiques. Selon plusieurs internautes, le nouveau <a href=\"https:\/\/www.20minutes.fr\/dossier\/premier_ministre\" class=\"c-link c-link--is-underlined\" rel=\"nofollow noopener\" target=\"_blank\">Premier Ministre<\/a> <a href=\"https:\/\/www.20minutes.fr\/politique\/sebastien-lecornu\/\" class=\"c-link c-link--is-underlined\" rel=\"nofollow noopener\" target=\"_blank\">S\u00e9bastien Lecornu<\/a> aurait menti sur son CV. Dans le viseur\u00a0: un texte modifi\u00e9 dans la section \u00ab\u00a0Formation\u00a0\u00bb de sa biographie, \u00ab\u00a0sur les pages officielles du <a href=\"https:\/\/www.20minutes.fr\/dossier\/gouvernement\" class=\"c-link c-link--is-underlined\" rel=\"nofollow noopener\" target=\"_blank\">gouvernement\u00a0<\/a>\u00bb.<\/p>\n<blockquote class=\"twitter-tweet\" align=\"center\" data-lang=\"fr_FR\">\n<p lang=\"fr\" dir=\"ltr\">\ud83d\udd34 S\u00e9bastien LECORNU caviardait-il pendant des ann\u00e9es son CV sur les pages officielles du Gouvernement comme l&rsquo;affirme <a href=\"https:\/\/twitter.com\/anatolium?ref_src=twsrc%5Etfw\" rel=\"nofollow noopener\" target=\"_blank\">@anatolium<\/a> ?<\/p>\n<p>La r\u00e9ponse est OUI.<\/p>\n<p>Voici sa page officielle en 2024 vs. 2025<\/p>\n<p>Le mensonge sur leurs comp\u00e9tences, sur tout, toujours. <a href=\"https:\/\/t.co\/AVBGWVc5ZV\" rel=\"nofollow\">pic.twitter.com\/AVBGWVc5ZV<\/a><\/p>\n<p>\u2014 Gabriel de Varenne (@G_deVarenne) <a href=\"https:\/\/twitter.com\/G_deVarenne\/status\/1965710977552498788?ref_src=twsrc%5Etfw\" rel=\"nofollow noopener\" target=\"_blank\">September 10, 2025<\/a><\/p><\/blockquote>\n<p class=\"mb-xxl@xs color-ultramarine font-weight-semi-bold@xs font-source-serif-pro heading-s@xs\">L\u2019acc\u00e8s \u00e0 ce contenu a \u00e9t\u00e9 bloqu\u00e9 afin de respecter votre choix de consentement<\/p>\n<p class=\"mb-m@xs text-l@xs\">En cliquant sur\u00ab J\u2019accepte \u00bb, vous acceptez le d\u00e9p\u00f4t de cookies par des services externes et aurez ainsi acc\u00e8s aux contenus de nos partenaires.<\/p>\n<p class=\"mb-xl@xs text-s@xs\">Plus d\u2019informations sur la page<a href=\"https:\/\/www.20minutes.fr\/gestion-cookies\" class=\"mx-xxs@xs color-ultramarine\" rel=\"nofollow noopener\" target=\"_blank\">Politique de gestion des cookies<\/a><\/p>\n<p>J\u2019accepte<\/p>\n<p>Sur X, au lendemain de la nomination de S\u00e9bastien Lecornu, un d\u00e9nomm\u00e9 \u00ab\u00a0Gabriel de Varenne\u00a0\u00bb, reprenant une affirmation de Juan Branco, avance des preuves de ce \u00ab\u00a0mensonge\u00a0\u00bb. Un montage, titr\u00e9 \u00ab\u00a0LECORNU et ses dipl\u00f4mes\u00a0\u00bb, montre deux captures d\u2019\u00e9cran de la \u00ab\u00a0page officielle\u00a0\u00bb du nouveau locataire de Matignon\u00a0: l\u2019une date de\u00a02024, l\u2019autre de\u00a02025. Sur la premi\u00e8re, dans la rubrique \u00ab\u00a0Formation\u00a0\u00bb, on peut lire\u00a0: \u00ab\u00a0Dipl\u00f4m\u00e9 d\u2019un master de droit public de l\u2019universit\u00e9 Panth\u00e9on-Assas\u00a0\u00bb. Sur l\u2019autre est \u00e9crit, au m\u00eame endroit\u00a0: \u00ab\u00a0\u00c9tudes de droit \u00e0 l\u2019universit\u00e9 Paris-2 Panth\u00e9on Assas\u00a0\u00bb. Le post, vu plus de 750.000 fois en une journ\u00e9e, a \u00e9t\u00e9 <a href=\"https:\/\/x.com\/f_asselineau\/status\/1965761630505255363\" target=\"_blank\" class=\"c-link c-link--is-underlined\" rel=\"nofollow\">repartag\u00e9 par le pr\u00e9sident de l\u2019UPR<\/a>, <a href=\"https:\/\/www.20minutes.fr\/politique\/francois-asselineau\/\" class=\"c-link c-link--is-underlined\" rel=\"nofollow noopener\" target=\"_blank\">Fran\u00e7ois Asselineau<\/a>.<\/p>\n<p>FAKE OFF<\/p>\n<p>Pour commencer, v\u00e9rifions si les deux captures d\u2019\u00e9cran pr\u00e9sentes dans le montage sont r\u00e9elles, en consultant le <a href=\"https:\/\/www.info.gouv.fr\/personnalite\/sebastien-lecornu#biographie\" target=\"_blank\" class=\"c-link c-link--is-underlined\" rel=\"nofollow noopener\">site info.gouv.fr<\/a>. Une seule diff\u00e9rence est \u00e0 noter entre la page actuelle et la capture d\u2019\u00e9cran de\u00a02025 pr\u00e9sente dans le tweet\u00a0: le poste. \u00ab\u00a0Premier Ministre\u00a0\u00bb a pris la place de \u00ab\u00a0Ministre des Arm\u00e9es\u00a0\u00bb. Hormis cela, tout est identique, au mot pour mot. Y compris la phrase \u00ab\u00a0\u00c9tudes de droit \u00e0 l\u2019universit\u00e9 Paris-2 Panth\u00e9on Assas\u00a0\u00bb, dans la fameuse rubrique formation.<\/p>\n<p>Pour v\u00e9rifier la capture d\u2019\u00e9cran de la page datant de\u00a02024, direction l\u2019<a href=\"https:\/\/web.archive.org\/web\/20240101000000*\/https:\/\/www.info.gouv.fr\/personnalite\/sebastien-lecornu#biographie\" target=\"_blank\" class=\"c-link c-link--is-underlined\" rel=\"nofollow noopener\">outil Wayback Machine<\/a>. Date la plus r\u00e9cente, pour l\u2019ann\u00e9e\u00a02024, o\u00f9 la page officielle de S\u00e9bastien Lecornu a \u00e9t\u00e9 enregistr\u00e9e\u00a0: le <a href=\"https:\/\/web.archive.org\/web\/20241205011335\/https:\/\/www.info.gouv.fr\/personnalite\/sebastien-lecornu#biographie\" target=\"_blank\" class=\"c-link c-link--is-underlined\" rel=\"nofollow noopener\">5\u00a0d\u00e9cembre 2024<\/a>. Deux diff\u00e9rences, toutes deux en haut de la page\u00a0: les dates et, encore une fois, le poste. Rien n\u2019est \u00e0 signaler dans la partie qui nous int\u00e9resse. En remontant \u00e0 l\u2019<a href=\"https:\/\/web.archive.org\/web\/20240413195802\/https:\/\/www.info.gouv.fr\/personnalite\/sebastien-lecornu#biographie\" target=\"_blank\" class=\"c-link c-link--is-underlined\" rel=\"nofollow noopener\">enregistrement du 13\u00a0avril 2024<\/a>, on retrouve, \u00e0 la lettre pr\u00e8s, la capture d\u2019\u00e9cran pr\u00e9sente dans le post. Les images du montage sont r\u00e9elles, et les affirmations des internautes aussi.<\/p>\n<p>Un changement effectu\u00e9 apr\u00e8s le 17\u00a0ao\u00fbt 2025<\/p>\n<p>Mais alors quand a \u00e9t\u00e9 mise \u00e0 jour sa biographie\u00a0? Apr\u00e8s le 17\u00a0ao\u00fbt dernier, <a href=\"https:\/\/web.archive.org\/web\/20250817134002\/https:\/\/www.info.gouv.fr\/personnalite\/sebastien-lecornu\" target=\"_blank\" class=\"c-link c-link--is-underlined\" rel=\"nofollow noopener\">d\u2019apr\u00e8s l\u2019outil<\/a> Wayback Machine. A cette date, la phrase \u00ab\u00a0Dipl\u00f4m\u00e9 d\u2019un master de droit public de l\u2019universit\u00e9 Panth\u00e9on-Assas\u00a0\u00bb est encore \u00e9crite dans la rubrique \u00ab\u00a0Formation\u00a0\u00bb. Le changement pour \u00ab\u00a0\u00ab\u00a0\u00c9tudes de droit \u00e0 l\u2019universit\u00e9 Paris-2 Panth\u00e9on Assas\u00a0\u00bb a donc \u00e9t\u00e9 effectu\u00e9 apr\u00e8s cette date, sans que l\u2019on puisse fixer exactement la date. Le signe que S\u00e9bastien Lecornu savait d\u00e9j\u00e0 qu\u2019il finirait \u00e0 Matignon et que son profil attirerait d\u00e9sormais l\u2019attention\u00a0?<\/p>\n<\/p>\n<p>Contact\u00e9 pour donner une explication \u00e0 ce changement de biographie, le service communication du Premier Ministre a r\u00e9pondu \u00e0 nos sollicitations en d\u00e9but de soir\u00e9e ce jeudi pr\u00e9cisent que \u00ab\u00a0le site du minist\u00e8re des Arm\u00e9es avait toujours marqu\u00e9 des \u00e9tudes de droit\u00a0\u00bb sans pr\u00e9ciser le niveau d\u2019\u00e9tudes atteint. Le service presse de l\u2019universit\u00e9 Panth\u00e9on-Assas, contact\u00e9 \u00e9galement, n\u2019a pas donn\u00e9 suite \u00e0 nos \u00e9changes.<\/p>\n<p>S\u00e9bastien Lecornu est-il dipl\u00f4m\u00e9 d\u2019un master\u00a0? <a href=\"https:\/\/photo.capital.fr\/macron-zemmour-melenchon-les-vrais-diplomes-des-candidats-a-la-presidentielle-officiels-ou-potentiels-46778#sebastien-lecornu-n-a-pas-finalise-son-master-de-droit-public-9t1jg\" rel=\"nofollow noopener\" target=\"_blank\" class=\"c-link c-link--is-underlined\">D\u2019apr\u00e8s Capital<\/a>, la r\u00e9ponse est non. Il n\u2019aurait tout simplement \u00ab\u00a0pas termin\u00e9 son master de droit public\u00a0\u00bb.<\/p>\n<p><script async src=\"https:\/\/platform.twitter.com\/widgets.js\" charset=\"utf-8\"><\/script><\/p>\n","protected":false},"excerpt":{"rendered":"A peine nomm\u00e9, et d\u00e9j\u00e0 sous le feu des critiques. Selon plusieurs internautes, le nouveau Premier Ministre S\u00e9bastien&hellip;\n","protected":false},"author":2,"featured_media":384507,"comment_status":"","ping_status":"","sticky":false,"template":"","format":"standard","meta":{"footnotes":""},"categories":[2],"tags":[47,11,840,1011,27,418,49272,12,316,3363,25,11067],"class_list":{"0":"post-384506","1":"post","2":"type-post","3":"status-publish","4":"format-standard","5":"has-post-thumbnail","7":"category-actualites","8":"tag-actualite","9":"tag-actualites","10":"tag-fake-off","11":"tag-fr","12":"tag-france","13":"tag-gouvernement","14":"tag-matignon","15":"tag-news","16":"tag-politique","17":"tag-premier-ministre","18":"tag-republique-francaise","19":"tag-sebastien-lecornu"},"share_on_mastodon":{"url":"https:\/\/pubeurope.com\/@fr\/115189631133006334","error":""},"_links":{"self":[{"href":"https:\/\/www.europesays.com\/fr\/wp-json\/wp\/v2\/posts\/384506","targetHints":{"allow":["GET"]}}],"collection":[{"href":"https:\/\/www.europesays.com\/fr\/wp-json\/wp\/v2\/posts"}],"about":[{"href":"https:\/\/www.europesays.com\/fr\/wp-json\/wp\/v2\/types\/post"}],"author":[{"embeddable":true,"href":"https:\/\/www.europesays.com\/fr\/wp-json\/wp\/v2\/users\/2"}],"replies":[{"embeddable":true,"href":"https:\/\/www.europesays.com\/fr\/wp-json\/wp\/v2\/comments?post=384506"}],"version-history":[{"count":0,"href":"https:\/\/www.europesays.com\/fr\/wp-json\/wp\/v2\/posts\/384506\/revisions"}],"wp:featuredmedia":[{"embeddable":true,"href":"https:\/\/www.europesays.com\/fr\/wp-json\/wp\/v2\/media\/384507"}],"wp:attachment":[{"href":"https:\/\/www.europesays.com\/fr\/wp-json\/wp\/v2\/media?parent=384506"}],"wp:term":[{"taxonomy":"category","embeddable":true,"href":"https:\/\/www.europesays.com\/fr\/wp-json\/wp\/v2\/categories?post=384506"},{"taxonomy":"post_tag","embeddable":true,"href":"https:\/\/www.europesays.com\/fr\/wp-json\/wp\/v2\/tags?post=384506"}],"curies":[{"name":"wp","href":"https:\/\/api.w.org\/{rel}","templated":true}]}}