{"id":384517,"date":"2025-09-12T05:22:10","date_gmt":"2025-09-12T05:22:10","guid":{"rendered":"https:\/\/www.europesays.com\/fr\/384517\/"},"modified":"2025-09-12T05:22:10","modified_gmt":"2025-09-12T05:22:10","slug":"la-coupe-de-france-est-de-retour","status":"publish","type":"post","link":"https:\/\/www.europesays.com\/fr\/384517\/","title":{"rendered":"La Coupe de France est de retour"},"content":{"rendered":"<p>                            <img decoding=\"async\" class=\"img-fluid thumbnail__news\" src=\"https:\/\/www.europesays.com\/fr\/wp-content\/uploads\/2025\/09\/60a0e881-82b0-44b1-bff5-30d45da29c5b.jpg\" alt=\"La Coupe de France est de retour\"\/><\/p>\n<p>Na\u00ebl Sane et Lorient iront \u00e0 Foug\u00e8res pour le 1er tour de la Coupe de France &#8211; Olivier Poulain<\/p>\n<p>                                                        46 \u00e9quipes de Elite 2, de NM1 et le vainqueur du Troph\u00e9e masculin 2025, Beyssac-Beaupuy-Marmande, pensionnaire de NM2 participeront \u00e0 partir de ce vendredi au 1er tour de la Coupe de France. Quatre rencontres opposeront des clubs d&rsquo;Elite 2 dont Roanne &#8211; Aix-Maurienne qui sera diffus\u00e9 en direct sur la chaine Youtube du club de la Loire.<\/p>\n<p>Alors que la saison n&rsquo;a pas encore d\u00e9but\u00e9, les \u00e9quipes \u00e9voluant en NM1 et Elite 2 joueuront d\u00e8s ce week-end \u00ab\u00a0un match qui compte\u00a0\u00bb. Une bonne fa\u00e7on de terminer sa pr\u00e9pa pour certains ou de lancer l&rsquo;exercice 2025-2026 pour d&rsquo;autres. Dans tous les cas, ce premier tour de la Coupe de France sera un bon r\u00e9v\u00e9lateur de l&rsquo;\u00e9tat de forme des diff\u00e9rents collectifs et r\u00e9servera donc surement son lot de surprise.<\/p>\n<p>Le petit poucet de la comp\u00e9tition, Beayssac-Beaupuy-Marmande qui \u00e9volue en NM2, d\u00e9fiera l&rsquo;ogre palois. L&rsquo;occasion pour les supporters de profiter de ce \u00ab\u00a0match de gala\u00a0\u00bb pour faire une grande f\u00eate, d\u00e9couvrir les nouvelles t\u00eates de l&rsquo;effectif, et pourquoi pas porter leur \u00e9quipe pour cr\u00e9er un petit exploit.<\/p>\n<p><strong>Programme du 1er tour de la Coupe de France<br \/><\/strong>Vendredi 12 septembre \u00e0 20h00<br \/>Lyon SO (NM1) &#8211; Saint Vallier (NM1)<br \/>Les Sables d&rsquo;Olonne (NM1) &#8211; Poitiers (Elite 2)<br \/>Angers (NM1) &#8211; Challans (Elite 2)<br \/>Tours (NM1) &#8211; Caen (Elite 2)<br \/>Le Havre (NM1) &#8211; Rouen (Elite 2)<br \/>Orchies (NM1) &#8211; Levallois (NM1)<br \/>Charleville-M\u00e9zi\u00e8res (NM1) &#8211; Metz (NM1)<br \/>Mulhouse (NM1) &#8211; Besan\u00e7on (NM1)<\/p>\n<p>Vendredi 12 septembre \u00e0 20h30<br \/>Saint-Chamond-Andr\u00e9zieux (Elite 2) &#8211; Vichy (Elite 2)<br \/>Toulouse (NM1) &#8211; Tarbes-Lourdes (NM1)<br \/>Pays de Foug\u00e8res (NM1) &#8211; Lorient (NM1)<br \/>Pays Salonais Basket 13 (NM1) &#8211;\u00a0Antibes (Elite 2)<\/p>\n<p>Samedi 13 septembre \u00e0 17h00<br \/>Poissy (NM1) &#8211; Val de Seine (NM1)<\/p>\n<p>Samedi 13 septembre \u00e0 18h30<br \/>Ch\u00e2lons-Reims (Elite 2) &#8211; Gries-Souffel (Elite 2)<\/p>\n<p>Samedi 13 septembre \u00e0 19h00<br \/>Roanne (Elite 2) &#8211; Aix-Maurienne (Elite 2) <a href=\"https:\/\/www.youtube.com\/@ChoraleTV\" target=\"_blank\" rel=\"noopener\">&#8211; En direct sur Youtube<\/a><\/p>\n<p>Samedi 13 septembre \u00e0 20h00<br \/>Fos-sur-mer (NM1) &#8211; Hy\u00e8res-Toulon (Elite 2)<br \/>Beayssac-Beaupuy-Marmande (NM2) &#8211; Pau-lacq-Orthez (Elite 2)<br \/>Rennes (NM1) &#8211; Nantes (Elite 2)<br \/>Vitr\u00e9 (NM1) &#8211; Quimper (Elite 2)<br \/>Chartres (NM1) &#8211; Evreux (Elite 2)<br \/>Blois (Elite 2) &#8211; Orl\u00e9ans (Elite 2)<br \/>Boulogne-sur-mer (NM1) &#8211; Denain (Elite 2)<br \/>Loon Plage (NM1) &#8211; Berck Rang du Fliers (NM1)<\/p>\n","protected":false},"excerpt":{"rendered":"Na\u00ebl Sane et Lorient iront \u00e0 Foug\u00e8res pour le 1er tour de la Coupe de France &#8211; Olivier&hellip;\n","protected":false},"author":2,"featured_media":384518,"comment_status":"","ping_status":"","sticky":false,"template":"","format":"standard","meta":{"footnotes":""},"categories":[1414],"tags":[1465,1464,1011,27,60],"class_list":{"0":"post-384517","1":"post","2":"type-post","3":"status-publish","4":"format-standard","5":"has-post-thumbnail","7":"category-basket","8":"tag-basket","9":"tag-basketball","10":"tag-fr","11":"tag-france","12":"tag-sports"},"share_on_mastodon":{"url":"https:\/\/pubeurope.com\/@fr\/115189654787040808","error":""},"_links":{"self":[{"href":"https:\/\/www.europesays.com\/fr\/wp-json\/wp\/v2\/posts\/384517","targetHints":{"allow":["GET"]}}],"collection":[{"href":"https:\/\/www.europesays.com\/fr\/wp-json\/wp\/v2\/posts"}],"about":[{"href":"https:\/\/www.europesays.com\/fr\/wp-json\/wp\/v2\/types\/post"}],"author":[{"embeddable":true,"href":"https:\/\/www.europesays.com\/fr\/wp-json\/wp\/v2\/users\/2"}],"replies":[{"embeddable":true,"href":"https:\/\/www.europesays.com\/fr\/wp-json\/wp\/v2\/comments?post=384517"}],"version-history":[{"count":0,"href":"https:\/\/www.europesays.com\/fr\/wp-json\/wp\/v2\/posts\/384517\/revisions"}],"wp:featuredmedia":[{"embeddable":true,"href":"https:\/\/www.europesays.com\/fr\/wp-json\/wp\/v2\/media\/384518"}],"wp:attachment":[{"href":"https:\/\/www.europesays.com\/fr\/wp-json\/wp\/v2\/media?parent=384517"}],"wp:term":[{"taxonomy":"category","embeddable":true,"href":"https:\/\/www.europesays.com\/fr\/wp-json\/wp\/v2\/categories?post=384517"},{"taxonomy":"post_tag","embeddable":true,"href":"https:\/\/www.europesays.com\/fr\/wp-json\/wp\/v2\/tags?post=384517"}],"curies":[{"name":"wp","href":"https:\/\/api.w.org\/{rel}","templated":true}]}}