{"id":384520,"date":"2025-09-12T05:24:10","date_gmt":"2025-09-12T05:24:10","guid":{"rendered":"https:\/\/www.europesays.com\/fr\/384520\/"},"modified":"2025-09-12T05:24:10","modified_gmt":"2025-09-12T05:24:10","slug":"porsche-gt2-champion-de-f1-max-verstappen-en-vente-aux-encheres","status":"publish","type":"post","link":"https:\/\/www.europesays.com\/fr\/384520\/","title":{"rendered":"Porsche GT2 champion de F1 Max Verstappen en vente aux ench\u00e8res"},"content":{"rendered":"<p>AKARTA &#8211; La Porsche 911 GT2 RS Club sport appartenant au chauffeur Red Bull et au quatre fois champion du monde de F1, Max Verstappen, est maintenant mis aux ench\u00e8res. Cette voiture exclusive est propos\u00e9e par RM Sotheby\u2019s via sa plate-forme Drop Sealed.<\/p>\n<p>cit\u00e9 par Autoblog, vendredi 12 septembre, la voiture vendue aux ench\u00e8res est la Porsche 911 GT2 RS Club sport de 2019, une variante tr\u00e8s extr\u00eame de course de la Porsche 911 GT2 RS de la g\u00e9n\u00e9ration 991. Cette voiture a \u00e9t\u00e9 introduite lors du Los Angeles Auto Show 2018 et n\u2019est produite que pour 200 unit\u00e9s dans le monde entier. Gr\u00e2ce \u00e0 la division des motos sportives de Porsche, cette voiture est surnomm\u00e9e \u00ab la voiture de course de clients de rue gt le plus puissante que nous ayons fabriqu\u00e9e \u00bb.<\/p>\n<p>est tir\u00e9 d\u2019un RS l\u00e9ger et efficace, mais la version sport du club a re\u00e7u un certain nombre d\u2019am\u00e9liorations sp\u00e9ciales pour les pistes de course. Les caract\u00e9ristiques suppl\u00e9mentaires comprennent des ailes plus grandes, un toit en fibre de carbone, un capot de moteur, un cage \u00e0 rouleau conform\u00e9ment aux normes FIA et un syst\u00e8me d\u2019\u00e9chappement de course. La voiture est construite directement dans une installation sp\u00e9ciale de moto sport de Porsche \u00e0 FHT, le m\u00eame endroit que d\u2019autres voitures de course l\u00e9gendantes telles que la 911 GT3 Cup et le 919 Hybrid LMP1.<\/p>\n<p>ina en vente aux ench\u00e8res est la 65e unit\u00e9 des 200 unit\u00e9s fabriqu\u00e9es. Selon les documents de vente, Max Verstappen est son premier propri\u00e9taire, \u00e0 acheter la voiture en ao\u00fbt 2019 avec un ensemble de roues et un ensemble de pi\u00e8ces suppl\u00e9mentaires. Pendant sa possession, ce N\u00e9erlandais a utilis\u00e9 la voiture pour la journ\u00e9e de piste avec l\u2019aide de l\u2019\u00e9quipe de course GP elit.<\/p>\n<p>Verstappen et son p\u00e8re, Jos, avaient conduit la voiture lors d\u2019une s\u00e9ance d\u2019essais sur le circuit de Barcelone-Catalunya en janvier 2020 pour un documentaire n\u00e9erlandais intitul\u00e9 Max Verstappen: Wh Whenever It Takes.<\/p>\n<p>, ce qui est surtout, c\u2019est que cette voiture a la signature Verstappen en trois endroits diff\u00e9rents: du c\u00f4t\u00e9 du bord des passagers, dans la salle du moteur et \u00e0 l\u2019avant du capot carbone. En outre, le nom de Max Verstappen et son nom, Raymond Vermeelen, ainsi que le num\u00e9ro de sa vieille voiture, 33, appara\u00eet sur l\u2019\u00e9cran num\u00e9rique du bord. RM de Sotheby\u2019s inclura une photo de Verstappen lors de la signature de la voiture, ainsi que la preuve de la propri\u00e9t\u00e9 originale.<\/p>\n<p>cottes : pour les collectionneurs et les amateurs de courses, c&rsquo;est une occasion en or d&rsquo;avoir une partie de l&rsquo;histoire de l&rsquo;automobile qui est directement li\u00e9e \u00e0 l&rsquo;un des meilleurs coureurs de Formule 1 d&rsquo;\u00e9poque moderne.<\/p>\n<p>bas\u00e9 sur les estimations de la rm Sotheby\u2019s, cette voiture sp\u00e9ciale devrait \u00eatre vendue \u00e0 des prix fantastiques. La valeur estim\u00e9e de cette voiture de course non autoroute ill\u00e9gale est compris entre 550 000 et 650 000 dollars am\u00e9ricains (\u00e9quivalent de 9 milliards IDR-10,6 milliards IDR) et les ench\u00e8res seront ferm\u00e9es en 13 jours.<\/p>\n<p>The English, Chinese, Japanese, Arabic, and French versions are automatically generated by the AI. So there may still be inaccuracies in translating, please always see Indonesian as our main language.<br \/>\n                                    (system supported by DigitalSiber.id)<\/p>\n","protected":false},"excerpt":{"rendered":"AKARTA &#8211; La Porsche 911 GT2 RS Club sport appartenant au chauffeur Red Bull et au quatre fois&hellip;\n","protected":false},"author":2,"featured_media":384521,"comment_status":"","ping_status":"","sticky":false,"template":"","format":"standard","meta":{"footnotes":""},"categories":[1412],"tags":[1451,1452,1453,1454,1455,1011,27,51728,60],"class_list":{"0":"post-384520","1":"post","2":"type-post","3":"status-publish","4":"format-standard","5":"has-post-thumbnail","7":"category-f1","8":"tag-f1","9":"tag-formula-1","10":"tag-formula1","11":"tag-formule-1","12":"tag-formule1","13":"tag-fr","14":"tag-france","15":"tag-porsche-gt2-champion-de-f1-max-verstappen-en-vente-aux-encheres","16":"tag-sports"},"share_on_mastodon":{"url":"https:\/\/pubeurope.com\/@fr\/115189662641810354","error":""},"_links":{"self":[{"href":"https:\/\/www.europesays.com\/fr\/wp-json\/wp\/v2\/posts\/384520","targetHints":{"allow":["GET"]}}],"collection":[{"href":"https:\/\/www.europesays.com\/fr\/wp-json\/wp\/v2\/posts"}],"about":[{"href":"https:\/\/www.europesays.com\/fr\/wp-json\/wp\/v2\/types\/post"}],"author":[{"embeddable":true,"href":"https:\/\/www.europesays.com\/fr\/wp-json\/wp\/v2\/users\/2"}],"replies":[{"embeddable":true,"href":"https:\/\/www.europesays.com\/fr\/wp-json\/wp\/v2\/comments?post=384520"}],"version-history":[{"count":0,"href":"https:\/\/www.europesays.com\/fr\/wp-json\/wp\/v2\/posts\/384520\/revisions"}],"wp:featuredmedia":[{"embeddable":true,"href":"https:\/\/www.europesays.com\/fr\/wp-json\/wp\/v2\/media\/384521"}],"wp:attachment":[{"href":"https:\/\/www.europesays.com\/fr\/wp-json\/wp\/v2\/media?parent=384520"}],"wp:term":[{"taxonomy":"category","embeddable":true,"href":"https:\/\/www.europesays.com\/fr\/wp-json\/wp\/v2\/categories?post=384520"},{"taxonomy":"post_tag","embeddable":true,"href":"https:\/\/www.europesays.com\/fr\/wp-json\/wp\/v2\/tags?post=384520"}],"curies":[{"name":"wp","href":"https:\/\/api.w.org\/{rel}","templated":true}]}}