{"id":384526,"date":"2025-09-12T05:27:11","date_gmt":"2025-09-12T05:27:11","guid":{"rendered":"https:\/\/www.europesays.com\/fr\/384526\/"},"modified":"2025-09-12T05:27:11","modified_gmt":"2025-09-12T05:27:11","slug":"lea-salame-atomisee-en-interne-la-jalousie-laigreur-pascal-praud-se-laisse-totalement-aller","status":"publish","type":"post","link":"https:\/\/www.europesays.com\/fr\/384526\/","title":{"rendered":"L\u00e9a Salam\u00e9 atomis\u00e9e en interne : \u201cla jalousie, l\u2019aigreur\u2026\u201d, Pascal Praud se laisse totalement aller"},"content":{"rendered":"<p>Alors qu\u2019elle vient \u00e0 peine de prendre ses nouvelles fonctions<br \/>\nau JT de 20 h, L\u00e9a Salam\u00e9 fait d\u00e9j\u00e0 l\u2019objet de pol\u00e9mique. Si sa<br \/>\nnomination n\u00a0\u00bba pas fait que des heureux, <a class=\"qbe-widget\" href=\"https:\/\/www.closermag.fr\/people\/aussi-bien-voire-mieux-lea-salame-et-son-20h-torpilles-par-une-ex-star-de-linfo-de-france-2-3575283\" target=\"_blank\" rel=\"noopener noreferrer\">les tensions ne<br \/>\nsemblent pas s\u2019\u00eatre apais\u00e9es apr\u00e8s sa prise de<br \/>\nposte.\u00a0<\/a><\/p>\n<p>Mercredi 10 septembre, <a class=\"qbe-widget\" href=\"https:\/\/www.closermag.fr\/people\/lea-salame-au-20h-en-pleine-interview-politique-son-compagnon-raphael-glucksmann-lui-declare-sa-flamme-3575566\" target=\"_blank\" rel=\"noopener noreferrer\">la compagne de Rapha\u00ebl<br \/>\nGlucksmann<\/a> a \u00e9t\u00e9 directement <a class=\"qbe-widget\" href=\"https:\/\/www.closermag.fr\/people\/lea-salame-manipulation-grossiere-cette-lourde-accusation-venue-du-sein-meme-de-france-televisions-3578722\" target=\"_blank\" rel=\"noopener noreferrer\">vis\u00e9e par la CGT de<br \/>\nFrance T\u00e9l\u00e9visions.<\/a> Dans un communiqu\u00e9, les syndicats<br \/>\nd\u00e9plorent sa mani\u00e8re de traiter l\u2019information et estiment qu\u2019elle<br \/>\nn\u2019a pas assez parl\u00e9 du mouvement de protestation \u201cBloquons-Tout\u201d.<br \/>\nSelon eux, elle en a parl\u00e9 d\u2019une fa\u00e7on\u00a0\u201cqui occulte<br \/>\ntotalement les raisons de la col\u00e8re populaire\u201d. Ce communiqu\u00e9<br \/>\na beaucoup fait r\u00e9agir, y compris sur Europe 1, dans l\u2019\u00e9mission<br \/>\n\u201cPascal Praud et Vous\u201d.<\/p>\n<p>Europe 1 : Pascal Praud vient au secours de L\u00e9a Salam\u00e9<\/p>\n<p>Si L\u00e9a Salam\u00e9 pr\u00e9sente l\u2019information, <a class=\"qbe-widget\" href=\"https:\/\/www.closermag.fr\/people\/lea-salame-en-bikini-et-fumeuse-inveteree-ce-portrait-peu-glorieux-a-letranger-3576013\" target=\"_blank\" rel=\"noopener noreferrer\">c\u2019est elle qui fait<br \/>\naujourd\u2019hui l\u2019actualit\u00e9<\/a>. Ses journaux t\u00e9l\u00e9vis\u00e9s font d\u00e9j\u00e0<br \/>\nl\u2019objet de critiques, tout comme sa nomination \u00e0 la place<br \/>\nd\u2019Anne-Sophie Lapix. Et comme l\u2019explique Pascal Praud sur Europe 1,<br \/>\nen interne, il y a de fortes chances pour que certains aient sa<br \/>\nnomination en travers de la gorge : \u00ab\u00a0Je ne sais pas comment \u00e7a<br \/>\nse passe \u00e0 France T\u00e9l\u00e9vision mais <strong>j&rsquo;imagine la jalousie,<br \/>\nl&rsquo;aigreur, la ranc\u0153ur de tous ces journalistes qui voient une jeune<br \/>\nfemme qui a plus de talent qu&rsquo;eux<\/strong>\u00ab\u00a0, d\u00e9clare alors<br \/>\nPascal Praud, volant ainsi au secours de L\u00e9a Salam\u00e9.<\/p>\n<p>Selon lui, L\u00e9a Salam\u00e9 serait \u00e9galement jalous\u00e9e <a class=\"qbe-widget\" href=\"https:\/\/www.closermag.fr\/people\/lea-salame-son-salaire-tres-confortable-a-france-2-fait-des-jaloux-en-politique-3566784\" target=\"_blank\" rel=\"noopener noreferrer\">\u00e0 cause de son<br \/>\nsalaire<\/a> et de sa notori\u00e9t\u00e9 : \u201cElle est aussi et sans<br \/>\ndoute mieux pay\u00e9e qu\u2019ils ne le sont (\u2026) L\u00e9a est aujourd\u2019hui une<br \/>\njeune femme qui est dans le star syst\u00e8me, qui produit une \u00e9mission,<br \/>\nqui s\u2019appelle Qu\u2019elle \u00e9poque. S\u2019ils peuvent l\u2019attaquer, ils le<br \/>\nferont, bien \u00e9videmment ils le feront, c\u2019est la nature<br \/>\nhumaine.\u201d Maintenant, comme l&rsquo;expliquent les chroniqueurs de<br \/>\nPascal Praud, reste \u00e0 savoir si la SDJ (soci\u00e9t\u00e9 des journalistes)<br \/>\nva soutenir <a class=\"qbe-widget\" href=\"https:\/\/www.closermag.fr\/people\/lea-salame-au-20h-de-france-2-lun-de-ses-tres-proche-balance-sur-son-salaire-mirobolant-3556955\" target=\"_blank\" rel=\"noopener noreferrer\">la nouvelle<br \/>\npr\u00e9sentatrice du JT<\/a> et si les journalistes du 20 h vont<br \/>\ncommuniquer.<\/p>\n<p>L\u00e9a Salam\u00e9 critiqu\u00e9e par la CGT<\/p>\n<p>Comme le font remarquer les chroniqueurs D\u2019Europe 1,<br \/>\n\u201c<strong>ce communiqu\u00e9 est insultant, il est outrancier, il est<br \/>\nm\u00eame diffamant<\/strong>\u201d.<\/p>\n<p>Il est vrai que les syndicats n\u2019y sont pas all\u00e9s de main morte<br \/>\nen termes de revendications. D\u2019ailleurs, le communiqu\u00e9 de la CGT se<br \/>\nconclut de la mani\u00e8re suivante : \u201cF\u00e9licitations pour ce Journal<br \/>\nd\u2019Ancien R\u00e9gime, pour ce journalisme de cour. Quel m\u00e9pris pour les<br \/>\ncitoyens qui regardent encore le 20 heures et pour les journalistes<br \/>\nqui continuent de faire leur travail, dans l&rsquo;adversit\u00e9 !<\/p>\n","protected":false},"excerpt":{"rendered":"Alors qu\u2019elle vient \u00e0 peine de prendre ses nouvelles fonctions au JT de 20 h, L\u00e9a Salam\u00e9 fait&hellip;\n","protected":false},"author":2,"featured_media":384527,"comment_status":"","ping_status":"","sticky":false,"template":"","format":"standard","meta":{"footnotes":""},"categories":[1359],"tags":[548,58,59,1011,27,3806,973],"class_list":{"0":"post-384526","1":"post","2":"type-post","3":"status-publish","4":"format-standard","5":"has-post-thumbnail","7":"category-people","8":"tag-article-simple","9":"tag-divertissement","10":"tag-entertainment","11":"tag-fr","12":"tag-france","13":"tag-lea-salame","14":"tag-people"},"share_on_mastodon":{"url":"https:\/\/pubeurope.com\/@fr\/115189674546704616","error":""},"_links":{"self":[{"href":"https:\/\/www.europesays.com\/fr\/wp-json\/wp\/v2\/posts\/384526","targetHints":{"allow":["GET"]}}],"collection":[{"href":"https:\/\/www.europesays.com\/fr\/wp-json\/wp\/v2\/posts"}],"about":[{"href":"https:\/\/www.europesays.com\/fr\/wp-json\/wp\/v2\/types\/post"}],"author":[{"embeddable":true,"href":"https:\/\/www.europesays.com\/fr\/wp-json\/wp\/v2\/users\/2"}],"replies":[{"embeddable":true,"href":"https:\/\/www.europesays.com\/fr\/wp-json\/wp\/v2\/comments?post=384526"}],"version-history":[{"count":0,"href":"https:\/\/www.europesays.com\/fr\/wp-json\/wp\/v2\/posts\/384526\/revisions"}],"wp:featuredmedia":[{"embeddable":true,"href":"https:\/\/www.europesays.com\/fr\/wp-json\/wp\/v2\/media\/384527"}],"wp:attachment":[{"href":"https:\/\/www.europesays.com\/fr\/wp-json\/wp\/v2\/media?parent=384526"}],"wp:term":[{"taxonomy":"category","embeddable":true,"href":"https:\/\/www.europesays.com\/fr\/wp-json\/wp\/v2\/categories?post=384526"},{"taxonomy":"post_tag","embeddable":true,"href":"https:\/\/www.europesays.com\/fr\/wp-json\/wp\/v2\/tags?post=384526"}],"curies":[{"name":"wp","href":"https:\/\/api.w.org\/{rel}","templated":true}]}}