{"id":384528,"date":"2025-09-12T05:28:12","date_gmt":"2025-09-12T05:28:12","guid":{"rendered":"https:\/\/www.europesays.com\/fr\/384528\/"},"modified":"2025-09-12T05:28:12","modified_gmt":"2025-09-12T05:28:12","slug":"insolite-comment-un-tableau-disparu-de-salvador-dali-a-sauve-un-club-de-football-de-la-faillite","status":"publish","type":"post","link":"https:\/\/www.europesays.com\/fr\/384528\/","title":{"rendered":"Insolite\u00a0: Comment un tableau disparu de Salvador Dal\u00ed a sauv\u00e9 un club de football de la faillite"},"content":{"rendered":"<p>\n                                                                Le football a marqu\u00e9 Salvador Dal\u00ed\u00a0qui a sauv\u00e9 l\u2019UE Sant Andreu de la faillite dans les ann\u00e9es 70 gr\u00e2ce \u00e0 un tableau embl\u00e9matique. Qu\u2019est\u00a0devenue\u00a0l\u2019\u0153uvre\u00a0de l\u2019artiste surr\u00e9aliste aujourd\u2019hui\u00a0?\n                            <\/p>\n<p>Si la passion de Salvador Dal\u00ed pour le football n\u2019\u00e9tait pas d\u00e9bordante, l\u2019artiste le plus fou de Catalogne a parsem\u00e9 quelques r\u00e9f\u00e9rences au ballon rond dans plusieurs \u0153uvres. Il aurait m\u00eame \u00e9t\u00e9 gardien de but dans sa jeunesse o\u00f9 il avait contribu\u00e9 \u00e0 la naissance de l\u2019UE Figu\u00e8res dans son Empord\u00e0 natal.<\/p>\n<p>Mais c\u2019est un autre club que l\u2019artiste surr\u00e9aliste a contribu\u00e9 \u00e0 sauver de la faillite dans les ann\u00e9es 70\u00a0: l\u2019UE Sant Andreu, club de quartier de Barcelone.<\/p>\n<p>Comme le rappelait <a href=\"https:\/\/www.elnacional.cat\/ca\/esports\/misteri-gol-quadre-dali-salvador-sant-andreu_1478460_102.html?utm_medium=Social&amp;utm_campaign=TwitterEchobox&amp;utm_source=Twitter#Echobox=1756926232\" target=\"_self\" rel=\"nofollow noopener\">ElNacional<\/a>, \u00e0 l\u2019\u00e9poque, Sant Andreu \u00e9voluait dans la deuxi\u00e8me division nationale mais la saison 1976-1977 \u00e9tait celle de la grosse d\u00e9prime pour cette institution de Barcelone qui \u00e9voluait d\u00e9j\u00e0 dans l\u2019ombre du grand Bar\u00e7a.<\/p>\n<p>Alors que les mauvais r\u00e9sultats le conduisaient directement \u00e0 l\u2019\u00e9tage inf\u00e9rieur, une crise interne secouait le club de ce quartier de l\u2019ouest de Barcelone qui changeait de pr\u00e9sident en cours de route avec, de plus, d\u2019\u00e9normes probl\u00e8mes financiers \u00e0 combler.<\/p>\n<p>F\u00e8lix Romero, fra\u00eechement \u00e9lu pr\u00e9sident du club, proposait alors \u00e0 Salvador Dal\u00ed de donner un coup de main en peignant un tableau dont la valeur aurait pu sauver l\u2019UE Sant Andreu de la disparition pure et simple.<\/p>\n<p>Alors que la Catalogne venait de retrouver une certaine autonomie gr\u00e2ce \u00e0 la mort du dictateur Franco, Salvado Dal\u00ed se trouvait particuli\u00e8rement inspir\u00e9 par le maillot de l\u2019\u00e9quipe de Sant Andreu qui affichait les quatre barres sang et or du drapeau catalan sur un fond blanc.<\/p>\n<p>\u00ab\u00a0C\u2019est le jour o\u00f9 la Generalitat de Catalogne est \u00e0 nouveau officielle, et comme la Catalogne a marqu\u00e9 un but avec la Generalitat, j\u2019en marquerai un avec Sant Andreu et j\u2019appellerai ce tableau\u00a0: But\u00a0\u00bb, se serait exclam\u00e9 l\u2019artiste de Cadaqu\u00e8s.<\/p>\n<blockquote data-class=\"twitter-tweet\">\n<p lang=\"ca\" dir=\"ltr\">\\ud83d\\uddbc\\ufe0f El misteri de &lsquo;Gol&rsquo;: un quadre de Dal\u00ed, salvador del Sant Andreu<\/p>\n<p>? El pintor empordan\u00e8s va engendrar una obra per sanejar els deutes que condu\u00efen el club a la seva desaparici\u00f3<\/p>\n<p>\\u270d\\ufe0f <a href=\"https:\/\/twitter.com\/MarsaRobert?ref_src=twsrc%5Etfw\" rel=\"nofollow noopener\" target=\"_blank\">@MarsaRobert<\/a><\/p>\n<p><a href=\"https:\/\/t.co\/dMmDjvAiPP\" rel=\"nofollow\">https:\/\/t.co\/dMmDjvAiPP<\/a><\/p>\n<p>\u2014 ElNacional.cat (@elnacionalcat) <a href=\"https:\/\/twitter.com\/elnacionalcat\/status\/1963318786812940643?ref_src=twsrc%5Etfw\" rel=\"nofollow noopener\" target=\"_blank\">September 3, 2025<\/a><\/p><\/blockquote>\n<p><strong>Le tableau saisi par la justice<\/strong><\/p>\n<p>L\u2019exposition du tableau contre 4\u00a0millions de pesetas (25\u00a0000\u00a0euros) a permis de renflouer les caisses du club, d\u2019\u00e9carter la menace d\u2019une faillite mais pas de rembourser les joueurs qui n\u2019\u00e9taient plus pay\u00e9s depuis des lustres.<\/p>\n<p>Ces derniers attaquaient l\u2019UE Sant Andreu en justice et le tableau \u00e9tait alors saisi tant que les salaires n\u2019\u00e9taient pas vers\u00e9s. Finalement, le club r\u00e9cup\u00e9rait le tableau qui \u00e9tait vendu aux ench\u00e8res \u00e0 un prix inf\u00e9rieur \u00e0 celui esp\u00e9r\u00e9<\/p>\n<p>Finalement, le tableau \u00e9tait vendu \u00e0 un dirigeant du club. Selon elNacional, personne n\u2019a jamais plus entendu parler de l\u2019\u0153uvre qui aurait disparu. A moins qu\u2019il ne dorme quelque part dans un carton d\u2019un des nombreux immeubles du quartier Sant Andreu.<\/p>\n<p>L\u2019UE Sant Andreu \u00e9volue d\u00e9sormais en Deuxi\u00e8me division f\u00e9d\u00e9rale, soit la 4e division nationale. Le club avait re\u00e7u, la saison derni\u00e8re, le Betis S\u00e9ville lors d\u2019un tour de Coupe du Roi (1-3).<\/p>\n<p>                                                                                                                                                                                                        <script async src=\"https:\/\/platform.twitter.com\/widgets.js\" charset=\"utf-8\"><\/script><\/p>\n","protected":false},"excerpt":{"rendered":"Le football a marqu\u00e9 Salvador Dal\u00ed\u00a0qui a sauv\u00e9 l\u2019UE Sant Andreu de la faillite dans les ann\u00e9es 70&hellip;\n","protected":false},"author":2,"featured_media":384529,"comment_status":"","ping_status":"","sticky":false,"template":"","format":"standard","meta":{"footnotes":""},"categories":[1358],"tags":[1348,1384,1385,1386,58,59,1011,27],"class_list":{"0":"post-384528","1":"post","2":"type-post","3":"status-publish","4":"format-standard","5":"has-post-thumbnail","7":"category-arts-et-design","8":"tag-arts","9":"tag-arts-and-design","10":"tag-arts-et-design","11":"tag-design","12":"tag-divertissement","13":"tag-entertainment","14":"tag-fr","15":"tag-france"},"share_on_mastodon":{"url":"https:\/\/pubeurope.com\/@fr\/115189678454866269","error":""},"_links":{"self":[{"href":"https:\/\/www.europesays.com\/fr\/wp-json\/wp\/v2\/posts\/384528","targetHints":{"allow":["GET"]}}],"collection":[{"href":"https:\/\/www.europesays.com\/fr\/wp-json\/wp\/v2\/posts"}],"about":[{"href":"https:\/\/www.europesays.com\/fr\/wp-json\/wp\/v2\/types\/post"}],"author":[{"embeddable":true,"href":"https:\/\/www.europesays.com\/fr\/wp-json\/wp\/v2\/users\/2"}],"replies":[{"embeddable":true,"href":"https:\/\/www.europesays.com\/fr\/wp-json\/wp\/v2\/comments?post=384528"}],"version-history":[{"count":0,"href":"https:\/\/www.europesays.com\/fr\/wp-json\/wp\/v2\/posts\/384528\/revisions"}],"wp:featuredmedia":[{"embeddable":true,"href":"https:\/\/www.europesays.com\/fr\/wp-json\/wp\/v2\/media\/384529"}],"wp:attachment":[{"href":"https:\/\/www.europesays.com\/fr\/wp-json\/wp\/v2\/media?parent=384528"}],"wp:term":[{"taxonomy":"category","embeddable":true,"href":"https:\/\/www.europesays.com\/fr\/wp-json\/wp\/v2\/categories?post=384528"},{"taxonomy":"post_tag","embeddable":true,"href":"https:\/\/www.europesays.com\/fr\/wp-json\/wp\/v2\/tags?post=384528"}],"curies":[{"name":"wp","href":"https:\/\/api.w.org\/{rel}","templated":true}]}}