{"id":384533,"date":"2025-09-12T05:31:20","date_gmt":"2025-09-12T05:31:20","guid":{"rendered":"https:\/\/www.europesays.com\/fr\/384533\/"},"modified":"2025-09-12T05:31:20","modified_gmt":"2025-09-12T05:31:20","slug":"camille-yembe-la-nouvelle-voix-de-la-pop-belge","status":"publish","type":"post","link":"https:\/\/www.europesays.com\/fr\/384533\/","title":{"rendered":"Camille Yembe, la nouvelle voix de la pop belge"},"content":{"rendered":"<p class=\"PopSlotParagraph qg-tx2 qg-xtra-lh svelte-1r0pyek\">\u00c0 26 ans seulement, Camille Yemb\u00e9 a d\u00e9j\u00e0 fait du chemin dans la musique\u00a0: apr\u00e8s avoir \u00e9crit pour plusieurs artistes (Stefi Celma, Tiakola ou encore Eva), elle est actuellement en tourn\u00e9e, en premi\u00e8re partie d&rsquo;Ad\u00e8le Castillon. Son 1er EP, Plastique, sorti avant l&rsquo;\u00e9t\u00e9 chez Wagram, expose toutes les facettes de la jeune artiste\u00a0: sa voix unique m\u00e9lang\u00e9e \u00e0 des sonorit\u00e9s soul, \u00e9lectroniques ou encore rock, fruit de ses inspirations plurielles.<\/p>\n<p> De la pr\u00e9carit\u00e9 au sommet, l&rsquo;odyss\u00e9e d&rsquo;une artiste qui refuse les cases<\/p>\n<p class=\"PopSlotParagraph qg-tx2 qg-xtra-lh svelte-1r0pyek\">Dans une industrie musicale souvent format\u00e9e, certains parcours d\u00e9tonnent par leur authenticit\u00e9 brute. Celui de Camille Yem\u00e9e, r\u00e9v\u00e9l\u00e9e par son titre \u00ab\u00a0Plastique\u00a0\u00bb, fascine par sa singularit\u00e9\u00a0: d&rsquo;un call center bruxellois aux studios parisiens, cette jeune femme a su transformer ses blessures en art universel. Entre vuln\u00e9rabilit\u00e9 assum\u00e9e et d\u00e9termination farouche, elle incarne une nouvelle g\u00e9n\u00e9ration d&rsquo;artistes qui osent \u00eatre diff\u00e9rents. Son t\u00e9moignage, livr\u00e9 sans filtre, r\u00e9v\u00e8le les coulisses d&rsquo;une ascension qui n&rsquo;a rien du conte de f\u00e9es, mais tout de la r\u00e9volution artistique.<\/p>\n<p> L&rsquo;art de ch\u00e9rir l&rsquo;entre-deux\u00a0: quand la r\u00e9ussite se dessine<\/p>\n<p class=\"PopSlotParagraph qg-tx2 qg-xtra-lh svelte-1r0pyek\"><strong>\u00ab\u00a0Je ch\u00e9ris ce moment un petit peu o\u00f9 les gens s&rsquo;int\u00e9ressent, mais \u00e0 la fois \u00e7a n&rsquo;a pas encore totalement&#8230; \u00e7a n&rsquo;a pas p\u00e9t\u00e9 quoi\u00a0\u00bb<\/strong>, confie Camille Yembe en \u00e9voquant cette p\u00e9riode charni\u00e8re de sa carri\u00e8re. Cette phase d&rsquo;inconfort cr\u00e9atif, elle la vit comme un privil\u00e8ge rare dans le parcours d&rsquo;un artiste. <strong>\u00ab\u00a0Je suis dans une situation que j&rsquo;appelle d&rsquo;inconfortable, dans le sens o\u00f9 tu fais du son, les gens t&rsquo;ont peu remarqu\u00e9e, mais il faut encore que \u00e7a prenne\u00a0\u00bb<\/strong>.<\/p>\n<p class=\"PopSlotParagraph qg-tx2 qg-xtra-lh svelte-1r0pyek\">Cette lucidit\u00e9 sur son propre parcours r\u00e9v\u00e8le une maturit\u00e9 artistique surprenante. Loin de l&rsquo;impatience que pourraient ressentir d&rsquo;autres artistes \u00e9mergents, elle savoure cette p\u00e9riode d&rsquo;incertitude, consciente qu&rsquo;elle repr\u00e9sente un moment unique. <strong>\u00ab\u00a0Quand t&rsquo;arrives loin de ta carri\u00e8re, tu dis &lsquo;j&rsquo;aimerais trop revenir \u00e0 ce moment-l\u00e0&rsquo;\u00a0\u00bb<\/strong>, analyse-t-elle avec une perspicacit\u00e9 saisissante sur la nostalgie qui accompagne souvent le succ\u00e8s.<\/p>\n<p class=\"PopSlotParagraph qg-tx2 qg-xtra-lh svelte-1r0pyek\">Cette philosophie de l&rsquo;instant pr\u00e9sent teinte toute son approche artistique, o\u00f9 chaque \u00e9tape est v\u00e9cue pleinement, sans br\u00fbler celles-ci ni c\u00e9der \u00e0 la pr\u00e9cipitation du milieu musical actuel.<\/p>\n<p> Des karaok\u00e9s familiaux \u00e0 Aznavour\u00a0: la naissance d&rsquo;une passion<\/p>\n<p class=\"PopSlotParagraph qg-tx2 qg-xtra-lh svelte-1r0pyek\"><strong>\u00ab\u00a0En fait, ma maman \u00e9tait tr\u00e8s passionn\u00e9e de musique, de mani\u00e8re tr\u00e8s populaire et non intellectuelle si je puis dire\u00a0\u00bb<\/strong>, raconte Camille en remontant aux sources de sa vocation. Cette transmission musicale, loin des conservatoires et des m\u00e9thodes traditionnelles, s&rsquo;est faite naturellement, entre karaok\u00e9s improvis\u00e9s et d\u00e9couvertes radiophoniques. Sa passion naissante s&rsquo;est cristallis\u00e9e autour des \u00e9missions de t\u00e9l\u00e9 crochet\u00a0: <strong>\u00ab\u00a0J&rsquo;\u00e9tais fan de X Factor, de Nouvelles Stars France, je faisais ma culture musicale gr\u00e2ce \u00e0 ces concours\u00a0\u00bb<\/strong>. Cette approche peu orthodoxe de l&rsquo;apprentissage musical r\u00e9v\u00e8le d\u00e9j\u00e0 une personnalit\u00e9 qui refuse les chemins tout trac\u00e9s.<\/p>\n<p class=\"PopSlotParagraph qg-tx2 qg-xtra-lh svelte-1r0pyek\">Le d\u00e9clic d\u00e9finitif viendra \u00e0 17 ans, avec la d\u00e9couverte de \u00ab\u00a0La Boh\u00e8me\u00a0\u00bb de Charles Aznavour sur YouTube\u00a0: <strong>\u00ab\u00a0J&rsquo;ai \u00e9t\u00e9 tr\u00e8s impressionn\u00e9e par son interpr\u00e9tation, son jeu qui \u00e9tait hyper juste. Je me rappelle avoir pleur\u00e9\u00a0\u00bb<\/strong>. Cette r\u00e9v\u00e9lation marquera sa r\u00e9conciliation avec la langue fran\u00e7aise et l&rsquo;abandon progressif de ses tentatives de chant en anglais approximatif.<\/p>\n<p> Du call center aux studios\u00a0: le grand saut vers l&rsquo;inconnu<\/p>\n<p class=\"PopSlotParagraph qg-tx2 qg-xtra-lh svelte-1r0pyek\"><strong>\u00ab\u00a0J&rsquo;avais l&rsquo;impression que je n&rsquo;allais jamais sortir de l\u00e0 et surtout, je trouvais \u00e7a injuste que je ne puisse pas juste prendre une ann\u00e9e pour faire d&rsquo;autres choses\u00a0\u00bb<\/strong>, se souvient am\u00e8rement Camille de ses ann\u00e9es de labeur dans un call center bruxellois. Cette p\u00e9riode sombre, marqu\u00e9e par la d\u00e9pression et le sentiment d&rsquo;injustice sociale, constituera paradoxalement le terreau de sa future cr\u00e9ativit\u00e9.<\/p>\n<p class=\"PopSlotParagraph qg-tx2 qg-xtra-lh svelte-1r0pyek\">Une r\u00e9sidence avec des artistes reconnus comme\u00a0<a href=\"https:\/\/www.radiofrance.fr\/personnes\/damso\" class=\"\" data-testid=\"link\" rel=\"nofollow noopener\" target=\"_blank\">Damso<\/a>\u00a0devient alors une \u00e9piphanie artistique qui la pousse finalement \u00e0 d\u00e9missionner\u00a0: <strong>\u00ab\u00a0\u00c0 un moment donn\u00e9, j&rsquo;ai dit stop, donne-toi une chance, personne ne le fera pour toi\u00a0\u00bb<\/strong>. Un acte de foi envers elle-m\u00eame qui transformera radicalement sa trajectoire.<\/p>\n<p> L&rsquo;alchimie cr\u00e9ative\u00a0: quand l&rsquo;\u00e9criture devient th\u00e9rapie<\/p>\n<p class=\"PopSlotParagraph qg-tx2 qg-xtra-lh svelte-1r0pyek\">L&rsquo;\u00e9volution de Camille Yemb\u00e9 vers l&rsquo;\u00e9criture ne s&rsquo;est pas faite naturellement\u00a0:\u00a0<strong>\u00ab\u00a0J&rsquo;avais ce truc dans lequel j&rsquo;avais l&rsquo;impression que c&rsquo;\u00e9tait vraiment r\u00e9serv\u00e9 \u00e0 une \u00e9lite intellectuelle et litt\u00e9raire\u00a0\u00bb<\/strong>, explique-t-elle, r\u00e9v\u00e9lant les barri\u00e8res sociales qu&rsquo;elle s&rsquo;imposait inconsciemment. La rencontre avec Gandhi, rappeur belge influent, sera d\u00e9terminante\u00a0: <strong>\u00ab\u00a0Il me dit, mais comment \u00e7a se fait qu&rsquo;avec cette vie-l\u00e0, tu ne chantes pas des chansons \u00e0 toi, je ne comprends pas comment \u00e7a fait que tu n&rsquo;\u00e9cris pas\u00a0\u00bb<\/strong>.<\/p>\n<p class=\"PopSlotParagraph qg-tx2 qg-xtra-lh svelte-1r0pyek\">Cette collaboration avec des artistes reconnus comme Eva Queen, Tiakola ou encore Damso lui permet de se forger une r\u00e9putation d&rsquo;auteure talentueuse.\u00a0 Sa plume trouve alors sa voie dans cette capacit\u00e9 \u00e0 traduire les \u00e9motions universelles avec une acuit\u00e9 particuli\u00e8re, transformant ses propres blessures en mat\u00e9riau artistique pr\u00e9cieux.<\/p>\n<p class=\"qg-sr-only\" role=\"heading\" aria-level=\"3\">Pour voir ce contenu, acceptez les cookies.<\/p>\n<p class=\"ConsentNotice-description qg-tx3 svelte-m9wmt1\">Pour afficher ce contenu Youtube, vous devez accepter les cookies <b>Publicit\u00e9<\/b>.<br \/>Ces cookies permettent \u00e0 nos partenaires de vous proposer des publicit\u00e9s et des contenus personnalis\u00e9s en fonction de votre navigation, de votre profil et de vos centres d&rsquo;int\u00e9r\u00eat. <\/p>\n<p>  G\u00e9rer mes choix     J&rsquo;autorise  <\/p>\n<p>Une artiste hors cases\u00a0: l&rsquo;assomption de la singularit\u00e9<\/p>\n<p class=\"PopSlotParagraph qg-tx2 qg-xtra-lh svelte-1r0pyek\"><strong>\u00ab\u00a0J&rsquo;ai construit ma culture musicale et mon amour pour la musique de mani\u00e8re tr\u00e8s al\u00e9atoire\u00a0\u00bb<\/strong>, assume Camille Yembe, revendiquant un parcours atypique qui fait aujourd&rsquo;hui sa force. Cette absence de formatage traditionnel lui permet d&#8217;embrasser tous les genres, de \u00ab\u00a0Hey Ya\u00a0\u00bb d&rsquo;OutKast \u00e0 \u00ab\u00a0Hier encore\u00a0\u00bb d&rsquo;Aznavour, sans complexe ni hi\u00e9rarchisation.<\/p>\n<p class=\"PopSlotParagraph qg-tx2 qg-xtra-lh svelte-1r0pyek\">Sa r\u00e9flexion sur l&rsquo;\u00e9poque actuelle r\u00e9v\u00e8le une conscience aigu\u00eb des enjeux de diversit\u00e9\u00a0: <strong>\u00ab\u00a0Je pense vraiment qu&rsquo;on est dans cette \u00e9poque-l\u00e0, heureusement, sinon je ne pourrais pas exister\u00a0\u00bb<\/strong>. Cette lucidit\u00e9 sur sa propre diff\u00e9rence, loin d&rsquo;\u00eatre un handicap, devient son atout majeur dans une industrie en qu\u00eate d&rsquo;authenticit\u00e9.<\/p>\n<p class=\"PopSlotParagraph qg-tx2 qg-xtra-lh svelte-1r0pyek\">Son titre \u00ab\u00a0Plastique\u00a0\u00bb, v\u00e9ritable manifeste artistique sur la qu\u00eate d&rsquo;identit\u00e9 et les masques sociaux, synth\u00e9tise parfaitement cette philosophie de l&rsquo;acceptation de soi\u00a0:\u00a0<strong>\u00ab\u00a0J&rsquo;aime le fait qu&rsquo;aujourd&rsquo;hui, on va vers un truc de &lsquo;sans concession&rsquo;, j&rsquo;ai l&rsquo;impression qu&rsquo;il y a moyen de trouver sa place dans \u00e7a\u00a0\u00bb<\/strong>, conclut-elle, incarnant cette nouvelle g\u00e9n\u00e9ration d&rsquo;artistes qui osent \u00eatre eux-m\u00eames.<\/p>\n<p class=\"PopSlotParagraph qg-tx2 qg-xtra-lh svelte-1r0pyek\">Pour en savoir plus, \u00e9coutez l&rsquo;\u00e9mission&#8230;<\/p>\n","protected":false},"excerpt":{"rendered":"\u00c0 26 ans seulement, Camille Yemb\u00e9 a d\u00e9j\u00e0 fait du chemin dans la musique\u00a0: apr\u00e8s avoir \u00e9crit pour&hellip;\n","protected":false},"author":2,"featured_media":1844,"comment_status":"","ping_status":"","sticky":false,"template":"","format":"standard","meta":{"footnotes":""},"categories":[1355],"tags":[58,59,1011,27,1361,873],"class_list":{"0":"post-384533","1":"post","2":"type-post","3":"status-publish","4":"format-standard","5":"has-post-thumbnail","7":"category-musique","8":"tag-divertissement","9":"tag-entertainment","10":"tag-fr","11":"tag-france","12":"tag-music","13":"tag-musique"},"share_on_mastodon":{"url":"https:\/\/pubeurope.com\/@fr\/115189690204474511","error":""},"_links":{"self":[{"href":"https:\/\/www.europesays.com\/fr\/wp-json\/wp\/v2\/posts\/384533","targetHints":{"allow":["GET"]}}],"collection":[{"href":"https:\/\/www.europesays.com\/fr\/wp-json\/wp\/v2\/posts"}],"about":[{"href":"https:\/\/www.europesays.com\/fr\/wp-json\/wp\/v2\/types\/post"}],"author":[{"embeddable":true,"href":"https:\/\/www.europesays.com\/fr\/wp-json\/wp\/v2\/users\/2"}],"replies":[{"embeddable":true,"href":"https:\/\/www.europesays.com\/fr\/wp-json\/wp\/v2\/comments?post=384533"}],"version-history":[{"count":0,"href":"https:\/\/www.europesays.com\/fr\/wp-json\/wp\/v2\/posts\/384533\/revisions"}],"wp:featuredmedia":[{"embeddable":true,"href":"https:\/\/www.europesays.com\/fr\/wp-json\/wp\/v2\/media\/1844"}],"wp:attachment":[{"href":"https:\/\/www.europesays.com\/fr\/wp-json\/wp\/v2\/media?parent=384533"}],"wp:term":[{"taxonomy":"category","embeddable":true,"href":"https:\/\/www.europesays.com\/fr\/wp-json\/wp\/v2\/categories?post=384533"},{"taxonomy":"post_tag","embeddable":true,"href":"https:\/\/www.europesays.com\/fr\/wp-json\/wp\/v2\/tags?post=384533"}],"curies":[{"name":"wp","href":"https:\/\/api.w.org\/{rel}","templated":true}]}}