{"id":384534,"date":"2025-09-12T05:32:40","date_gmt":"2025-09-12T05:32:40","guid":{"rendered":"https:\/\/www.europesays.com\/fr\/384534\/"},"modified":"2025-09-12T05:32:40","modified_gmt":"2025-09-12T05:32:40","slug":"9-semaines-1-2-1986-dadrian-lyne-en-france-le-7-octobre-en-4k-ultra-hd-blu-ray","status":"publish","type":"post","link":"https:\/\/www.europesays.com\/fr\/384534\/","title":{"rendered":"9 semaines 1\/2 (1986) d&rsquo;Adrian Lyne en France le 7 octobre en 4K Ultra HD Blu-ray"},"content":{"rendered":"<p><img loading=\"lazy\" decoding=\"async\" alt=\"\" class=\"alignright\" height=\"330\" src=\"https:\/\/www.europesays.com\/fr\/wp-content\/uploads\/2025\/09\/9-semaines-demi-4k.jpg\" width=\"390\"\/>Port\u00e9 \u00e0 l\u2019\u00e9cran en 1986 par Adrian Lyne, 9 semaines 1\/2 (1986) s\u2019impose comme un sommet du drame \u00e9rotique des ann\u00e9es 80, entre esth\u00e9tique publicitaire et fi\u00e8vre charnelle. Inspir\u00e9 du roman d\u2019Elizabeth McNeill, le film d\u00e9ploie une mise en sc\u00e8ne hypnotique o\u00f9 la cam\u00e9ra caresse les corps et sculpte la lumi\u00e8re. Produit par la MGM, il se distingue par une sensualit\u00e9 troublante et une Kim Basinger diablement incandescente.<\/p>\n<p>Avis aux amateurs : 9 semaines 1\/2 (1986) d\u00e9barque enfin en France au format 4K Ultra HD Blu-ray \u00e0 l&rsquo;aube de son 40\u00e8me anniversaire. Cette \u00e9dition sp\u00e9ciale proposera une version restaur\u00e9e en 4K, int\u00e9grale et non censur\u00e9e, en 2160p SDR. Elle sera disponible le 7\u00a0octobre prochain chez LCJ Editions.<\/p>\n<p>L\u2019\u00e9dition sera compos\u00e9e d&rsquo;un disque UHD (BD-66) et DVD, avec une section sonore VF DTS-HD Master Audio 2.0 et VO DTS-HD Master Audio 5.1 , ainsi que les bonus suivants :<\/p>\n<ul>&#13;<\/p>\n<li>Love in Paris, la suite de 9 semaines 1\/2 (1986) (DVD)<\/li>\n<p>&#13;<\/p>\n<li>\u00ab\u202fL\u2019\u00e9rotisme r\u00e9aganien\u202f\u00bb par Clara Sebastiao (20\u2019)<\/li>\n<p>&#13;<\/p>\n<li>\u00ab\u202fAdrian Lyne, l\u2019incompris\u202f\u00bb par Nico Prat (35\u2019)<\/li>\n<p>&#13;\n<\/ul>\n<p>Le visuel de l\u2019\u00e9dition a \u00e9t\u00e9 r\u00e9v\u00e9l\u00e9 et les pr\u00e9commandes sont ouvertes.<\/p>\n","protected":false},"excerpt":{"rendered":"Port\u00e9 \u00e0 l\u2019\u00e9cran en 1986 par Adrian Lyne, 9 semaines 1\/2 (1986) s\u2019impose comme un sommet du drame&hellip;\n","protected":false},"author":2,"featured_media":384535,"comment_status":"","ping_status":"","sticky":false,"template":"","format":"standard","meta":{"footnotes":""},"categories":[1354],"tags":[58,59,1346,1011,27,1360],"class_list":{"0":"post-384534","1":"post","2":"type-post","3":"status-publish","4":"format-standard","5":"has-post-thumbnail","7":"category-films","8":"tag-divertissement","9":"tag-entertainment","10":"tag-films","11":"tag-fr","12":"tag-france","13":"tag-movies"},"share_on_mastodon":{"url":"https:\/\/pubeurope.com\/@fr\/115189694681523992","error":""},"_links":{"self":[{"href":"https:\/\/www.europesays.com\/fr\/wp-json\/wp\/v2\/posts\/384534","targetHints":{"allow":["GET"]}}],"collection":[{"href":"https:\/\/www.europesays.com\/fr\/wp-json\/wp\/v2\/posts"}],"about":[{"href":"https:\/\/www.europesays.com\/fr\/wp-json\/wp\/v2\/types\/post"}],"author":[{"embeddable":true,"href":"https:\/\/www.europesays.com\/fr\/wp-json\/wp\/v2\/users\/2"}],"replies":[{"embeddable":true,"href":"https:\/\/www.europesays.com\/fr\/wp-json\/wp\/v2\/comments?post=384534"}],"version-history":[{"count":0,"href":"https:\/\/www.europesays.com\/fr\/wp-json\/wp\/v2\/posts\/384534\/revisions"}],"wp:featuredmedia":[{"embeddable":true,"href":"https:\/\/www.europesays.com\/fr\/wp-json\/wp\/v2\/media\/384535"}],"wp:attachment":[{"href":"https:\/\/www.europesays.com\/fr\/wp-json\/wp\/v2\/media?parent=384534"}],"wp:term":[{"taxonomy":"category","embeddable":true,"href":"https:\/\/www.europesays.com\/fr\/wp-json\/wp\/v2\/categories?post=384534"},{"taxonomy":"post_tag","embeddable":true,"href":"https:\/\/www.europesays.com\/fr\/wp-json\/wp\/v2\/tags?post=384534"}],"curies":[{"name":"wp","href":"https:\/\/api.w.org\/{rel}","templated":true}]}}