{"id":38454,"date":"2025-04-20T08:41:18","date_gmt":"2025-04-20T08:41:18","guid":{"rendered":"https:\/\/www.europesays.com\/fr\/38454\/"},"modified":"2025-04-20T08:41:18","modified_gmt":"2025-04-20T08:41:18","slug":"football-relegation-du-sm-caen-en-national-des-reactions-pleines-demotions","status":"publish","type":"post","link":"https:\/\/www.europesays.com\/fr\/38454\/","title":{"rendered":"Football. Rel\u00e9gation du SM Caen en National : des r\u00e9actions pleines d&rsquo;\u00e9motions"},"content":{"rendered":"<p>            Par<br \/>\n        <strong><br \/>\n            <a href=\"https:\/\/actu.fr\/auteur\/alexandre-gourlaouen\" title=\"Consulter tous les articles de Alexandre Gourlaouen\" target=\"_blank\" rel=\"noopener\">Alexandre Gourlaouen<\/a><br \/>\n        <\/strong><\/p>\n<p>        Publi\u00e9 le<\/p>\n<p>            19 avr. 2025 \u00e0 18h06        <\/p>\n<p><b>La consternation, la d\u00e9ception et la tristesse<\/b> \u00e9tait partout chez les supporters du Stade Malherbe Caen. La d\u00e9faite face \u00e0 Martigues (0-3) vendredi 18 avril 2025 a sonn\u00e9 la rel\u00e9gation du club en National, <b>pour la premi\u00e8re fois depuis 40 ans.<\/b> Les r\u00e9actions d\u2019Aristide Olivier, maire de Caen, Emmanuel Imourou, ancien joueur du SM Caen et Neacaen, photographe et supporter.<\/p>\n<p>\u00ab\u00a0Quel g\u00e2chis\u00a0\u00bb<\/p>\n<p class=\" wall-content\">Le maire de Caen Aristide Olivier \u00e9tait en tribune lors de cette rencontre et a, lui aussi, assist\u00e9 <b>\u00e0 cette funeste soir\u00e9e.<\/b> Apr\u00e8s le match, il n\u2019a pas cach\u00e9 son \u00e9motion. \u00ab\u00a0Je suis triste, tellement triste pour le club, disait-il. Quand on voit ses structures, son centre de formation, son public, on se dit quel g\u00e2chis.\u00a0\u00bb<\/p>\n<p class=\" wall-content\"><a href=\"https:\/\/www.instagram.com\/reel\/DImlP1eu72y\/embed\" title=\"Ouvrir le lien sur Instagram\" target=\"_blank\" rel=\"noopener\">Visualiser le contenu sur Instagram<\/a><\/p>\n<p class=\" wall-content\">M\u00eame sentiment pour Neacaen, <b>photographe et supporter du Stade Malherbe<\/b> sur son compte Instagram. Dans une vision <b>presque apocalyptique<\/b>, il a repr\u00e9sent\u00e9 ce que pourrait devenir le SM Caen s\u2019il ne parvient pas \u00e0 redresser la barre.<\/p>\n<p class=\" wall-content\"><a href=\"https:\/\/www.instagram.com\/p\/DInkitrNVDL\/embed\" title=\"Ouvrir le lien sur Instagram\" target=\"_blank\" rel=\"noopener\">Visualiser le contenu sur Instagram<\/a><\/p>\n<p class=\" wall-content\">De son c\u00f4t\u00e9, Emmanuel Imorou, joueur du Stade Malherbe de 2014 \u00e0 2019, a \u00e9t\u00e9 plus sobre, <b>mais tout aussi solennel.<\/b> Sur son compte X, il a tenu \u00e0 avoir <b>une pens\u00e9e pour les salari\u00e9s du club.<\/b><\/p>\n<p class=\" wall-content\">\n<p class=\" wall-content\">Il faudra un peu de temps pour dig\u00e9rer la tristesse et la d\u00e9ception. Mais il faudra aussi vite rebondir, sous peine de vivre <b>d\u2019autres d\u00e9convenues.<\/b><\/p>\n<p>Vid\u00e9os : en ce moment sur Actu<\/p>\n<p class=\" wall-content\">Suivez toute l\u2019actualit\u00e9 de vos villes et m\u00e9dias favoris en vous inscrivant \u00e0 <a href=\"https:\/\/moncompte.actu.fr\" title=\"D\u00e9couvez Mon Actu\" rel=\"nofollow noopener\" data-trk=\"{&quot;cta&quot;:{&quot;action&quot;:&quot;https:\\\/\\\/moncompte.actu.fr&quot;,&quot;category&quot;:&quot;mon compte&quot;,&quot;from&quot;:&quot;article footer&quot;,&quot;name&quot;:&quot;Mon actu&quot;,&quot;type&quot;:&quot;cta&quot;}}\" target=\"_blank\">Mon Actu<\/a>.<\/p>\n<p>                    <script async src=\"\/\/www.instagram.com\/embed.js\"><\/script><\/p>\n","protected":false},"excerpt":{"rendered":"Par Alexandre Gourlaouen Publi\u00e9 le 19 avr. 2025 \u00e0 18h06 La consternation, la d\u00e9ception et la tristesse \u00e9tait&hellip;\n","protected":false},"author":2,"featured_media":38455,"comment_status":"","ping_status":"","sticky":false,"template":"","format":"standard","meta":{"footnotes":""},"categories":[2],"tags":[11,63,1011,27,12,25,1745,60,266,1746],"class_list":{"0":"post-38454","1":"post","2":"type-post","3":"status-publish","4":"format-standard","5":"has-post-thumbnail","7":"category-actualites","8":"tag-actualites","9":"tag-football","10":"tag-fr","11":"tag-france","12":"tag-news","13":"tag-republique-francaise","14":"tag-sport-caen","15":"tag-sports","16":"tag-stade-malherbe-de-caen","17":"tag-stade-michel-dornano"},"share_on_mastodon":{"url":"https:\/\/pubeurope.com\/@fr\/114369402222601842","error":""},"_links":{"self":[{"href":"https:\/\/www.europesays.com\/fr\/wp-json\/wp\/v2\/posts\/38454","targetHints":{"allow":["GET"]}}],"collection":[{"href":"https:\/\/www.europesays.com\/fr\/wp-json\/wp\/v2\/posts"}],"about":[{"href":"https:\/\/www.europesays.com\/fr\/wp-json\/wp\/v2\/types\/post"}],"author":[{"embeddable":true,"href":"https:\/\/www.europesays.com\/fr\/wp-json\/wp\/v2\/users\/2"}],"replies":[{"embeddable":true,"href":"https:\/\/www.europesays.com\/fr\/wp-json\/wp\/v2\/comments?post=38454"}],"version-history":[{"count":0,"href":"https:\/\/www.europesays.com\/fr\/wp-json\/wp\/v2\/posts\/38454\/revisions"}],"wp:featuredmedia":[{"embeddable":true,"href":"https:\/\/www.europesays.com\/fr\/wp-json\/wp\/v2\/media\/38455"}],"wp:attachment":[{"href":"https:\/\/www.europesays.com\/fr\/wp-json\/wp\/v2\/media?parent=38454"}],"wp:term":[{"taxonomy":"category","embeddable":true,"href":"https:\/\/www.europesays.com\/fr\/wp-json\/wp\/v2\/categories?post=38454"},{"taxonomy":"post_tag","embeddable":true,"href":"https:\/\/www.europesays.com\/fr\/wp-json\/wp\/v2\/tags?post=38454"}],"curies":[{"name":"wp","href":"https:\/\/api.w.org\/{rel}","templated":true}]}}