{"id":38456,"date":"2025-04-20T08:42:18","date_gmt":"2025-04-20T08:42:18","guid":{"rendered":"https:\/\/www.europesays.com\/fr\/38456\/"},"modified":"2025-04-20T08:42:18","modified_gmt":"2025-04-20T08:42:18","slug":"en-video-lechange-plein-de-legerete-entre-arthur-fils-et-larbitre-durant-sa-demi-finale-a-barcelone-face-a-carlos-alcaraz","status":"publish","type":"post","link":"https:\/\/www.europesays.com\/fr\/38456\/","title":{"rendered":"en vid\u00e9o, l\u2019\u00e9change plein de l\u00e9g\u00e8ret\u00e9 entre Arthur Fils et l\u2019arbitre durant sa demi-finale \u00e0 Barcelone face \u00e0 Carlos Alcaraz"},"content":{"rendered":"<p>Le Fran\u00e7ais a perdu la rencontre 6-2 6-4 mais pas son sens de l\u2019humour.<\/p>\n<p class=\"fig-paragraph\">M\u00eame men\u00e9 d\u2019un set \u00e0 rien,\u00a0<a href=\"http:\/\/www.lefigaro.fr\/sports\/tennis\/tennis-arthur-fils-s-incline-une-nouvelle-fois-contre-carlos-alcaraz-a-barcelone-20250419\" data-fig-type=\"NewsFlash\" data-gtm-custom-categorie=\"navigation\" data-gtm-custom-action=\"crossclick\" data-gtm-custom-label=\"Contextuel\" data-gtm-event=\"customEventSPE\" data-fig-domain=\"LEFIGARO\" target=\"_blank\" rel=\"noopener\">Arthur Fils<\/a>\u00a0ne perd pas son sens de l\u2019humeur. En difficult\u00e9 face \u00e0 Carlos Alcaraz en demi-finale du Master 1000 de Barcelone, l\u2019actuel 14e joueur mondial s\u2019est permis un commentaire qui a bien fait rire l\u2019arbitre de la rencontre, le Su\u00e9dois Mohamed Lahyani.<\/p>\n<p class=\"fig-paragraph\">Apr\u00e8s la premi\u00e8re manche perdue 6-2, le Fran\u00e7ais a l\u2019occasion de remporter le premier jeu de service de la seconde. Il y parvient gr\u00e2ce \u00e0 un service ext\u00e9rieur parfaitement ex\u00e9cut\u00e9. De retour sur sa chaise, il tourne sa t\u00eate vers l\u2019arbitre et l\u00e2che\u00a0: \u00able service le plus pr\u00e9cis que je n\u2019aie jamais vu de ma vie\u00bb. Une s\u00e9quence l\u00e9g\u00e8re qui ne l\u2019a pas emp\u00each\u00e9 de perdre \u00e9galement la seconde manche 6-4.<\/p>\n","protected":false},"excerpt":{"rendered":"Le Fran\u00e7ais a perdu la rencontre 6-2 6-4 mais pas son sens de l\u2019humour. M\u00eame men\u00e9 d\u2019un set&hellip;\n","protected":false},"author":2,"featured_media":38457,"comment_status":"","ping_status":"","sticky":false,"template":"","format":"standard","meta":{"footnotes":""},"categories":[2],"tags":[47,11,3768,4169,4791,525,7779,1981,4178,4179,1011,27,1114,3996,4177,4176,4174,12,4175,25,1980,4171,1467,4172,4173,4170],"class_list":{"0":"post-38456","1":"post","2":"type-post","3":"status-publish","4":"format-standard","5":"has-post-thumbnail","7":"category-actualites","8":"tag-actualite","9":"tag-actualites","10":"tag-arthur-fils","11":"tag-atp","12":"tag-barcelone","13":"tag-calendrier","14":"tag-carlos-alcaraz","15":"tag-classement","16":"tag-coupe-davis","17":"tag-fed-cup","18":"tag-fr","19":"tag-france","20":"tag-infos","21":"tag-jeux-olympiques","22":"tag-masters-1000","23":"tag-masters-500","24":"tag-masters-series","25":"tag-news","26":"tag-open-daustralie","27":"tag-republique-francaise","28":"tag-resultats","29":"tag-roland-garros","30":"tag-tennis","31":"tag-us-open","32":"tag-wimbledon","33":"tag-wta"},"share_on_mastodon":{"url":"https:\/\/pubeurope.com\/@fr\/114369406218177356","error":""},"_links":{"self":[{"href":"https:\/\/www.europesays.com\/fr\/wp-json\/wp\/v2\/posts\/38456","targetHints":{"allow":["GET"]}}],"collection":[{"href":"https:\/\/www.europesays.com\/fr\/wp-json\/wp\/v2\/posts"}],"about":[{"href":"https:\/\/www.europesays.com\/fr\/wp-json\/wp\/v2\/types\/post"}],"author":[{"embeddable":true,"href":"https:\/\/www.europesays.com\/fr\/wp-json\/wp\/v2\/users\/2"}],"replies":[{"embeddable":true,"href":"https:\/\/www.europesays.com\/fr\/wp-json\/wp\/v2\/comments?post=38456"}],"version-history":[{"count":0,"href":"https:\/\/www.europesays.com\/fr\/wp-json\/wp\/v2\/posts\/38456\/revisions"}],"wp:featuredmedia":[{"embeddable":true,"href":"https:\/\/www.europesays.com\/fr\/wp-json\/wp\/v2\/media\/38457"}],"wp:attachment":[{"href":"https:\/\/www.europesays.com\/fr\/wp-json\/wp\/v2\/media?parent=38456"}],"wp:term":[{"taxonomy":"category","embeddable":true,"href":"https:\/\/www.europesays.com\/fr\/wp-json\/wp\/v2\/categories?post=38456"},{"taxonomy":"post_tag","embeddable":true,"href":"https:\/\/www.europesays.com\/fr\/wp-json\/wp\/v2\/tags?post=38456"}],"curies":[{"name":"wp","href":"https:\/\/api.w.org\/{rel}","templated":true}]}}