{"id":384564,"date":"2025-09-12T05:49:10","date_gmt":"2025-09-12T05:49:10","guid":{"rendered":"https:\/\/www.europesays.com\/fr\/384564\/"},"modified":"2025-09-12T05:49:10","modified_gmt":"2025-09-12T05:49:10","slug":"un-professeur-de-college-condamne-a-rouen","status":"publish","type":"post","link":"https:\/\/www.europesays.com\/fr\/384564\/","title":{"rendered":"un professeur de coll\u00e8ge condamn\u00e9 \u00e0 Rouen"},"content":{"rendered":"<p>            Par<br \/>\n        <strong><br \/>\n            <a href=\"https:\/\/actu.fr\/auteur\/julien-bouteiller\" title=\"Consulter tous les articles de Julien Bouteiller\" target=\"_blank\" rel=\"noopener\">Julien Bouteiller<\/a><br \/>\n        <\/strong><\/p>\n<p>        Publi\u00e9 le<\/p>\n<p>            12 sept. 2025 \u00e0 7h06        <\/p>\n<p><strong>Une tumultueuse histoire d\u2019adult\u00e8re<\/strong> s\u2019est retrouv\u00e9e \u00e9tal\u00e9e, ce jeudi 11 septembre 2025, au <a href=\"https:\/\/actu.fr\/tag\/tribunal-de-rouen\" target=\"_blank\" rel=\"noopener\">tribunal de Rouen<\/a>. \u00c0 la barre, <strong>un professeur de coll\u00e8ge accus\u00e9 d\u2019avoir menac\u00e9 sa ma\u00eetresse<\/strong> en exhibant un fusil lors d\u2019un appel en visio. Le tout sur fond <strong>d\u2019accusations de chantage et de fin de relation houleuse<\/strong> avec celle qu\u2019il a rencontr\u00e9 au travail.<\/p>\n<p>Une relation adult\u00e8re au coll\u00e8ge<\/p>\n<p class=\" wall-content\">Les amants, Mounir*, professeur de sciences physiques, et Valentine*, assistante dans un coll\u00e8ge de l\u2019agglo rouennaise, se rencontrent dans l\u2019\u00e9tablissement scolaire. Ce n\u2019est que deux ans apr\u00e8s que leur relation extraconjugale d\u00e9marre. \u00ab\u00a0J\u2019avais <strong>honte de cette relation<\/strong>, je ne le disais \u00e0 personne\u00a0\u00bb, explique l\u2019enseignant au tribunal. Deux ans et demi plus tard, elle est finie.<\/p>\n<p class=\" wall-content\">Qui a quitt\u00e9 qui et pourquoi ? Difficile de le dire. Comme il est difficile de savoir qui des deux a menac\u00e9 l\u2019autre de r\u00e9v\u00e9ler l\u2019adult\u00e8re \u00e0 leurs conjoints.\u00a0<\/p>\n<p class=\" wall-content\">Tumultueuse relation donc, qui atteint son paroxysme <strong>en janvier dernier<\/strong>. Selon l\u2019enqu\u00eate relat\u00e9e par le pr\u00e9sident du tribunal, \u00ab\u00a0il y a eu un signalement au coll\u00e8ge de madame indiquant faire l\u2019objet de menaces depuis la fin de sa relation avec monsieur. <strong>Il aurait exhib\u00e9 une arme<\/strong> en faisant la promesse sur le Coran de s\u2019en prendre \u00e0 elle\u00a0\u00bb. Le tout, lors d\u2019un \u00e9change en visio sur WhatsApp.<\/p>\n<p>Un appel WhatsApp, \u00ab\u00a0deux versions tr\u00e8s diff\u00e9rentes\u00a0\u00bb<\/p>\n<p class=\" wall-content\">Un \u00e9change d\u00e9but\u00e9 d\u2019abord par \u00e9crit, Mounir s\u2019enqu\u00e9rant de la sant\u00e9 de Valentine, en arr\u00eat maladie. Une capture d\u2019\u00e9cran d\u2019une demande de contact sur les r\u00e9seaux sociaux de Valentine \u00e0 l\u2019\u00e9pouse de Mounir, puis cet appel en visio lors duquel il l\u2019aurait menac\u00e9e. <strong>Avec \u00ab\u00a0deux versions tr\u00e8s diff\u00e9rentes\u00a0\u00bb de cet \u00e9change<\/strong>, selon les mots du pr\u00e9sident du tribunal.<\/p>\n<p class=\" wall-content\">Mounir nie farouchement, avec \u00e9loquence : \u00ab\u00a0J\u2019ai compris que ses multiples chantages [de r\u00e9v\u00e9ler la relation] \u00e9taient mis \u00e0 ex\u00e9cution. J\u2019ai re\u00e7u de multiples insultes, elle m\u2019a dit que maintenant, c\u2019\u00e9tait \u00e0 moi d\u2019avoir peur.\u00a0\u00bb Selon sa version, Mounir<strong> craignait que le conjoint de son ex-ma\u00eetresse s\u2019en prenne \u00e0 lui<\/strong>, car il l\u2019aurait d\u00e9j\u00e0 menac\u00e9 via Snapchat. \u00ab\u00a0C\u2019est l\u00e0 que je vais chercher le fusil et que je le pose sur le lit.\u00a0\u00bb<\/p>\n<p>Votre r\u00e9gion, votre actu !<\/p>\n<p>Recevez chaque jour les infos qui comptent pour vous.<\/p>\n<p>\t<a href=\"https:\/\/actu.fr\/newsletter\" class=\"ac-btn ac-btn--corner ac-btn--medium ac-btn--blue800\" target=\"_blank\" rel=\"noopener\">S&rsquo;incrire<\/a><\/p>\n<p class=\" wall-content\">Valentine, tremblante et f\u00e9brile, maintient face au tribunal : \u00ab\u00a0Oui, <strong>il y a eu menace de mort envers moi.<\/strong> Il a dit qu\u2019il allait me buter.\u00a0\u00bb De cet \u00e9change vid\u00e9o, il n\u2019y a ni enregistrement, ni t\u00e9moin, seulement des captures d\u2019\u00e9cran o\u00f9 l\u2019on voit le fusil sur le lit et Mounir s\u2019en saisir.<\/p>\n<p>Plusieurs armes chez le professeur<\/p>\n<p class=\" wall-content\">Vient donc aussi la question des armes. Trois fusils et une carabine \u00e0 plomb ont \u00e9t\u00e9 retrouv\u00e9s au domicile de l\u2019enseignant <strong>lors d\u2019une perquisition \u00e0 son domicile<\/strong>, en pleine for\u00eat. Il dit les avoir trouv\u00e9 en faisant des travaux dans les combles. \u00ab\u00a0Vous \u00eates professeur, monsieur ! Je ne comprends pas pourquoi vous n\u2019avez pas remis ses armes \u00e0 la police\u00a0\u00bb, s\u2019emporte le procureur. \u00ab\u00a0J\u2019ai h\u00e9sit\u00e9. Je ne voulais pas avoir \u00e0 faire de pr\u00e8s ou de loin \u00e0 la police\u00a0\u00bb, plaide-t-il assumant leur possession ill\u00e9gale.<\/p>\n<p class=\" wall-content\">\u00c0 l\u2019\u00e9coute de Mounir, Me Am\u00e8le Mansouri, avocate de Valentine, s\u2019offusque : \u00ab\u00a0Les bras m\u2019en tombent ! <strong>J\u2019ai l\u2019impression d\u2019assister au proc\u00e8s de ma cliente<\/strong> qui est pourtant victime dans ce dossier.\u00a0\u00bb Et de rappeler les 10 jours d\u2019ITT prescrit \u00e0 sa cliente.\u00a0<\/p>\n<p class=\" wall-content\">\u00ab\u00a0Il faut arr\u00eater de nous faire croire n\u2019importe quoi, de la faire passer pour instable\u00a0\u00bb, poursuit-elle, arguant que \u00ab\u00a0c\u2019est lui qui a \u00e9t\u00e9 harcelant avec elle, lui qui lui a \u00e9crit tous les jours pendant son arr\u00eat maladie, il insistait\u00a0\u00bb. Pour le conseil de Valentine,<strong> \u00ab\u00a0la menace est mat\u00e9rialis\u00e9e par la simple pr\u00e9sence du fusil\u00a0\u00bb.<\/strong><\/p>\n<p>L\u2019enseignant suspendu depuis son arrestation<\/p>\n<p class=\" wall-content\">M\u00eame constat du procureur dans ses r\u00e9quisitions. \u00ab\u00a0Il le sort alors qu\u2019\u00e0 aucun moment il n\u2019a besoin de le faire, madame est chez elle, lui est chez lui, il ne risque rien. Il dit qu\u2019il l\u2019a fait sous le coup de la col\u00e8re, c\u2019est bien qu\u2019il veut montrer de quoi il est capable.\u00a0\u00bb Le minist\u00e8re public d\u00e9plore aussi \u00ab\u00a0les tentatives de justification de son comportement. Il ne se remet pas en cause\u00a0\u00bb.<\/p>\n<p class=\" wall-content\">Toutefois, eu \u00e9gard au profil du pr\u00e9venu,<strong> il requiert une peine cl\u00e9mente<\/strong> de sept mois de prison avec sursis simple, une interdiction de d\u00e9tenir une arme et d\u2019entrer en contact ou d\u2019aller chez Valentine. Par ailleurs, pour ne pas nuire \u00e0 la carri\u00e8re de Mounir, il se dit favorable \u00e0 ce que la condamnation ne soit pas vers\u00e9e au casier judiciaire de l\u2019enseignant.<\/p>\n<p class=\" wall-content\">Me Antoine Siffert, avocat de Mounir, a une lecture diff\u00e9rente du dossier, le premier pour lui \u00ab\u00a0qui se pr\u00e9sente de fa\u00e7on aussi d\u00e9s\u00e9quilibr\u00e9e\u00a0\u00bb. Face au portrait fait de son client, il tente de d\u00e9montrer le manque de cr\u00e9dibilit\u00e9 de l\u2019ex-ma\u00eetresse. Il \u00e9voque<strong> \u00ab\u00a0une d\u00e9ception maladive\u00a0\u00bb<\/strong>. \u00ab\u00a0Ma th\u00e8se c\u2019est que madame est anim\u00e9e d\u2019un d\u00e9sir vengeur\u00a0\u00bb, poursuit-il, estimant que la menace de mort n\u2019est pas caract\u00e9ris\u00e9e par la simple pr\u00e9sence du fusil sur la vid\u00e9o. Et de fustiger, \u00ab\u00a0le z\u00e8le hallucinant de la police\u00a0\u00bb ainsi que \u00ab\u00a0le rectorat, implacable\u00a0\u00bb <strong>qui a suspendu Mounir au lendemain de son arrestation<\/strong> il y a huit mois.\u00a0<\/p>\n<p class=\" wall-content\">Le tribunal le d\u00e9clare finalement coupable de la d\u00e9tention ill\u00e9gale des armes et des menaces de mort**. Il le condamne <strong>\u00e0 quatre mois de prison avec sursis simple<\/strong>, l\u2019interdiction de d\u00e9tenir ou de poss\u00e9der une arme, de se rendre chez Valentine ou d\u2019entrer en contact avec elle. Il devra par ailleurs la d\u00e9dommager au titre des dommages et int\u00e9r\u00eats et des frais d\u2019avocat.<strong> Il \u00e9chappe toutefois \u00e0 l\u2019inscription de sa condamnation au casier judiciaire<\/strong>, lui permettant de poursuivre sa carri\u00e8re dans l\u2019enseignement, dans un autre \u00e9tablissement scolaire puisqu\u2019il a demand\u00e9 sa mutation.\u00a0\u00a0<\/p>\n<p class=\" wall-content\">*Les pr\u00e9noms ont \u00e9t\u00e9 modifi\u00e9s.<\/p>\n<p class=\" wall-content\">** Cette peine est susceptible d\u2019appel. Tout pr\u00e9venu demeure pr\u00e9sum\u00e9 innocent tant que toutes les voies de recours ne sont pas \u00e9puis\u00e9es.<\/p>\n<p>Suivez l\u2019actualit\u00e9 de Rouen <a href=\"https:\/\/www.whatsapp.com\/channel\/0029VaKfnf99hXF2ddApFB1D\" target=\"_blank\" rel=\"noopener\">sur notre cha\u00eene WhatsApp<\/a> et <a href=\"https:\/\/www.tiktok.com\/@76actu.fr?lang=fr\" target=\"_blank\" rel=\"noopener\">sur notre compte TikTok<\/a><\/p>\n<p class=\" wall-content\">Personnalisez votre actualit\u00e9 en ajoutant vos villes et m\u00e9dias en favori avec <a href=\"https:\/\/moncompte.actu.fr\" title=\"D\u00e9couvez Mon Actu\" rel=\"nofollow noopener\" data-trk=\"{&quot;cta&quot;:{&quot;action&quot;:&quot;https:\\\/\\\/moncompte.actu.fr&quot;,&quot;category&quot;:&quot;mon compte&quot;,&quot;from&quot;:&quot;article footer&quot;,&quot;name&quot;:&quot;Mon actu&quot;,&quot;type&quot;:&quot;cta&quot;}}\" target=\"_blank\">Mon Actu<\/a>.<\/p>\n<p>                    <script async src=\"\/\/www.tiktok.com\/embed.js\"><\/script><\/p>\n","protected":false},"excerpt":{"rendered":"Par Julien Bouteiller Publi\u00e9 le 12 sept. 2025 \u00e0 7h06 Une tumultueuse histoire d\u2019adult\u00e8re s\u2019est retrouv\u00e9e \u00e9tal\u00e9e, ce&hellip;\n","protected":false},"author":2,"featured_media":384565,"comment_status":"","ping_status":"","sticky":false,"template":"","format":"standard","meta":{"footnotes":""},"categories":[9587],"tags":[1111,11,1777,674,118,1011,27,303,12,5161,25,9590,13682,798],"class_list":{"0":"post-384564","1":"post","2":"type-post","3":"status-publish","4":"format-standard","5":"has-post-thumbnail","7":"category-rouen","8":"tag-actu","9":"tag-actualites","10":"tag-eu","11":"tag-europe","12":"tag-faits-divers","13":"tag-fr","14":"tag-france","15":"tag-justice","16":"tag-news","17":"tag-normandie","18":"tag-republique-francaise","19":"tag-rouen","20":"tag-tribunal-de-rouen","21":"tag-violences-conjugales"},"share_on_mastodon":{"url":"https:\/\/pubeurope.com\/@fr\/115189760905470507","error":""},"_links":{"self":[{"href":"https:\/\/www.europesays.com\/fr\/wp-json\/wp\/v2\/posts\/384564","targetHints":{"allow":["GET"]}}],"collection":[{"href":"https:\/\/www.europesays.com\/fr\/wp-json\/wp\/v2\/posts"}],"about":[{"href":"https:\/\/www.europesays.com\/fr\/wp-json\/wp\/v2\/types\/post"}],"author":[{"embeddable":true,"href":"https:\/\/www.europesays.com\/fr\/wp-json\/wp\/v2\/users\/2"}],"replies":[{"embeddable":true,"href":"https:\/\/www.europesays.com\/fr\/wp-json\/wp\/v2\/comments?post=384564"}],"version-history":[{"count":0,"href":"https:\/\/www.europesays.com\/fr\/wp-json\/wp\/v2\/posts\/384564\/revisions"}],"wp:featuredmedia":[{"embeddable":true,"href":"https:\/\/www.europesays.com\/fr\/wp-json\/wp\/v2\/media\/384565"}],"wp:attachment":[{"href":"https:\/\/www.europesays.com\/fr\/wp-json\/wp\/v2\/media?parent=384564"}],"wp:term":[{"taxonomy":"category","embeddable":true,"href":"https:\/\/www.europesays.com\/fr\/wp-json\/wp\/v2\/categories?post=384564"},{"taxonomy":"post_tag","embeddable":true,"href":"https:\/\/www.europesays.com\/fr\/wp-json\/wp\/v2\/tags?post=384564"}],"curies":[{"name":"wp","href":"https:\/\/api.w.org\/{rel}","templated":true}]}}