{"id":384568,"date":"2025-09-12T05:51:09","date_gmt":"2025-09-12T05:51:09","guid":{"rendered":"https:\/\/www.europesays.com\/fr\/384568\/"},"modified":"2025-09-12T05:51:09","modified_gmt":"2025-09-12T05:51:09","slug":"grenoble-apres-la-manifestation-bloquons-tout-a-quoi-sattendre-pour-le-18-septembre","status":"publish","type":"post","link":"https:\/\/www.europesays.com\/fr\/384568\/","title":{"rendered":"Grenoble. Apr\u00e8s la manifestation \u00ab\u00a0Bloquons tout\u00a0\u00bb, \u00e0 quoi s&rsquo;attendre pour le 18 septembre"},"content":{"rendered":"<p>            Par<br \/>\n        <strong><br \/>\n            <a href=\"https:\/\/actu.fr\/auteur\/lisa-rodrigues\" title=\"Consulter tous les articles de Lisa Rodrigues\" target=\"_blank\" rel=\"noopener\">Lisa Rodrigues<\/a><br \/>\n        <\/strong><\/p>\n<p>        Publi\u00e9 le<\/p>\n<p>            12 sept. 2025 \u00e0 6h52        <\/p>\n<p>C\u2019est l\u2019autre grande date de la rentr\u00e9e coch\u00e9e sur le calendrier des syndicats. Apr\u00e8s le soutien \u00e0 la mobilisation du 10 septembre et au mouvement \u00ab\u00a0Bloquons tout\u00a0\u00bb, un <strong>appel \u00e0 la gr\u00e8ve pour le jeudi 18 septembre<\/strong> est relanc\u00e9 par l\u2019ensemble des syndicats au niveau national.<\/p>\n<p class=\" wall-content\">\u00c0 <a href=\"https:\/\/actu.fr\/auvergne-rhone-alpes\/grenoble_38185\" target=\"_blank\" rel=\"noopener\">Grenoble<\/a>, l\u2019intersyndicale est aussi mobilis\u00e9e pour une manifestation jeudi prochain, toujours<strong> contre les mesures d\u2019aust\u00e9rit\u00e9<\/strong> voulues par le gouvernement concernant le budget 2026. Voici ce que l\u2019on sait.<\/p>\n<p>Une nouvelle mobilisation \u00ab\u00a0massive\u00a0\u00bb esp\u00e9r\u00e9e<\/p>\n<p class=\" wall-content\">Malgr\u00e9 le <a href=\"https:\/\/actu.fr\/politique\/fidele-de-macron-anti-mariage-pour-tous-diners-avec-le-rn-qui-est-sebastien-lecornu-nouveau-premier-ministre_63138795.html\" target=\"_blank\" rel=\"noopener\">changement de Premier ministre<\/a>, les revendications des syndicats sont toujours les m\u00eames : contre le projet de budget annonc\u00e9. Tous ont donc appel\u00e9 \u00e0 \u00ab\u00a0une journ\u00e9e de mobilisation sur l\u2019ensemble du territoire le 18 septembre 2025, y compris par la gr\u00e8ve et la manifestation\u00a0\u00bb, peut-on lire dans le communiqu\u00e9 commun de l\u2019intersyndicale.<\/p>\n<p class=\" wall-content\">Un <strong>rassemblement est ainsi pr\u00e9vu d\u00e8s 10 heures <\/strong>\u00e0 Grenoble, au niveau de l\u2019avenue Alsace-Lorraine. Les d\u00e9l\u00e9gations is\u00e9roises comptent aussi sur la lanc\u00e9e du 10 septembre pour avoir une mobilisation \u00ab\u00a0encore plus massive\u00a0\u00bb le 18 septembre.<\/p>\n<p>    <a href=\"https:\/\/www.facebook.com\/plugins\/post.php?href=https%3A%2F%2Fwww.facebook.com%2Fnicolas.benoit.35912%2Fposts%2Fpfbid02HeHGKACyZBuQ69T7CDGwchFCdJMFmdhkQvGGJXqp9npzJJLVF71sNMs23Xq8kWpSl&amp;show_text=true&amp;width=350\" title=\"Ouvrie le lien\" target=\"_blank\" rel=\"noopener\">Cliquez ici pour visualiser le contenu<\/a><\/p>\n<p class=\" wall-content\">Pour rappel, les organisateurs du mouvement \u00ab\u00a0Bloquons tout\u00a0\u00bb ont annonc\u00e9 <a href=\"https:\/\/actu.fr\/auvergne-rhone-alpes\/grenoble_38185\/direct-bloquons-tout-a-grenoble-au-moins-2-000-personnes-dans-la-rue-les-tramways-stoppes_63143738.html\" target=\"_blank\" rel=\"noopener\">entre 10 000 et 30 0000 participants<\/a> le 10 septembre \u00e0 Grenoble. Les autorit\u00e9s ont comptabilis\u00e9 11 000 manifestants.<\/p>\n<p>Perturbations possibles dans les transports en commun<\/p>\n<p class=\" wall-content\">Des <strong>mouvements de gr\u00e8ve<\/strong> ne sont pas non plus \u00e0 exclure. Si FO 38 a d\u00e9pos\u00e9 depuis fin ao\u00fbt un pr\u00e9avis de gr\u00e8ve reconductible jusqu\u2019au 30 novembre, d\u2019autres devraient suivre dans divers secteurs, notamment dans <a href=\"https:\/\/actu.fr\/societe\/greve-du-18-septembre-a-l-ecole-pourquoi-la-mobilisation-s-annonce-tres-suivie-a-l-education-nationale_63144693.html\" target=\"_blank\" rel=\"noopener\">les \u00e9coles<\/a> ou les transports.<\/p>\n<p>Votre r\u00e9gion, votre actu !<\/p>\n<p>Recevez chaque jour les infos qui comptent pour vous.<\/p>\n<p>\t<a href=\"https:\/\/actu.fr\/newsletter\" class=\"ac-btn ac-btn--corner ac-btn--medium ac-btn--blue800\" target=\"_blank\" rel=\"noopener\">S&rsquo;incrire<\/a><\/p>\n<p class=\" wall-content\">Du c\u00f4t\u00e9 des transports en commun grenoblois, les syndicats repr\u00e9sentatifs de M\u2019Tag ont d\u00e9j\u00e0 d\u00e9pos\u00e9 un pr\u00e9avis de gr\u00e8ve pour la journ\u00e9e du 18 septembre. Des perturbations sont donc \u00e0 pr\u00e9voir sur le r\u00e9seau\u2026 Et cela pourrait continuer, puisque le pr\u00e9avis court jusqu\u2019au 31 d\u00e9cembre (sauf les week-ends).<\/p>\n<p class=\" wall-content\">Personnalisez votre actualit\u00e9 en ajoutant vos villes et m\u00e9dias en favori avec <a href=\"https:\/\/moncompte.actu.fr\" title=\"D\u00e9couvez Mon Actu\" rel=\"nofollow noopener\" data-trk=\"{&quot;cta&quot;:{&quot;action&quot;:&quot;https:\\\/\\\/moncompte.actu.fr&quot;,&quot;category&quot;:&quot;mon compte&quot;,&quot;from&quot;:&quot;article footer&quot;,&quot;name&quot;:&quot;Mon actu&quot;,&quot;type&quot;:&quot;cta&quot;}}\" target=\"_blank\">Mon Actu<\/a>.<\/p>\n","protected":false},"excerpt":{"rendered":"Par Lisa Rodrigues Publi\u00e9 le 12 sept. 2025 \u00e0 6h52 C\u2019est l\u2019autre grande date de la rentr\u00e9e coch\u00e9e&hellip;\n","protected":false},"author":2,"featured_media":384569,"comment_status":"","ping_status":"","sticky":false,"template":"","format":"standard","meta":{"footnotes":""},"categories":[9566],"tags":[1111,11,2430,47212,1777,674,1011,27,2731,6151,1272,12,25,104],"class_list":{"0":"post-384568","1":"post","2":"type-post","3":"status-publish","4":"format-standard","5":"has-post-thumbnail","7":"category-grenoble","8":"tag-actu","9":"tag-actualites","10":"tag-auvergne-rhone-alpes","11":"tag-bloquons-tout","12":"tag-eu","13":"tag-europe","14":"tag-fr","15":"tag-france","16":"tag-grenoble","17":"tag-greve","18":"tag-manifestations","19":"tag-news","20":"tag-republique-francaise","21":"tag-societe"},"share_on_mastodon":{"url":"https:\/\/pubeurope.com\/@fr\/115189768790332844","error":""},"_links":{"self":[{"href":"https:\/\/www.europesays.com\/fr\/wp-json\/wp\/v2\/posts\/384568","targetHints":{"allow":["GET"]}}],"collection":[{"href":"https:\/\/www.europesays.com\/fr\/wp-json\/wp\/v2\/posts"}],"about":[{"href":"https:\/\/www.europesays.com\/fr\/wp-json\/wp\/v2\/types\/post"}],"author":[{"embeddable":true,"href":"https:\/\/www.europesays.com\/fr\/wp-json\/wp\/v2\/users\/2"}],"replies":[{"embeddable":true,"href":"https:\/\/www.europesays.com\/fr\/wp-json\/wp\/v2\/comments?post=384568"}],"version-history":[{"count":0,"href":"https:\/\/www.europesays.com\/fr\/wp-json\/wp\/v2\/posts\/384568\/revisions"}],"wp:featuredmedia":[{"embeddable":true,"href":"https:\/\/www.europesays.com\/fr\/wp-json\/wp\/v2\/media\/384569"}],"wp:attachment":[{"href":"https:\/\/www.europesays.com\/fr\/wp-json\/wp\/v2\/media?parent=384568"}],"wp:term":[{"taxonomy":"category","embeddable":true,"href":"https:\/\/www.europesays.com\/fr\/wp-json\/wp\/v2\/categories?post=384568"},{"taxonomy":"post_tag","embeddable":true,"href":"https:\/\/www.europesays.com\/fr\/wp-json\/wp\/v2\/tags?post=384568"}],"curies":[{"name":"wp","href":"https:\/\/api.w.org\/{rel}","templated":true}]}}