{"id":384578,"date":"2025-09-12T05:56:13","date_gmt":"2025-09-12T05:56:13","guid":{"rendered":"https:\/\/www.europesays.com\/fr\/384578\/"},"modified":"2025-09-12T05:56:13","modified_gmt":"2025-09-12T05:56:13","slug":"le-dasca-a-aide-plus-de-160-enfants-en-10-ans","status":"publish","type":"post","link":"https:\/\/www.europesays.com\/fr\/384578\/","title":{"rendered":"le Dasca a aid\u00e9 plus de 160 enfants en 10 ans"},"content":{"rendered":"<p>Jules a 16 ans. Il est tr\u00e8s grand, \u00e9lanc\u00e9, et marche d\u2019un pas toujours bien d\u00e9cid\u00e9. Jules ne parle pas ou, du moins, n\u2019a pas r\u00e9ussi \u00e0 d\u00e9velopper un langage verbal. Et pour cause\u00a0: l\u2019adolescent souffre de troubles du spectre de l\u2019autisme. Il n\u2019en est pas moins rigoureux et motiv\u00e9, car il ne se fait jamais prier pour participer aux activit\u00e9s \u00ab\u00a0pr\u00e9-ESAT\u00a0\u00bb propos\u00e9es dans le cadre du dispositif d\u2019accompagnement et de soins coordonn\u00e9s pour l\u2019autisme, le Dasca, qu\u2019il a int\u00e9gr\u00e9 d\u00e8s 2017. D\u2019une dext\u00e9rit\u00e9 d\u00e9concertante, le jeune homme emballe ce matin-l\u00e0 les produits \u00e0 vitesse grand V. Ses gestes sont si rapides \u2013 et pr\u00e9cis \u2013 qu\u2019il en devient difficile de suivre son rythme. <\/p>\n<p>\u00ab\u00a0Il peut faire \u00e7a pendant des jours\u00a0\u00bb, sourit Valentin Chartier, le directeur adjoint du Dasca. Un tr\u00e8s bon profil <a href=\"https:\/\/www.dna.fr\/actualite\/2024\/04\/02\/autisme-une-insertion-professionnelle-delicate\" target=\"_blank\" rel=\"noopener\">pour les entreprises<\/a> , qui&#8230;<\/p>\n","protected":false},"excerpt":{"rendered":"Jules a 16 ans. Il est tr\u00e8s grand, \u00e9lanc\u00e9, et marche d\u2019un pas toujours bien d\u00e9cid\u00e9. Jules ne&hellip;\n","protected":false},"author":2,"featured_media":384579,"comment_status":"","ping_status":"","sticky":false,"template":"","format":"standard","meta":{"footnotes":""},"categories":[2820],"tags":[1111,11,2389,2649,2880,1777,674,107,1011,27,775,1943,3035,12,25,801,104,640,2879],"class_list":{"0":"post-384578","1":"post","2":"type-post","3":"status-publish","4":"format-standard","5":"has-post-thumbnail","7":"category-strasbourg","8":"tag-actu","9":"tag-actualites","10":"tag-alsace","11":"tag-bas-rhin","12":"tag-edition-strasbourg","13":"tag-eu","14":"tag-europe","15":"tag-fil-info","16":"tag-fr","17":"tag-france","18":"tag-grand-est","19":"tag-handicap","20":"tag-la-matinale-strasbourg","21":"tag-news","22":"tag-republique-francaise","23":"tag-social","24":"tag-societe","25":"tag-strasbourg","26":"tag-strasbourg-ville"},"share_on_mastodon":{"url":"https:\/\/pubeurope.com\/@fr\/115189788440368272","error":""},"_links":{"self":[{"href":"https:\/\/www.europesays.com\/fr\/wp-json\/wp\/v2\/posts\/384578","targetHints":{"allow":["GET"]}}],"collection":[{"href":"https:\/\/www.europesays.com\/fr\/wp-json\/wp\/v2\/posts"}],"about":[{"href":"https:\/\/www.europesays.com\/fr\/wp-json\/wp\/v2\/types\/post"}],"author":[{"embeddable":true,"href":"https:\/\/www.europesays.com\/fr\/wp-json\/wp\/v2\/users\/2"}],"replies":[{"embeddable":true,"href":"https:\/\/www.europesays.com\/fr\/wp-json\/wp\/v2\/comments?post=384578"}],"version-history":[{"count":0,"href":"https:\/\/www.europesays.com\/fr\/wp-json\/wp\/v2\/posts\/384578\/revisions"}],"wp:featuredmedia":[{"embeddable":true,"href":"https:\/\/www.europesays.com\/fr\/wp-json\/wp\/v2\/media\/384579"}],"wp:attachment":[{"href":"https:\/\/www.europesays.com\/fr\/wp-json\/wp\/v2\/media?parent=384578"}],"wp:term":[{"taxonomy":"category","embeddable":true,"href":"https:\/\/www.europesays.com\/fr\/wp-json\/wp\/v2\/categories?post=384578"},{"taxonomy":"post_tag","embeddable":true,"href":"https:\/\/www.europesays.com\/fr\/wp-json\/wp\/v2\/tags?post=384578"}],"curies":[{"name":"wp","href":"https:\/\/api.w.org\/{rel}","templated":true}]}}