{"id":384582,"date":"2025-09-12T05:58:24","date_gmt":"2025-09-12T05:58:24","guid":{"rendered":"https:\/\/www.europesays.com\/fr\/384582\/"},"modified":"2025-09-12T05:58:24","modified_gmt":"2025-09-12T05:58:24","slug":"ca-a-toujours-ete-notre-reve-installees-a-nice-depuis-peu-muriel-robin-et-anne-le-nen-se-lancent-dans-un-nouveau-business","status":"publish","type":"post","link":"https:\/\/www.europesays.com\/fr\/384582\/","title":{"rendered":"\u00ab\u00a0\u00c7a a toujours \u00e9t\u00e9 notre r\u00eave\u00a0\u00bb : install\u00e9es \u00e0 Nice depuis peu, Muriel Robin et Anne Le Nen se lancent dans un nouveau business"},"content":{"rendered":"<p>Voil\u00e0 pr\u00e8s de vingt ans que Muriel Robin a rencontr\u00e9 la femme de sa vie, l&rsquo;actrice Anne Le Nen. C&rsquo;\u00e9tait en 2006<strong>, lors d&rsquo;une soir\u00e9e organis\u00e9e par des amis en commun.<\/strong> Le coup de foudre avait \u00e9t\u00e9 imm\u00e9diat, \u00e0 la grande surprise d&rsquo;Anne Le Nen qui, \u00e0 l&rsquo;\u00e9poque, ne s&rsquo;imaginait pas vivre une histoire d&rsquo;amour avec une femme. \u00ab\u00a0J\u2019ai tout de suite ressenti Muriel comme un membre de la famille. <strong>Quelque chose de fort nous a li\u00e9es instan\u00ad\u00adta\u00ad\u00adn\u00e9\u00ad\u00adment<\/strong><strong> <\/strong>. Pour\u00ad\u00adtant, \u00e0 cette \u00e9poque, je voulais vivre et construire avec un homme. <strong>Je n\u2019\u00e9tais pas encline \u00e0 une rela\u00ad\u00adtion avec une femme.<\/strong><strong> <\/strong><a href=\"https:\/\/www.gala.fr\/l_actu\/news_de_stars\/video-muriel-robin-je-ne-suis-pas-homosexuelle-ses-confidences-sur-sa-relation-avec-anne_421380\" rel=\"nofollow noopener\" target=\"_blank\">Muriel non plus d\u2019ailleurs<\/a>\u00ab\u00a0, avait-elle confi\u00e9 sur le plateau de Vivement dimanche en 2021. Mais les deux femmes se sont laiss\u00e9 une chance, et elles n&rsquo;ont jamais eu \u00e0 le regretter. Si bien qu&rsquo;apr\u00e8s un Pacs en d\u00e9cembre 2009, <a href=\"https:\/\/www.voici.fr\/celebrites\/info-voici-muriel-robin-mariee-lhumoriste-a-epouse-sa-compagne-anne-le-nen-698092\" rel=\"nofollow noopener\" target=\"_blank\">elles se sont mari\u00e9es le 20 f\u00e9vrier 2021 \u00e0 Rueil-Malmaison<\/a> devant une foule de stars.<\/p>\n<p>Pourquoi Muriel Robin et Anne Le Nen ont d\u00e9cid\u00e9 de d\u00e9m\u00e9nager \u00e0 Nice<\/p>\n<p>Quatre ans apr\u00e8s leur mariage, le bonheur est toujours au rendez-vous mais Muriel Robin et Anne Le Nen ont eu comme une envie de changement. En septembre 2024, <a href=\"https:\/\/www.voici.fr\/celebrites\/muriel-robin-et-anne-le-nen-annoncent-leur-nouveau-projet-tres-special-et-inattendu-789977\" rel=\"nofollow noopener\" target=\"_blank\">elles ont ainsi pris la d\u00e9cision de d\u00e9m\u00e9nager dans le Sud,<\/a> plus pr\u00e9cis\u00e9ment \u00e0 Nice, o\u00f9 elles se sont achet\u00e9 une belle maison. \u00ab\u00a0Avec Muriel, on avait une maison en Corse mais <strong>on commen\u00e7ait \u00e0 envisager autre chose et on a alors vu la photo de la maison ni\u00e7oise.<\/strong> Cela cochait toutes les cases : la nature, la randonn\u00e9e, la gastronomie, la mer, la montagne, le confort m\u00e9dical, l&rsquo;Italie proche, des amies, le restaurant, la facilit\u00e9 de faire des allers-retours avec Paris, etc..\u00a0\u00bb, explique Anne Le Nen dans les colonnes de <a href=\"https:\/\/www.nicematin.com\/people\/-ca-a-toujours-ete-un-peu-notre-envie-et-notre-reve-d-avoir-quelque-chose-professionnellement-ensemble-muriel-robin-et-anne-le-nen-les-azureennes-1001440\" rel=\"nofollow noopener\" target=\"_blank\">Nice-Matin<\/a>.<\/p>\n<p>De son c\u00f4t\u00e9, Muriel Robin y voit le lieu id\u00e9al pour \u00e9crire de potentiels futurs spectacles : \u00ab\u00a0<strong>Les gens sont diff\u00e9rents de Paris, plus authentiques, <\/strong>l&rsquo;offre culturelle est copieuse, on peut s&rsquo;\u00e9vader, se reposer et je fais un m\u00e9tier o\u00f9 j&rsquo;\u00e9cris beaucoup. Et, ici, c&rsquo;est sans doute un lieu parfait pour \u00e9crire, \u00e9crire ensemble notamment, avec l&rsquo;id\u00e9e peut-\u00eatre de remonter sur sc\u00e8ne. Je le dis souvent, il faut un peu de paradis pour \u00e9crire, et ici c&rsquo;est parfait parce qu&rsquo;on voit l&rsquo;horizon\u00a0\u00bb. Mais si les deux \u00e9pouses ont d\u00e9cid\u00e9 de s&rsquo;installer \u00e0 Nice,<strong> c&rsquo;est aussi parce qu&rsquo;elles viennent de se lancer dans un nouveau business !<\/strong><\/p>\n<p>Le nouveau business de Muriel Robin et Anne Le Nen<\/p>\n<p>Loin de leur carri\u00e8re dans les m\u00e9dias, Muriel Robin et Anne Le Nen ont une nouvelle ambition : celle de s&rsquo;imposer dans la restauration ! Aupr\u00e8s de Nice-Matin, elles r\u00e9v\u00e8lent ainsi avoir investi <strong>dans un \u00e9tablissement baptis\u00e9 <\/strong><strong>La Cantine de Jo<\/strong><strong> et situ\u00e9 rue Alexandre-Mari,<\/strong> non loin de la Promenade des Anglais. Un lieu que les deux femmes ont d\u00e9cor\u00e9 \u00e0 leur image, puisque <a href=\"https:\/\/www.voici.fr\/news-people\/mort-de-jean-paul-belmondo-ce-jour-ou-il-a-ete-humilie-au-festival-de-cannes-711884\" rel=\"nofollow noopener\" target=\"_blank\">sur les murs tr\u00f4nent des portraits de Jean-Paul Belmondo<\/a> ou encore de <a href=\"https:\/\/www.voici.fr\/bios-people\/jean-gabin\" data-link-people=\"0212624b-0a7b-4aa8-89f7-1b21e904828d\" rel=\"nofollow noopener\" target=\"_blank\">Jean Gabin<\/a>. Pour se lancer dans ce projet, elles se sont associ\u00e9es Jessica Nahon et ont d\u00e9j\u00e0 de grandes ambitions. \u00ab\u00a0<strong>\u00c7a a toujours \u00e9t\u00e9 un peu notre envie et notre r\u00eave d&rsquo;avoir quelque chose professionnellement ensemble\u00a0\u00bb, <\/strong>explique-t-elles \u00e0 Nice-Matin. Leur projet ? Faire de leur petit restaurant une franchise \u00e0 travers toute la France !<\/p>\n","protected":false},"excerpt":{"rendered":"Voil\u00e0 pr\u00e8s de vingt ans que Muriel Robin a rencontr\u00e9 la femme de sa vie, l&rsquo;actrice Anne Le&hellip;\n","protected":false},"author":2,"featured_media":384583,"comment_status":"","ping_status":"","sticky":false,"template":"","format":"standard","meta":{"footnotes":""},"categories":[2819],"tags":[1111,11,1777,674,1011,27,12,2401,882,25],"class_list":{"0":"post-384582","1":"post","2":"type-post","3":"status-publish","4":"format-standard","5":"has-post-thumbnail","7":"category-nice","8":"tag-actu","9":"tag-actualites","10":"tag-eu","11":"tag-europe","12":"tag-fr","13":"tag-france","14":"tag-news","15":"tag-nice","16":"tag-provence-alpes-cote-dazur","17":"tag-republique-francaise"},"share_on_mastodon":{"url":"https:\/\/pubeurope.com\/@fr\/115189796314562447","error":""},"_links":{"self":[{"href":"https:\/\/www.europesays.com\/fr\/wp-json\/wp\/v2\/posts\/384582","targetHints":{"allow":["GET"]}}],"collection":[{"href":"https:\/\/www.europesays.com\/fr\/wp-json\/wp\/v2\/posts"}],"about":[{"href":"https:\/\/www.europesays.com\/fr\/wp-json\/wp\/v2\/types\/post"}],"author":[{"embeddable":true,"href":"https:\/\/www.europesays.com\/fr\/wp-json\/wp\/v2\/users\/2"}],"replies":[{"embeddable":true,"href":"https:\/\/www.europesays.com\/fr\/wp-json\/wp\/v2\/comments?post=384582"}],"version-history":[{"count":0,"href":"https:\/\/www.europesays.com\/fr\/wp-json\/wp\/v2\/posts\/384582\/revisions"}],"wp:featuredmedia":[{"embeddable":true,"href":"https:\/\/www.europesays.com\/fr\/wp-json\/wp\/v2\/media\/384583"}],"wp:attachment":[{"href":"https:\/\/www.europesays.com\/fr\/wp-json\/wp\/v2\/media?parent=384582"}],"wp:term":[{"taxonomy":"category","embeddable":true,"href":"https:\/\/www.europesays.com\/fr\/wp-json\/wp\/v2\/categories?post=384582"},{"taxonomy":"post_tag","embeddable":true,"href":"https:\/\/www.europesays.com\/fr\/wp-json\/wp\/v2\/tags?post=384582"}],"curies":[{"name":"wp","href":"https:\/\/api.w.org\/{rel}","templated":true}]}}