{"id":384586,"date":"2025-09-12T06:00:17","date_gmt":"2025-09-12T06:00:17","guid":{"rendered":"https:\/\/www.europesays.com\/fr\/384586\/"},"modified":"2025-09-12T06:00:17","modified_gmt":"2025-09-12T06:00:17","slug":"le-succes-du-zenith-de-nantes-avec-plus-de-600-000-entrees-enregistrees","status":"publish","type":"post","link":"https:\/\/www.europesays.com\/fr\/384586\/","title":{"rendered":"Le succ\u00e8s du Z\u00e9nith de Nantes, avec plus de 600 000 entr\u00e9es enregistr\u00e9es ?"},"content":{"rendered":"<p><img decoding=\"async\" class=\"\" style=\"width:100%\" src=\"https:\/\/www.europesays.com\/fr\/wp-content\/uploads\/2025\/09\/Zenith_nantes1757654907152.jpg\" alt=\"Z\u00e9nith de Nantes M\u00e9tropole\"\/><\/p>\n<p>Z\u00e9nith de Nantes M\u00e9tropole<\/p>\n<p>Cr\u00e9dit : Dolor\u00e8s Charles<\/p>\n<p>La grande salle de Saint-Herblain pr\u00e8s de Nantes va sans doute terminer l\u2019ann\u00e9e \u00e0 plus de 630 000 spectateurs. Il faut dire qu\u2019\u00e0 lui seul le groupe Indochine a enregistr\u00e9 7 dates, mais la tendance \u00e0 Nantes semble meilleure qu\u2019ailleurs en France, et l\u2019ann\u00e9e \u00e0 venir s\u2019annonce tout aussi belle, selon Denis Turmel qui dirige le Z\u00e9nith de Nantes m\u00e9tropole.<\/p>\n<blockquote><p>\nIndochine, Florent Pagny&#8230; et les Tribute bands\n<\/p><\/blockquote>\n<p>\u00a0\u00bb L&rsquo;ann\u00e9e prochaine, il y a Florent Pagny (*) \u00e0 qui on avait mis 3 dates au d\u00e9but puis 4 et 5&#8230; Il y a des choses qui arrivent dont je ne peux pas parler parce que ce n&rsquo;est pas encore annonc\u00e9, mais des trucs \u00e9normes. Mais m\u00eame de plus petits spectacles, des Tributes Bands, par exemple, on se dit, \u00e7a va peser 3 000 et on arrive \u00e0 4 500-\u00a0 5 000 sur des Tribute Bands de Dire Straits ou de Pink Floyd, qui sont des cover-bands. Goldman, pareil, il y a une esp\u00e8ce d&rsquo;engouement. <\/p>\n<p>Le ph\u00e9nom\u00e8ne que je d\u00e9cris existe au niveau national. Apr\u00e8s <strong>les scores qui sont r\u00e9alis\u00e9s au Zenith de Nantes, du propre aveu des producteurs, sont un peu stratosph\u00e9riques.<\/strong> Je pense que le travail qui a \u00e9t\u00e9 entrepris avec les promoteurs locaux, et ce qu&rsquo;on a essay\u00e9 de faire au niveau de la qualit\u00e9 de l&rsquo;accueil du public, \u00e0 un moment donn\u00e9 vient s&rsquo;agglom\u00e9rer \u00e0 cette success story et les gens sont contents de venir et de revenir.\u00a0\u00bb<\/p>\n<p>En 2024, le Z\u00e9nith avait accueilli 580 700 spectateurs.<\/p>\n<p>Prochaine soir\u00e9e au Z\u00e9nith de Nantes, en partenariat avec Hit West, la <a href=\"https:\/\/hitwest.ouest-france.fr\/oz-ouest-la-soiree-des-talents-revient-au-zenith-de-nantes\" rel=\"noopener nofollow\" target=\"_blank\">soir\u00e9e \u00ab\u00a0Oz Ouest\u00a0\u00bb<\/a> du samedi 11 octobre.<\/p>\n<p>(*) \u00ab\u00a0Grandeur nature\u00a0\u00bb, un opus sign\u00e9 Florent Pagny. En r\u00e9mission d&rsquo;un cancer diagnostiqu\u00e9 en 2022, le chanteur a collabor\u00e9 notamment avec Marc Lavoine et Vianney.<\/p>\n<blockquote><p>\nLe grand retour d\u2019Ed Sheeran dans les bacs, avec \u00ab\u00a0Play\u00a0\u00bb\n<\/p><\/blockquote>\n<p>Ed Sheeran revient aujourd&rsquo;hui avec un album plus pop que les pr\u00e9c\u00e9dents, \u00ab\u00a0Play\u00a0\u00bb dont certains titres sont d\u00e9j\u00e0 des tubes, comme \u00ab\u00a0Azizam\u00a0\u00bb. Le futur parrain de la prochaine promotion de la \u00ab\u00a0Star Academy\u00a0\u00bb se produira \u00e0 Paris, le 1er d\u00e9cembre&#8230; et son prochain album \u00ab\u00a0Rewind\u00a0\u00bb est d\u00e9j\u00e0 quasi pr\u00eat.<\/p>\n","protected":false},"excerpt":{"rendered":"Z\u00e9nith de Nantes M\u00e9tropole Cr\u00e9dit : Dolor\u00e8s Charles La grande salle de Saint-Herblain pr\u00e8s de Nantes va sans&hellip;\n","protected":false},"author":2,"featured_media":384587,"comment_status":"","ping_status":"","sticky":false,"template":"","format":"standard","meta":{"footnotes":""},"categories":[2818],"tags":[1111,11,1697,1777,674,1011,27,873,766,12,2636,25,12177],"class_list":{"0":"post-384586","1":"post","2":"type-post","3":"status-publish","4":"format-standard","5":"has-post-thumbnail","7":"category-nantes","8":"tag-actu","9":"tag-actualites","10":"tag-concert","11":"tag-eu","12":"tag-europe","13":"tag-fr","14":"tag-france","15":"tag-musique","16":"tag-nantes","17":"tag-news","18":"tag-pays-de-la-loire","19":"tag-republique-francaise","20":"tag-zenith"},"share_on_mastodon":{"url":"https:\/\/pubeurope.com\/@fr\/115189804202540789","error":""},"_links":{"self":[{"href":"https:\/\/www.europesays.com\/fr\/wp-json\/wp\/v2\/posts\/384586","targetHints":{"allow":["GET"]}}],"collection":[{"href":"https:\/\/www.europesays.com\/fr\/wp-json\/wp\/v2\/posts"}],"about":[{"href":"https:\/\/www.europesays.com\/fr\/wp-json\/wp\/v2\/types\/post"}],"author":[{"embeddable":true,"href":"https:\/\/www.europesays.com\/fr\/wp-json\/wp\/v2\/users\/2"}],"replies":[{"embeddable":true,"href":"https:\/\/www.europesays.com\/fr\/wp-json\/wp\/v2\/comments?post=384586"}],"version-history":[{"count":0,"href":"https:\/\/www.europesays.com\/fr\/wp-json\/wp\/v2\/posts\/384586\/revisions"}],"wp:featuredmedia":[{"embeddable":true,"href":"https:\/\/www.europesays.com\/fr\/wp-json\/wp\/v2\/media\/384587"}],"wp:attachment":[{"href":"https:\/\/www.europesays.com\/fr\/wp-json\/wp\/v2\/media?parent=384586"}],"wp:term":[{"taxonomy":"category","embeddable":true,"href":"https:\/\/www.europesays.com\/fr\/wp-json\/wp\/v2\/categories?post=384586"},{"taxonomy":"post_tag","embeddable":true,"href":"https:\/\/www.europesays.com\/fr\/wp-json\/wp\/v2\/tags?post=384586"}],"curies":[{"name":"wp","href":"https:\/\/api.w.org\/{rel}","templated":true}]}}