{"id":384588,"date":"2025-09-12T06:01:12","date_gmt":"2025-09-12T06:01:12","guid":{"rendered":"https:\/\/www.europesays.com\/fr\/384588\/"},"modified":"2025-09-12T06:01:12","modified_gmt":"2025-09-12T06:01:12","slug":"le-commandant-schneider-tarascon-nouveau-patron-de-la-compagnie-de-gendarmerie-de-bouliac","status":"publish","type":"post","link":"https:\/\/www.europesays.com\/fr\/384588\/","title":{"rendered":"Le commandant Schneider-Tarascon, nouveau patron de la compagnie de gendarmerie de Bouliac"},"content":{"rendered":"<p>La compagnie de gendarmerie de Bouliac et ses 154 militaires sont d\u00e9sormais dirig\u00e9s par le chef d\u2019escadron Thomas Schneider-Tarascon. L\u2019officier arrive de Wallis-et-Futuna, o\u00f9 il \u00e9tait en fonction depuis quatre ans. Apr\u00e8s avoir s\u00e9journ\u00e9 au c\u0153ur de l\u2019oc\u00e9an Pacifique, le commandant Thomas Schneider-Tarascon prend donc la t\u00eate de la compagnie de Bouliac, o\u00f9 il a \u00e9t\u00e9 affect\u00e9 le 11\u00a0ao\u00fbt 2025. Quatre brigades territoriales, une brigade de recherche et un peloton de surveillance et d\u2019intervention sont sous son autorit\u00e9.<\/p>\n<p>\u00c2g\u00e9 de 43\u00a0ans, le chef d\u2019escadron Schneider-Tarascon a eu tr\u00e8s t\u00f4t la fibre militaire, par ADN familial\u00a0: il est l\u2019arri\u00e8re-petit-fils du lieutenant-colonel Caron, qui a command\u00e9 l\u2019\u00e9cole de gendarmerie de Mamers (Sarthe).<\/p>\n<p>\u00ab\u00a0Il fut arr\u00eat\u00e9 par la Gestapo le 9\u00a0octobre 1943, d\u00e9port\u00e9 en Allemagne, et a \u00e9t\u00e9 d\u00e9clar\u00e9 mort pour la France en 1945. La promotion de l\u2019\u00c9cole des officiers de la gendarmerie nationale, dont je suis issu, a pour parrain mon arri\u00e8re-grand-p\u00e8re.\u00a0\u00bb En digne h\u00e9ritier, les sabres de ses a\u00efeuls ne l\u2019ont jamais quitt\u00e9 au gr\u00e9 de ses affectations.<\/p>\n<p>Narcotrafic et cambriolages<\/p>\n<p>\u00c9l\u00e8ve gendarme en 2001, Thomas Schneider-Tarascon a gravi les \u00e9chelons. \u00ab\u00a0J\u2019ai exerc\u00e9 au sein des dominantes ordre public, s\u00e9curit\u00e9 publique, police judiciaire et dispose d\u2019une exp\u00e9rience diversifi\u00e9e des Outre-mer o\u00f9 j\u2019ai servi pendant treize ann\u00e9es.\u00a0\u00bb<\/p>\n<p>        <img decoding=\"async\" id=\"25889104\" src=\"https:\/\/www.europesays.com\/fr\/wp-content\/uploads\/2025\/09\/1757072217785.jpg\" alt=\"Le commandant et ses adjoints ont r\u00e9cemment rencontr\u00e9 les \u00e9lus de la Communaut\u00e9 de communes des Coteaux bordelais.\" itemprop=\"contentURL\"\/><\/p>\n<p>    Le commandant et ses adjoints ont r\u00e9cemment rencontr\u00e9 les \u00e9lus de la Communaut\u00e9 de communes des Coteaux bordelais.<\/p>\n<p>Gendarmerie nationale<\/p>\n<p>Enqu\u00eateur en unit\u00e9 territoriale en Guadeloupe, Thomas Schneider-Tarascon a \u00e9galement s\u00e9journ\u00e9 \u00e0 Mayotte o\u00f9 il \u00e9tait affect\u00e9 \u00e0 la Section de recherches. Bouliac est son troisi\u00e8me poste en m\u00e9tropole apr\u00e8s la gendarmerie mobile \u00e0 Toulouse (2002-2007) et la communaut\u00e9 de brigades de La\u00a0Suze-sur-Sarthe (2017-2021).<\/p>\n<p>Sur la rive droite girondine, le nouveau commandant de la compagnie de Bouliac entend \u00ab\u00a0\u00eatre au contact des \u00e9lus et de la population\u00a0\u00bb. Lutte contre le narcotrafic, les cambriolages et l\u2019ins\u00e9curit\u00e9 routi\u00e8re sont ses priorit\u00e9s.<\/p>\n<p>Le chef d\u2019escadron Schneider-Tarascon n\u2019a pas tard\u00e9 \u00e0 visiter son territoire et a rencontr\u00e9 r\u00e9cemment les \u00e9lus de la Communaut\u00e9 de communes des Coteaux bordelais. \u00ab\u00a0Ce premier contact a permis de pr\u00e9ciser les attentes de chacun et de dresser un \u00e9tat des lieux partag\u00e9 des perspectives en mati\u00e8re de coproduction de s\u00e9curit\u00e9.\u00a0\u00bb<\/p>\n","protected":false},"excerpt":{"rendered":"La compagnie de gendarmerie de Bouliac et ses 154 militaires sont d\u00e9sormais dirig\u00e9s par le chef d\u2019escadron Thomas&hellip;\n","protected":false},"author":2,"featured_media":384589,"comment_status":"","ping_status":"","sticky":false,"template":"","format":"standard","meta":{"footnotes":""},"categories":[2817],"tags":[1111,11,1997,1777,674,1011,27,12,2219,25],"class_list":{"0":"post-384588","1":"post","2":"type-post","3":"status-publish","4":"format-standard","5":"has-post-thumbnail","7":"category-bordeaux","8":"tag-actu","9":"tag-actualites","10":"tag-bordeaux","11":"tag-eu","12":"tag-europe","13":"tag-fr","14":"tag-france","15":"tag-news","16":"tag-nouvelle-aquitaine","17":"tag-republique-francaise"},"share_on_mastodon":{"url":"https:\/\/pubeurope.com\/@fr\/115189808113825230","error":""},"_links":{"self":[{"href":"https:\/\/www.europesays.com\/fr\/wp-json\/wp\/v2\/posts\/384588","targetHints":{"allow":["GET"]}}],"collection":[{"href":"https:\/\/www.europesays.com\/fr\/wp-json\/wp\/v2\/posts"}],"about":[{"href":"https:\/\/www.europesays.com\/fr\/wp-json\/wp\/v2\/types\/post"}],"author":[{"embeddable":true,"href":"https:\/\/www.europesays.com\/fr\/wp-json\/wp\/v2\/users\/2"}],"replies":[{"embeddable":true,"href":"https:\/\/www.europesays.com\/fr\/wp-json\/wp\/v2\/comments?post=384588"}],"version-history":[{"count":0,"href":"https:\/\/www.europesays.com\/fr\/wp-json\/wp\/v2\/posts\/384588\/revisions"}],"wp:featuredmedia":[{"embeddable":true,"href":"https:\/\/www.europesays.com\/fr\/wp-json\/wp\/v2\/media\/384589"}],"wp:attachment":[{"href":"https:\/\/www.europesays.com\/fr\/wp-json\/wp\/v2\/media?parent=384588"}],"wp:term":[{"taxonomy":"category","embeddable":true,"href":"https:\/\/www.europesays.com\/fr\/wp-json\/wp\/v2\/categories?post=384588"},{"taxonomy":"post_tag","embeddable":true,"href":"https:\/\/www.europesays.com\/fr\/wp-json\/wp\/v2\/tags?post=384588"}],"curies":[{"name":"wp","href":"https:\/\/api.w.org\/{rel}","templated":true}]}}