{"id":384590,"date":"2025-09-12T06:02:12","date_gmt":"2025-09-12T06:02:12","guid":{"rendered":"https:\/\/www.europesays.com\/fr\/384590\/"},"modified":"2025-09-12T06:02:12","modified_gmt":"2025-09-12T06:02:12","slug":"les-previsions-meteo-du-vendredi-12-septembre-a-bordeaux","status":"publish","type":"post","link":"https:\/\/www.europesays.com\/fr\/384590\/","title":{"rendered":"Les pr\u00e9visions m\u00e9t\u00e9o du vendredi 12 septembre \u00e0 Bordeaux"},"content":{"rendered":"<p>Aujourd\u2019hui, \u00e0 Bordeaux, pr\u00e9pare-toi \u00e0 une journ\u00e9e o\u00f9 le ciel jouera \u00e0 cache-cache avec les nuages. L\u2019\u00e9tat du ciel restera changeant, sans exc\u00e8s, avec des temp\u00e9ratures globalement proches des normales de saison.<\/p>\n<p style=\"font-size:16px\"><strong>Ce matin<\/strong>, la nuit laissera place \u00e0 un ciel qui se d\u00e9gage peu \u00e0 peu. Il fera <strong>15 \u00b0C<\/strong>, avec un ressenti l\u00e9g\u00e8rement plus frais \u00e0 14 \u00b0C. Le <strong>ciel sera tr\u00e8s nuageux<\/strong>, mais deviendra progressivement plus variable, et m\u00eame si un petit risque d\u2019averses persiste (20 %), il restera tr\u00e8s limit\u00e9.<\/p>\n<p style=\"font-size:16px\"><strong>L\u2019apr\u00e8s-midi<\/strong>, la <strong>couverture nuageuse dominera encore<\/strong>, mais de br\u00e8ves \u00e9claircies viendront \u00e9gayer l\u2019atmosph\u00e8re. Le mercure montera jusqu\u2019\u00e0 <strong>22 \u00b0C<\/strong>, ressenti 21 \u00b0C.<\/p>\n<p><img fetchpriority=\"high\" decoding=\"async\" width=\"1024\" height=\"576\" src=\"https:\/\/www.europesays.com\/fr\/wp-content\/uploads\/2025\/09\/nuageux-1-1024x576.png\" alt=\"\" class=\"wp-image-83435\" style=\"width:636px;height:auto\"  \/>Temps nuageux aujourd\u2019hui sur Bordeaux.<\/p>\n<p style=\"font-size:16px\">En <strong>soir\u00e9e<\/strong>, <strong>le ciel se d\u00e9gagera davantage<\/strong>, m\u00eame si les nuages resteront pr\u00e9sents par moments. Il fera autour de 18 \u00b0C, <strong>ressenti 17 \u00b0C<\/strong>, sous un vent d\u2019ouest \u00e0 10 km\/h, rafales 25 km\/h. Toujours aucun risque de pluie.<\/p>\n<p style=\"font-size:16px\">Enfin, <strong>la nuit<\/strong> sera tr\u00e8s nuageuse, mais ponctu\u00e9e de quelques \u00e9claircies bienvenues. Le thermom\u00e8tre affichera <strong>16 \u00b0C<\/strong>, ressenti 15 \u00b0C, dans une atmosph\u00e8re calme et s\u00e8che.<\/p>\n<p style=\"font-size:16px\">En r\u00e9sum\u00e9, une journ\u00e9e changeante, douce et sans pluie : id\u00e9ale pour profiter de Bordeaux sereinement.<\/p>\n<p style=\"font-size:16px\">\u00c0 lire aussi : <a href=\"https:\/\/www.bougerabordeaux.com\/sorties\/saut-en-parachute-pres-de-bordeaux-adrenaline-garantie\/\" target=\"_blank\" rel=\"noreferrer noopener nofollow\">Saut en parachute pr\u00e8s de Bordeaux, adr\u00e9naline garantie !<\/a><\/p>\n","protected":false},"excerpt":{"rendered":"Aujourd\u2019hui, \u00e0 Bordeaux, pr\u00e9pare-toi \u00e0 une journ\u00e9e o\u00f9 le ciel jouera \u00e0 cache-cache avec les nuages. L\u2019\u00e9tat du&hellip;\n","protected":false},"author":2,"featured_media":384591,"comment_status":"","ping_status":"","sticky":false,"template":"","format":"standard","meta":{"footnotes":""},"categories":[2817],"tags":[1111,11,1997,1777,674,1011,27,12,2219,25],"class_list":{"0":"post-384590","1":"post","2":"type-post","3":"status-publish","4":"format-standard","5":"has-post-thumbnail","7":"category-bordeaux","8":"tag-actu","9":"tag-actualites","10":"tag-bordeaux","11":"tag-eu","12":"tag-europe","13":"tag-fr","14":"tag-france","15":"tag-news","16":"tag-nouvelle-aquitaine","17":"tag-republique-francaise"},"share_on_mastodon":{"url":"https:\/\/pubeurope.com\/@fr\/115189812072458546","error":""},"_links":{"self":[{"href":"https:\/\/www.europesays.com\/fr\/wp-json\/wp\/v2\/posts\/384590","targetHints":{"allow":["GET"]}}],"collection":[{"href":"https:\/\/www.europesays.com\/fr\/wp-json\/wp\/v2\/posts"}],"about":[{"href":"https:\/\/www.europesays.com\/fr\/wp-json\/wp\/v2\/types\/post"}],"author":[{"embeddable":true,"href":"https:\/\/www.europesays.com\/fr\/wp-json\/wp\/v2\/users\/2"}],"replies":[{"embeddable":true,"href":"https:\/\/www.europesays.com\/fr\/wp-json\/wp\/v2\/comments?post=384590"}],"version-history":[{"count":0,"href":"https:\/\/www.europesays.com\/fr\/wp-json\/wp\/v2\/posts\/384590\/revisions"}],"wp:featuredmedia":[{"embeddable":true,"href":"https:\/\/www.europesays.com\/fr\/wp-json\/wp\/v2\/media\/384591"}],"wp:attachment":[{"href":"https:\/\/www.europesays.com\/fr\/wp-json\/wp\/v2\/media?parent=384590"}],"wp:term":[{"taxonomy":"category","embeddable":true,"href":"https:\/\/www.europesays.com\/fr\/wp-json\/wp\/v2\/categories?post=384590"},{"taxonomy":"post_tag","embeddable":true,"href":"https:\/\/www.europesays.com\/fr\/wp-json\/wp\/v2\/tags?post=384590"}],"curies":[{"name":"wp","href":"https:\/\/api.w.org\/{rel}","templated":true}]}}