{"id":384592,"date":"2025-09-12T06:03:11","date_gmt":"2025-09-12T06:03:11","guid":{"rendered":"https:\/\/www.europesays.com\/fr\/384592\/"},"modified":"2025-09-12T06:03:11","modified_gmt":"2025-09-12T06:03:11","slug":"il-sillonne-loccitanie-a-velo-pour-les-enfants-hospitalises","status":"publish","type":"post","link":"https:\/\/www.europesays.com\/fr\/384592\/","title":{"rendered":"Il sillonne l\u2019Occitanie \u00e0 v\u00e9lo pour les enfants hospitalis\u00e9s"},"content":{"rendered":"<p>\n\t\t\t\t\tSoutenu par le Rotary et les associations H\u00f4pital Sourire et Passion V\u00e9lo, il transforme son d\u00e9fi sportif en une aventure solidaire baptis\u00e9e la grande boucle du sourire. \u00bb\t\t\t\t<\/p>\n<p>Depuis le 26 ao\u00fbt, Philippe Sudres, Lotois, sillonne les routes d\u2019Occitanie \u00e0 v\u00e9lo. Un d\u00e9fi sportif doubl\u00e9 d\u2019une aventure solidaire, puisque le but ultime de ce p\u00e9riple de 2000 kilom\u00e8tres est de r\u00e9colter des fonds pour les h\u00f4pitaux d\u2019enfants. Une noble cause intitul\u00e9e \u00ab la grande boucle du sourire \u00bb, port\u00e9e en partenariat avec le Rotary et les associations\u00a0H\u00f4pital Sourire\u00a0et\u00a0Passion V\u00e9lo.<\/p>\n<p><strong>Une action largement financ\u00e9e par le Rotary<\/strong><\/p>\n<p>Le 8 septembre dernier, Philippe Sudres avait d\u00e9j\u00e0 aval\u00e9 1 000 kilom\u00e8tres sur son v\u00e9lo. En \u00e9tape \u00e0 Tarascon-sur-Ari\u00e8ge, le cycliste n\u2019a pas seulement marqu\u00e9 une pause, il a aussi port\u00e9 haut le message qui l\u2019anime. Re\u00e7u par le maire de la ville Alain Sutra, Xavier Fuentes, pr\u00e9sident du Rotary Club du comt\u00e9 de Foix, et Christian Eychenne rotarien et membre du district 1700, il a rappel\u00e9 l\u2019importance de son engagement solidaire : \u00ab L\u2019objectif, c\u2019est apporter un peu de douceur \u00e0 l\u2019h\u00f4pital , explique-t-il. Que ce soit pour les enfants ou pour nos a\u00een\u00e9s, on finance\u00a0via les dons r\u00e9colt\u00e9s des animations musicales, \u00e9ducatives, culturelles\u2026 Des moments de bonheur qui aident \u00e0 traverser l\u2019\u00e9preuve de l\u2019hospitalisation, parfois tr\u00e8s lourde. \u00bb.\u00a0<\/p>\n<p><img fetchpriority=\"high\" decoding=\"async\" width=\"1170\" height=\"1170\" src=\"https:\/\/www.europesays.com\/fr\/wp-content\/uploads\/2025\/09\/20250908_162311-1-1170x1170.webp.webp\" alt=\"\" class=\"wp-image-46184\"  \/><\/p>\n<p>Dans le cadre de son tour d\u2019Occitanie, le b\u00e9n\u00e9vole\u00a0b\u00e9n\u00e9ficie du soutien de ses amis rotariens.\u00a0\u00ab\u00a0Ils m\u2019aident pour l\u2019h\u00e9bergement, la logistique et surtout par leur g\u00e9n\u00e9rosit\u00e9 envers cette action. Ils me permettent \u00e9galement de mettre en lumi\u00e8re les actions\u00a0\u2018d\u2019H\u00f4pital Sourire\u2019. \u00bb<\/p>\n<p><strong>Un film et l\u2019am\u00e9nagement d\u2019une ludoth\u00e8que d\u00e9j\u00e0 financ\u00e9s<\/strong><\/p>\n<p>N\u00e9e en 2020, l\u2019initiative a d\u00e9j\u00e0 permis de collecter 41 300 euros lors des pr\u00e9c\u00e9dents tours. Des fonds int\u00e9gralement revers\u00e9s \u00e0 l\u2019association \u00ab H\u00f4pital Sourire \u00bb, qui ont permis de financer entre autres, la r\u00e9alisation d\u2019un film pour enfants,\u00a0 ainsi que l\u2019am\u00e9nagement d\u2019une ludoth\u00e8que. Philippe Sudres poursuit son p\u00e9riple en Ari\u00e8ge, cap sur Salies-du-Salat avant de rejoindre Bagn\u00e8res-de-Luchon puis d\u2019autres \u00e9tapes pyr\u00e9n\u00e9ennes. <\/p>\n<p><img loading=\"lazy\" decoding=\"async\" width=\"750\" height=\"685\" src=\"https:\/\/www.europesays.com\/fr\/wp-content\/uploads\/2025\/09\/ph-sudres-1.webp.webp\" alt=\"\" class=\"wp-image-46186\"\/><\/p>\n<p>L\u2019aventure se terminera le 22 septembre \u00e0 Cahors, o\u00f9 il bouclera cette grande boucle solidaire. Plac\u00e9e sous le parrainage prestigieux de la championne cycliste Val\u00e9rie Fignon et de l\u2019ancien international de rugby Vincent Clerc, l\u2019\u00e9dition 2025 donne une nouvelle ampleur \u00e0 l\u2019initiative. Le public peut suivre son parcours en temps r\u00e9el et soutenir la cause en effectuant un don sur :\u00a0<a href=\"http:\/\/lagrandeboucledessourires.fr\/\" target=\"_blank\" rel=\"noreferrer noopener nofollow\">lagrandeboucledessourires.fr<\/a>\u00a0<\/p>\n","protected":false},"excerpt":{"rendered":"Soutenu par le Rotary et les associations H\u00f4pital Sourire et Passion V\u00e9lo, il transforme son d\u00e9fi sportif en&hellip;\n","protected":false},"author":2,"featured_media":384593,"comment_status":"","ping_status":"","sticky":false,"template":"","format":"standard","meta":{"footnotes":""},"categories":[2816],"tags":[1111,11,51733,207,1777,674,1011,27,12,2680,51734,49692,25,51735,2312],"class_list":{"0":"post-384592","1":"post","2":"type-post","3":"status-publish","4":"format-standard","5":"has-post-thumbnail","7":"category-toulouse","8":"tag-actu","9":"tag-actualites","10":"tag-association-hopital-sourire","11":"tag-cyclisme","12":"tag-eu","13":"tag-europe","14":"tag-fr","15":"tag-france","16":"tag-news","17":"tag-occitanie","18":"tag-passion-velo","19":"tag-philippe-sudres","20":"tag-republique-francaise","21":"tag-rotary","22":"tag-toulouse"},"share_on_mastodon":{"url":"https:\/\/pubeurope.com\/@fr\/115189816037581170","error":""},"_links":{"self":[{"href":"https:\/\/www.europesays.com\/fr\/wp-json\/wp\/v2\/posts\/384592","targetHints":{"allow":["GET"]}}],"collection":[{"href":"https:\/\/www.europesays.com\/fr\/wp-json\/wp\/v2\/posts"}],"about":[{"href":"https:\/\/www.europesays.com\/fr\/wp-json\/wp\/v2\/types\/post"}],"author":[{"embeddable":true,"href":"https:\/\/www.europesays.com\/fr\/wp-json\/wp\/v2\/users\/2"}],"replies":[{"embeddable":true,"href":"https:\/\/www.europesays.com\/fr\/wp-json\/wp\/v2\/comments?post=384592"}],"version-history":[{"count":0,"href":"https:\/\/www.europesays.com\/fr\/wp-json\/wp\/v2\/posts\/384592\/revisions"}],"wp:featuredmedia":[{"embeddable":true,"href":"https:\/\/www.europesays.com\/fr\/wp-json\/wp\/v2\/media\/384593"}],"wp:attachment":[{"href":"https:\/\/www.europesays.com\/fr\/wp-json\/wp\/v2\/media?parent=384592"}],"wp:term":[{"taxonomy":"category","embeddable":true,"href":"https:\/\/www.europesays.com\/fr\/wp-json\/wp\/v2\/categories?post=384592"},{"taxonomy":"post_tag","embeddable":true,"href":"https:\/\/www.europesays.com\/fr\/wp-json\/wp\/v2\/tags?post=384592"}],"curies":[{"name":"wp","href":"https:\/\/api.w.org\/{rel}","templated":true}]}}