{"id":384594,"date":"2025-09-12T06:04:11","date_gmt":"2025-09-12T06:04:11","guid":{"rendered":"https:\/\/www.europesays.com\/fr\/384594\/"},"modified":"2025-09-12T06:04:11","modified_gmt":"2025-09-12T06:04:11","slug":"carte-scolaire-a-toulouse-nous-parents-disons-non-a-la-fermeture-dune-classe-la-colere-des-parents-deleves-de-lecole-maternelle-buffon","status":"publish","type":"post","link":"https:\/\/www.europesays.com\/fr\/384594\/","title":{"rendered":"Carte scolaire \u00e0 Toulouse\u00a0: \u00ab\u00a0Nous, parents, disons non \u00e0 la fermeture d\u2019une classe\u00a0\u00bb, la col\u00e8re des parents d\u2019\u00e9l\u00e8ves de l\u2019\u00e9cole maternelle Buffon"},"content":{"rendered":"<p>\n                                                                    l&rsquo;essentiel<br \/>\n                                                                Une cinquantaine de parents d\u2019\u00e9l\u00e8ves se sont mobilis\u00e9s, jeudi 11\u00a0septembre, devant l\u2019\u00e9cole maternelle Buffon, dans le quartier Lafourguette \u00e0 Toulouse, pour tenter d\u2019\u00e9viter la fermeture d\u2019une classe. L\u2019inspection acad\u00e9mique de la Haute-Garonne a en effet d\u00e9cid\u00e9 de fermer une dizaine de classes alors que la rentr\u00e9e a d\u00e9j\u00e0 eu lieu.\n                            <\/p>\n<p>Des fermetures de classes dans certaines \u00e9coles toulousaines dix jours apr\u00e8s la rentr\u00e9e\u00a0? C\u2019est le choix qui n\u2019est pas courant fait par la direction acad\u00e9mique des services de l\u2019\u00e9ducation nationale (Dasen) de la Haute-Garonne. La d\u00e9cision sera prise lors du conseil d\u00e9partemental de l\u2019\u00e9ducation nationale (CDEN), qui fixe la carte scolaire du d\u00e9partement (ouvertures et fermetures de classes), qui se tiendra le 15\u00a0septembre apr\u00e8s avoir \u00e9t\u00e9 report\u00e9. Dans la foul\u00e9e de ce CDEN d\u2019ajustements, le nouveau Dasen\u00a0Christian\u00a0Mendiv\u00e9, qui remplace Arnaud Leclerc, organisera une conf\u00e9rence de presse.<\/p>\n<p>89 classes ferm\u00e9es au total<\/p>\n<p>\u00ab\u00a0Au regard des seuils habituels et des capacit\u00e9s d\u2019accueil, 89 classes pourraient \u00eatre ferm\u00e9es, sur 84 \u00e9coles dans lesquelles il reste entre 29 et 64 places, a-t-on indiqu\u00e9 r\u00e9cemment au rectorat.\u00a0Les quelques mesures de fermeture propos\u00e9es se feront sur des \u00e9coles ou des r\u00e9seaux d\u2019\u00e9coles o\u00f9 la capacit\u00e9 d\u2019accueil reste tr\u00e8s importante, et o\u00f9 le taux d\u2019encadrement apr\u00e8s fermeture reste favorable.\u00a0La r\u00e9organisation p\u00e9dagogique se fera avec l\u2019accompagnement et le soutien de l\u2019inspecteur et des \u00e9quipes de circonscription\u00a0\u00bb.<\/p>\n<p>\u00ab\u00a0Une d\u00e9cision incompr\u00e9hensible\u00a0\u00bb<\/p>\n<p>Des mesures qui ne r\u00e9jouissent pas vraiment les parents d\u2019\u00e9l\u00e8ves de plusieurs \u00e9coles concern\u00e9es par des fermetures de classes. C\u2019est notamment le cas de l\u2019\u00e9cole maternelle Buffon, dans le quartier Lafourguette \u00e0 Toulouse, o\u00f9 une cinquantaine de parents se sont mobilis\u00e9s pour dire \u00ab\u00a0non\u00a0\u00bb, jeudi 11\u00a0septembre. \u00ab\u00a0La rentr\u00e9e vient \u00e0 peine de commencer, et d\u00e9j\u00e0 nos enfants doivent faire face \u00e0 une d\u00e9cision incompr\u00e9hensible, d\u00e9noncent les repr\u00e9sentants de parents d\u2019\u00e9l\u00e8ves. Le rectorat annonce la fermeture d\u2019une classe d\u00e8s la semaine prochaine \u00e0 l\u2019\u00e9cole maternelle\u00a0Buffon (REP +), \u00e0 Toulouse, soit deux semaines seulement apr\u00e8s la rentr\u00e9e\u00a0\u00bb.<\/p>\n<p>\u00ab\u00a0Une rupture brutale du lien avec la ma\u00eetresse\u00a0\u00bb<\/p>\n<p>Pour les parents d\u2019\u00e9l\u00e8ves, une telle situation aura des r\u00e9percussions sur le moral des \u00e9l\u00e8ves. \u00ab\u00a0Cela veut dire une rupture brutale du lien avec leur ma\u00eetresse, alors que la rentr\u00e9e est d\u00e9j\u00e0 un moment d\u00e9licat \u00e0 vivre. Des classes surcharg\u00e9es, avec 25 petits de 3 \u00e0 5 ans dans la m\u00eame salle dans une \u00e9cole en REP +\u00a0o\u00f9 les apprentissages sont souvent fragiles et longs. Et moins d\u2019attention pour chaque enfant, alors que ce sont leurs toutes premi\u00e8res ann\u00e9es de scolarit\u00e9\u00a0\u00bb.<\/p>\n<p>\u00ab\u00a0Une mesure in\u00e9dite\u00a0\u00bb, selon les syndicats enseignants<\/p>\n<p>Pour le syndicat enseignant du 1er degr\u00e9, la d\u00e9cision de fermer des classes en d\u00e9but d\u2019ann\u00e9e est in\u00e9dite. \u00ab\u00a0Sans r\u00e9serve de poste en cette phase d\u2019ajustement de rentr\u00e9e, la DSDEN fait le choix de fermer 8 classes suppl\u00e9mentaires dans notre d\u00e9partement apr\u00e8s la rentr\u00e9e scolaire. Cette mesure in\u00e9dite dans notre d\u00e9partement va balayer tout le travail initi\u00e9 dans ces \u00e9coles en ce d\u00e9but d\u2019ann\u00e9e et contraindre les \u00e9quipes \u00e0 r\u00e9organiser l\u2019ensemble de la structure p\u00e9dagogique une semaine seulement apr\u00e8s la rentr\u00e9e\u00a0\u00bb.<\/p>\n","protected":false},"excerpt":{"rendered":"l&rsquo;essentiel Une cinquantaine de parents d\u2019\u00e9l\u00e8ves se sont mobilis\u00e9s, jeudi 11\u00a0septembre, devant l\u2019\u00e9cole maternelle Buffon, dans le quartier&hellip;\n","protected":false},"author":2,"featured_media":384595,"comment_status":"","ping_status":"","sticky":false,"template":"","format":"standard","meta":{"footnotes":""},"categories":[2816],"tags":[1111,11,1777,674,1011,27,12,2680,25,2312],"class_list":{"0":"post-384594","1":"post","2":"type-post","3":"status-publish","4":"format-standard","5":"has-post-thumbnail","7":"category-toulouse","8":"tag-actu","9":"tag-actualites","10":"tag-eu","11":"tag-europe","12":"tag-fr","13":"tag-france","14":"tag-news","15":"tag-occitanie","16":"tag-republique-francaise","17":"tag-toulouse"},"share_on_mastodon":{"url":"https:\/\/pubeurope.com\/@fr\/115189820161353406","error":""},"_links":{"self":[{"href":"https:\/\/www.europesays.com\/fr\/wp-json\/wp\/v2\/posts\/384594","targetHints":{"allow":["GET"]}}],"collection":[{"href":"https:\/\/www.europesays.com\/fr\/wp-json\/wp\/v2\/posts"}],"about":[{"href":"https:\/\/www.europesays.com\/fr\/wp-json\/wp\/v2\/types\/post"}],"author":[{"embeddable":true,"href":"https:\/\/www.europesays.com\/fr\/wp-json\/wp\/v2\/users\/2"}],"replies":[{"embeddable":true,"href":"https:\/\/www.europesays.com\/fr\/wp-json\/wp\/v2\/comments?post=384594"}],"version-history":[{"count":0,"href":"https:\/\/www.europesays.com\/fr\/wp-json\/wp\/v2\/posts\/384594\/revisions"}],"wp:featuredmedia":[{"embeddable":true,"href":"https:\/\/www.europesays.com\/fr\/wp-json\/wp\/v2\/media\/384595"}],"wp:attachment":[{"href":"https:\/\/www.europesays.com\/fr\/wp-json\/wp\/v2\/media?parent=384594"}],"wp:term":[{"taxonomy":"category","embeddable":true,"href":"https:\/\/www.europesays.com\/fr\/wp-json\/wp\/v2\/categories?post=384594"},{"taxonomy":"post_tag","embeddable":true,"href":"https:\/\/www.europesays.com\/fr\/wp-json\/wp\/v2\/tags?post=384594"}],"curies":[{"name":"wp","href":"https:\/\/api.w.org\/{rel}","templated":true}]}}