{"id":384601,"date":"2025-09-12T06:08:23","date_gmt":"2025-09-12T06:08:23","guid":{"rendered":"https:\/\/www.europesays.com\/fr\/384601\/"},"modified":"2025-09-12T06:08:23","modified_gmt":"2025-09-12T06:08:23","slug":"municipales-la-droite-lance-sa-campagne-avec-romain-simmarano-du-collectif-une-generation-pour-marseille","status":"publish","type":"post","link":"https:\/\/www.europesays.com\/fr\/384601\/","title":{"rendered":"Municipales: la droite lance sa campagne, avec Romain Simmarano, du collectif Une G\u00e9n\u00e9ration pour Marseille"},"content":{"rendered":"<p>La droite marseillaise lance sa campagne des municipales ce samedi aux Halles de la Major. \u00ab\u00a0Tous unis sous les m\u00eames couleurs\u00a0!\u00a0\u00bb, c&rsquo;est le slogan. Mais avec quel programme et quel candidat\u00a0? Romain Simmarano, pr\u00e9sident du colelctif Une G\u00e9n\u00e9ration pour Marseille, est invit\u00e9 sur ICI Provence.<\/p>\n<p>La droite marseillaise organise ses universit\u00e9s d&rsquo;\u00e9t\u00e9 ce week-end, avec le lancement de sa campagne aux Halles de la Major (samedi).<br \/>Rassembl\u00e9s,\u00a0Cap sur l&rsquo;Avenir (Renaud Muselier), Marseille Provence Unie (Martine Vassal) et Une G\u00e9n\u00e9ration pour Marseille (Romain Simmarano) sont r\u00e9unis pour ce rendez-vous.<\/p>\n<p>\u00ab\u00a0Tous unis sous les m\u00eames couleurs\u00a0!\u00a0\u00bb C\u2019est le slogan de rentr\u00e9e de la droite marseillaise, \u00e0 six mois des \u00e9lections municipales.<\/p>\n<p>Mais pour l&rsquo;instant c&rsquo;est sans le chirurgien marseillais Fr\u00e9d\u00e9ric Collard (DVD), pressenti en 2020 pour \u00eatre le 1er adjoint de Martine Vassal en cas de victoire, d\u00e9sormais candidat d\u00e9clar\u00e9 de son c\u00f4t\u00e9.<\/p>\n<p>\u25baQuel programme\u00a0? Quel candidat surtout pour la droite marseillaise\u00a0? Invit\u00e9 sur ICI Provence,\u00a0<strong>Romain Simmarano<\/strong>, pr\u00e9sident du colelctif Une G\u00e9n\u00e9ration pour Marseille.<\/p>\n","protected":false},"excerpt":{"rendered":"La droite marseillaise lance sa campagne des municipales ce samedi aux Halles de la Major. \u00ab\u00a0Tous unis sous&hellip;\n","protected":false},"author":2,"featured_media":384602,"comment_status":"","ping_status":"","sticky":false,"template":"","format":"standard","meta":{"footnotes":""},"categories":[2814],"tags":[1111,11,1777,674,1011,27,884,12,882,25],"class_list":{"0":"post-384601","1":"post","2":"type-post","3":"status-publish","4":"format-standard","5":"has-post-thumbnail","7":"category-marseille","8":"tag-actu","9":"tag-actualites","10":"tag-eu","11":"tag-europe","12":"tag-fr","13":"tag-france","14":"tag-marseille","15":"tag-news","16":"tag-provence-alpes-cote-dazur","17":"tag-republique-francaise"},"share_on_mastodon":{"url":"https:\/\/pubeurope.com\/@fr\/115189835610509819","error":""},"_links":{"self":[{"href":"https:\/\/www.europesays.com\/fr\/wp-json\/wp\/v2\/posts\/384601","targetHints":{"allow":["GET"]}}],"collection":[{"href":"https:\/\/www.europesays.com\/fr\/wp-json\/wp\/v2\/posts"}],"about":[{"href":"https:\/\/www.europesays.com\/fr\/wp-json\/wp\/v2\/types\/post"}],"author":[{"embeddable":true,"href":"https:\/\/www.europesays.com\/fr\/wp-json\/wp\/v2\/users\/2"}],"replies":[{"embeddable":true,"href":"https:\/\/www.europesays.com\/fr\/wp-json\/wp\/v2\/comments?post=384601"}],"version-history":[{"count":0,"href":"https:\/\/www.europesays.com\/fr\/wp-json\/wp\/v2\/posts\/384601\/revisions"}],"wp:featuredmedia":[{"embeddable":true,"href":"https:\/\/www.europesays.com\/fr\/wp-json\/wp\/v2\/media\/384602"}],"wp:attachment":[{"href":"https:\/\/www.europesays.com\/fr\/wp-json\/wp\/v2\/media?parent=384601"}],"wp:term":[{"taxonomy":"category","embeddable":true,"href":"https:\/\/www.europesays.com\/fr\/wp-json\/wp\/v2\/categories?post=384601"},{"taxonomy":"post_tag","embeddable":true,"href":"https:\/\/www.europesays.com\/fr\/wp-json\/wp\/v2\/tags?post=384601"}],"curies":[{"name":"wp","href":"https:\/\/api.w.org\/{rel}","templated":true}]}}